{"id":17540,"date":"2022-04-11T15:56:57","date_gmt":"2022-04-11T13:56:57","guid":{"rendered":"https:\/\/www.compagniadisanpaolo.it\/?p=17540"},"modified":"2022-04-11T15:56:57","modified_gmt":"2022-04-11T13:56:57","slug":"presentato-lo-studio-di-fattibilita-ri-abitare-venaria","status":"publish","type":"post","link":"https:\/\/www.compagniadisanpaolo.it\/it\/news\/presentato-lo-studio-di-fattibilita-ri-abitare-venaria\/","title":{"rendered":"Presentato lo Studio di fattibilit\u00e0 Ri-abitare Venaria"},"content":{"rendered":"<div class=\"wpb-content-wrapper\">[vc_row][vc_column][vc_column_text el_class=&#8221;text-headline2&#8243;]Un programma di rigenerazione urbana che prevede una serie di azioni finalizzate al miglioramento e ampliamento dell&#8217;offerta di servizi per l&#8217;abitare e per il vivere la Citt\u00e0 di Venaria Reale nato grazie alla partecipazione al bando &#8220;Prospettive Urbane&#8221; della Fondazione Compagnia di San Paolo.[\/vc_column_text][\/vc_column][\/vc_row][vc_row][vc_column][vc_column_text]\n<div class=\"info-box mission\">\n\t\t<div class=\"info-box-wrap info-box-hor row pb-0\">\n\n\t\t      \n\t\t      <div class=\"spalla col-12 col-md-12\">\n\t\t\t<div class=\"info-box sharing-box\">\n\t\t\t  <span class=\"label\">Condividi:<\/span>\n\t\t\t  <div class=\"social-sharing\">\n\t\t\t    <span class=\"box\">\n\t\t\t      <a class=\"fb\" href=\"https:\/\/www.facebook.com\/sharer.php?u=https:\/\/www.compagniadisanpaolo.it\/it\/news\/presentato-lo-studio-di-fattibilita-ri-abitare-venaria\/\" target=\"_blank\">\n\t\t\t\t<span class=\"sr-only\">Facebook<\/span>\n\t\t\t\t<i class=\"fab fa-facebook-f\"><\/i>\n\t\t\t      <\/a>\n\t\t\t    <\/span>\n\t\t\t    \n\t\t\t    <style>\n.twitter, .twitter:hover{\ncolor:#000000 !important;}\n<\/style>\n\n\n\t\t\t    <span class=\"box\">\n\t\t\t      <a class=\"twitter\" href=\"https:\/\/twitter.com\/intent\/tweet?url=https:\/\/www.compagniadisanpaolo.it\/it\/news\/presentato-lo-studio-di-fattibilita-ri-abitare-venaria\/\">\n\t\t\t\t<span class=\"sr-only\">Twitter<\/span>\n\t\t\t\t<i class=\"fa-brands fa-x-twitter\"><\/i>\n\t\t\t      <\/a>\n\t\t\t    <\/span>\n\n\t\t\t    \n\t\t\t    <span class=\"box\">\n\t\t\t      <a class=\"linkedin\" href=\"https:\/\/www.linkedin.com\/shareArticle?mini=true&url=https:\/\/www.compagniadisanpaolo.it\/it\/news\/presentato-lo-studio-di-fattibilita-ri-abitare-venaria\/\">\n\t\t\t\t<span class=\"sr-only\">Linkedin<\/span>\n\t\t\t\t  <i class=\"fa-brands fa-linkedin-in\"><\/i>\n\t\t\t      <\/a>\n\t\t\t    <\/span>\n\n\t\t\t    <span class=\"box\">\n\t\t\t      <a class=\"whatsapp\" href=\"whatsapp:\/\/send?text=https:\/\/www.compagniadisanpaolo.it\/it\/news\/presentato-lo-studio-di-fattibilita-ri-abitare-venaria\/\" data-action=\"share\/whatsapp\/share\">\n\t\t\t\t<span class=\"sr-only\">Whatsapp<\/span>\n\t\t\t\t<i class=\"fa-brands fa-whatsapp\"><\/i>\n\t\t\t      <\/a>\n\t\t\t    <\/span>\n\n\t\t\t    <span class=\"box\">\n\t\t\t      <a class=\"mail\" href=\"mailto:?subject=Presentato lo Studio di fattibilit\u00e0 Ri-abitare Venaria&body=https:\/\/www.compagniadisanpaolo.it\/it\/news\/presentato-lo-studio-di-fattibilita-ri-abitare-venaria\/\">\n\t\t\t\t<span class=\"sr-only\">Mail<\/span>\n\t\t\t\t <i class=\"fa-solid fa-envelope\"><\/i>\n\t\t\t      <\/a>\n\t\t\t    <\/span>\n\t\t\t    \n\t\t\t  <\/div>\n\t\t\t<\/div>\n\t      <\/div>\n\t    <\/div><\/div>\n[\/vc_column_text][\/vc_column][\/vc_row][vc_row][vc_column width=&#8221;1\/4&#8243;][vc_column_text]\n\n\n\t\t<div class=\"info-box-wrap\">\n\n\t  <div class=\"info-box date-pub\">\n\t  \t<span class=\"label\">Data di pubblicazione:<\/span>\n\t    <span class=\"value\">11 Aprile 2022<\/span>\n\t  <\/div>\n\t\t\t\t  <div class=\"info-box obj-people\">\n\t\t\t\t\t  <div class=\"info-box obj\"><span class=\"label\">Obiettivo<\/span>\n\t\t\t\t\t    <div class=\"obj-small-box\">\n\t\t\t\t\t      <span>Persone.<\/span>\n\t\t\t\t\t    <\/div>\n\t\t\t\t\t  <\/div>\n\t\t\t\t  <\/div>\n\t\t\t  <div class=\"info-box mission\"><span class=\"label\">Tag<\/span><a href=\"https:\/\/www.compagniadisanpaolo.it\/it\/tags\/risultati\/?_sft_post_tag=capitale-sociale\" class=\"tag-element\">Capitale sociale<\/a><a href=\"https:\/\/www.compagniadisanpaolo.it\/it\/tags\/risultati\/?_sft_post_tag=conservazione-del-patrimonio\" class=\"tag-element\">Conservazione del patrimonio<\/a><a href=\"https:\/\/www.compagniadisanpaolo.it\/it\/tags\/risultati\/?_sft_post_tag=rigenerazione-territoriale\" class=\"tag-element\">Rigenerazione territoriale<\/a><a href=\"https:\/\/www.compagniadisanpaolo.it\/it\/tags\/risultati\/?_sft_post_tag=rigenerazione-urbana\" class=\"tag-element\">Rigenerazione urbana<\/a><a href=\"https:\/\/www.compagniadisanpaolo.it\/it\/tags\/risultati\/?_sft_post_tag=sviluppo-organizzativo\" class=\"tag-element\">Sviluppo organizzativo<\/a><\/div>\t  \n\t<\/div>\n[\/vc_column_text][\/vc_column][vc_column width=&#8221;3\/4&#8243; el_class=&#8221;page-content&#8221;][vc_column_text el_class=&#8221;text&#8221;]Realizzato dalla <strong>Citt\u00e0 di Venaria Reale<\/strong> con il supporto di <strong>Fondazione Fitzcarraldo<\/strong> e di <strong>Sinloc &#8211; Sistema Iniziative Locali S.p.A.<\/strong>, lo <strong>Studio di fattibilit\u00e0 di rigenerazione urbana Ri-abitare Venaria<\/strong> \u00e8 un programma di <strong>rigenerazione urbana<\/strong> che prevede un insieme organico di <strong>azioni finalizzate al miglioramento<\/strong> e <strong>ampliamento<\/strong> dell&#8217;offerta di <strong>servizi per l&#8217;abitare<\/strong> e <strong>per il vivere la Citt\u00e0 di Venaria Reale<\/strong>.<\/p>\n<p>Nato grazie alla partecipazione al <a href=\"https:\/\/www.compagniadisanpaolo.it\/it\/contributi\/prospettive-urbane-studi-di-fattibilita-per-la-rigenerazione-urbana\/\" target=\"_blank\" rel=\"noopener\"><strong>Bando Prospettive Urbane. Studi di fattibilit\u00e0 per la rigenerazione urbana<\/strong><\/a>, promosso dalla <strong>Fondazione Compagnia di San Paolo<\/strong>, lo studio prospetta un <strong>programma di ampio respiro volto a valorizzare, curare e riqualificare il tessuto urbano<\/strong>, oltre che ad attivare un ampio partenariato cittadino e risorse provenienti da diverse fonti di finanziamento.<\/p>\n<p>\u201cPer la Fondazione Compagnia di San Paolo la rigenerazione urbana rappresenta una dimensione chiave per favorire i processi di inclusione sociale, promuovendo progetti che rappresentano un\u2019opportunit\u00e0 di trasformazione del territorio secondo principi di sostenibilit\u00e0 sociale, ambientale ed economica. In linea con questi principi, il Bando Prospettive urbane \u00e8 stato pensato e sviluppato per moltiplicare l\u2019impatto delle risorse attivabili, ottenendo effetti positivi e a lungo termine per i territori, attraverso programmi integrati e coordinati. Ri-abitare Venaria: una strategia reale per un nuovo benessere abitativo \u00e8 un esempio concreto di approccio strategico e rappresenta una interessante opportunit\u00e0 di partnership tra pubblico e privato\u201d. Ha dichiarato <a href=\"https:\/\/www.compagniadisanpaolo.it\/it\/fondazione\/organi\/alberto-anfossi-segretario-generale\/\" target=\"_blank\" rel=\"noopener\"><strong>Alberto Anfossi<\/strong><\/a>, <strong>Segretario Generale della Fondazione Compagnia di San Paolo<\/strong> a seguito della presentazione dello studio di fattibilit\u00e0 di rigenerazione urbana Ri-abitare Venaria che si \u00e8 tenuta nella giornata di oggi.<\/p>\n<p>L&#8217;analisi dei beni presenti sul territorio di Venaria Reale, in particolare nel centro storico, ha rilevato una serie di <strong>edifici di grande valore<\/strong>, ipotizzando <strong>nuove potenziali funzioni<\/strong> che da una parte permetterebbero una <strong>riqualificazione <\/strong>degli stessi e del tessuto urbano in cui sono inseriti, dall&#8217;altro offrirebbero nuove soluzioni abitative, anche con valenza culturale, sociale, pubblica o semi-pubblica.<\/p>\n<p>La scommessa e l&#8217;auspicio del programma illustrato nello studio di fattibilit\u00e0 \u00e8 che si inneschi una <strong>strategia d&#8217;insieme<\/strong>, un processo virtuoso che permetta da un lato a ciascuno dei &#8220;contenitori&#8221; individuati di avere una nuova vita, dall&#8217;altro di esprimere il <strong>grande potenziale di sviluppo complessivo del territorio<\/strong>, che possa attrarre funzioni, investimenti, attivit\u00e0 culturali, commerciali, artigianali, sociali, sempre nell&#8217;ottica di un miglioramento della qualit\u00e0 della vita dei cittadini.[\/vc_column_text][\/vc_column][\/vc_row][vc_row el_class=&#8221;sdg-list-wrap&#8221;][vc_column][vc_raw_html]JTVCbW9zdHJhU0RHUyU1RA==[\/vc_raw_html][\/vc_column][\/vc_row][vc_row full_width=&#8221;stretch_row&#8221; disable_element=&#8221;yes&#8221; el_class=&#8221;download-area-wrap mt-0 mb-0&#8243; css=&#8221;.vc_custom_1649683694241{margin-bottom: 0px !important;}&#8221;][vc_column el_class=&#8221;download-area&#8221;][vc_raw_html]JTVCU2V6aW9uZV9Eb2N1bWVudGklNUQ=[\/vc_raw_html][\/vc_column][\/vc_row][vc_row][vc_column]<div class=\"templatera_shortcode\"><div data-vc-full-width=\"true\" data-vc-full-width-temp=\"true\" data-vc-full-width-init=\"false\" class=\"vc_row wpb_row vc_row-fluid newsletter-wrap\"><div class=\"wpb_column vc_column_container vc_col-sm-12\"><div class=\"vc_column-inner\"><div class=\"wpb_wrapper\">\n\t<div class=\"wpb_raw_code wpb_raw_html wpb_content_element\" >\n\t\t<div class=\"wpb_wrapper\">\n\t\t\t    <div class=\"container\">\n      <div class=\"row align-items-center\">\n\t<div class=\"col-12 col-lg-6 col-xl-5 mb-3 mb-lg-0 pr-0\">\n\t  <h2 class=\"title\">Rimani aggiornato sui nostri bandi e sui nostri progetti<\/h2>\n\t<\/div>\n\t<div class=\"col-12 col-lg-6 col-xl-7 pl-xl-4\">\n\t  <a class=\"standard-link-block\" href=\"\/it\/newsletter\/\">\n\t    Compila il form e decidi su quale argomento vuoi ricevere notizie.\t    <strong>\u00a0 ISCRIVITI!<\/strong>\n\t  <\/a>\n\t<\/div>\n      <\/div>\n    <\/div>\n\t\t<\/div>\n\t<\/div>\n<\/div><\/div><\/div><\/div><div class=\"vc_row-full-width vc_clearfix\"><\/div><\/div>[\/vc_column][\/vc_row]\n<\/div>","protected":false},"excerpt":{"rendered":"Un programma di rigenerazione urbana che prevede una serie di azioni finalizzate al miglioramento e ampliamento dell'offerta di servizi per l'abitare e per il vivere la Citt\u00e0 di Venaria Reale nato grazie alla partecipazione al bando \"Prospettive Urbane\" della Fondazione Compagnia di San Paolo. Condividi: Facebook Twitter Linkedin Whatsapp Mail Data di pubblicazione: 11 Aprile 2022 Obiettivo Persone. TagCapitale socialeConservazione del patrimonioRigenerazione territorialeRigenerazione urbanaSviluppo organizzativo Realizzato dalla Citt\u00e0 di Venaria Reale con il supporto di Fondazione Fitzcarraldo e di Sinloc - Sistema Iniziative Locali S.p.A., lo Studio di fattibilit\u00e0 di rigenerazione urbana Ri-abitare Venaria \u00e8 un programma di rigenerazione urbana che prevede un insieme organico di azioni finalizzate al miglioramento e ampliamento dell'offerta di servizi per l'abitare e per il vivere la Citt\u00e0 di Venaria Reale. Nato grazie alla partecipazione al Bando Prospettive Urbane. Studi di fattibilit\u00e0 per la rigenerazione urbana, promosso dalla Fondazione Compagnia di San Paolo, lo studio prospetta un programma di ampio respiro volto a valorizzare, curare e riqualificare il tessuto urbano, oltre che ad attivare un ampio partenariato cittadino e risorse provenienti da diverse fonti di finanziamento. \u201cPer la Fondazione Compagnia di San Paolo la rigenerazione urbana rappresenta una dimensione chiave per favorire i processi di inclusione sociale, promuovendo progetti che rappresentano un\u2019opportunit\u00e0 di trasformazione del territorio secondo principi di sostenibilit\u00e0 sociale, ambientale ed economica. In linea con questi principi, il Bando Prospettive urbane \u00e8 stato pensato e sviluppato per moltiplicare l\u2019impatto delle risorse attivabili, ottenendo effetti positivi e a lungo termine per i territori, attraverso programmi integrati e coordinati. Ri-abitare Venaria: una strategia reale per un nuovo benessere abitativo \u00e8 un esempio concreto di approccio strategico e rappresenta una interessante opportunit\u00e0 di partnership tra pubblico e privato\u201d. Ha dichiarato Alberto Anfossi, Segretario Generale della Fondazione Compagnia di San Paolo a seguito della presentazione dello studio di fattibilit\u00e0 di rigenerazione urbana Ri-abitare Venaria che si \u00e8 tenuta nella giornata di oggi. L'analisi dei beni presenti sul territorio di Venaria Reale, in particolare nel centro storico, ha rilevato una serie di edifici di grande valore, ipotizzando nuove potenziali funzioni che da una parte permetterebbero una riqualificazione degli stessi e del tessuto urbano in cui sono inseriti, dall'altro offrirebbero nuove soluzioni abitative, anche con valenza culturale, sociale, pubblica o semi-pubblica. La scommessa e l'auspicio del programma illustrato nello studio di fattibilit\u00e0 \u00e8 che si inneschi una strategia d'insieme, un processo virtuoso che permetta da un lato a ciascuno dei \"contenitori\" individuati di avere una nuova vita, dall'altro di esprimere il grande potenziale di sviluppo complessivo del territorio, che possa attrarre funzioni, investimenti, attivit\u00e0 culturali, commerciali, artigianali, sociali, sempre nell'ottica di un miglioramento della qualit\u00e0 della vita dei cittadini. Questa iniziativa contribuisce al raggiungimento dei seguenti Obiettivi di Sviluppo Sostenibile Rimani aggiornato sui nostri bandi e sui nostri progetti Compila il form e decidi su quale argomento vuoi ricevere notizie. \u00a0 ISCRIVITI!","protected":false},"author":19,"featured_media":17541,"comment_status":"closed","ping_status":"closed","sticky":false,"template":"","format":"standard","meta":{"_acf_changed":false,"content-type":"","footnotes":""},"categories":[17],"tags":[104,91,75,77,61],"class_list":["post-17540","post","type-post","status-publish","format-standard","has-post-thumbnail","hentry","category-news","tag-capitale-sociale","tag-conservazione-del-patrimonio","tag-rigenerazione-territoriale","tag-rigenerazione-urbana","tag-sviluppo-organizzativo","entry","post-inner"],"acf":[],"yoast_head":"<!-- This site is optimized with the Yoast SEO plugin v27.3 - https:\/\/yoast.com\/product\/yoast-seo-wordpress\/ -->\n<title>Presentato lo Studio di fattibilit\u00e0 Ri-abitare Venaria - Fondazione Compagnia di San Paolo<\/title>\n<meta name=\"description\" content=\"Un programma di rigenerazione urbana che prevede una serie di azioni finalizzate al miglioramento e ampliamento dell&#039;offerta di servizi per l&#039;abitare\" \/>\n<meta name=\"robots\" content=\"index, follow, max-snippet:-1, max-image-preview:large, max-video-preview:-1\" \/>\n<link rel=\"canonical\" href=\"https:\/\/www.compagniadisanpaolo.it\/it\/news\/presentato-lo-studio-di-fattibilita-ri-abitare-venaria\/\" \/>\n<meta property=\"og:locale\" content=\"it_IT\" \/>\n<meta property=\"og:type\" content=\"article\" \/>\n<meta property=\"og:title\" content=\"Presentato lo Studio di fattibilit\u00e0 Ri-abitare Venaria - Fondazione Compagnia di San Paolo\" \/>\n<meta property=\"og:description\" content=\"Un programma di rigenerazione urbana che prevede una serie di azioni finalizzate al miglioramento e ampliamento dell&#039;offerta di servizi per l&#039;abitare\" \/>\n<meta property=\"og:url\" content=\"https:\/\/www.compagniadisanpaolo.it\/it\/news\/presentato-lo-studio-di-fattibilita-ri-abitare-venaria\/\" \/>\n<meta property=\"og:site_name\" content=\"Fondazione Compagnia di San Paolo\" \/>\n<meta property=\"article:publisher\" content=\"https:\/\/www.facebook.com\/CompagniaDiSanPaolo\" \/>\n<meta property=\"article:published_time\" content=\"2022-04-11T13:56:57+00:00\" \/>\n<meta property=\"og:image\" content=\"https:\/\/www.compagniadisanpaolo.it\/wp-content\/uploads\/venaria-head.jpg\" \/>\n\t<meta property=\"og:image:width\" content=\"815\" \/>\n\t<meta property=\"og:image:height\" content=\"350\" \/>\n\t<meta property=\"og:image:type\" content=\"image\/jpeg\" \/>\n<meta name=\"author\" content=\"Federica\" \/>\n<meta name=\"twitter:card\" content=\"summary_large_image\" \/>\n<meta name=\"twitter:creator\" content=\"@CSP_live\" \/>\n<meta name=\"twitter:site\" content=\"@CSP_live\" \/>\n<meta name=\"twitter:label1\" content=\"Scritto da\" \/>\n\t<meta name=\"twitter:data1\" content=\"Federica\" \/>\n\t<meta name=\"twitter:label2\" content=\"Tempo di lettura stimato\" \/>\n\t<meta name=\"twitter:data2\" content=\"3 minuti\" \/>\n<script type=\"application\/ld+json\" class=\"yoast-schema-graph\">{\"@context\":\"https:\\\/\\\/schema.org\",\"@graph\":[{\"@type\":\"Article\",\"@id\":\"https:\\\/\\\/www.compagniadisanpaolo.it\\\/it\\\/news\\\/presentato-lo-studio-di-fattibilita-ri-abitare-venaria\\\/#article\",\"isPartOf\":{\"@id\":\"https:\\\/\\\/www.compagniadisanpaolo.it\\\/it\\\/news\\\/presentato-lo-studio-di-fattibilita-ri-abitare-venaria\\\/\"},\"author\":{\"name\":\"Federica\",\"@id\":\"https:\\\/\\\/www.compagniadisanpaolo.it\\\/it\\\/#\\\/schema\\\/person\\\/b7d5451541c25c82f29c5be1e78456b2\"},\"headline\":\"Presentato lo Studio di fattibilit\u00e0 Ri-abitare Venaria\",\"datePublished\":\"2022-04-11T13:56:57+00:00\",\"mainEntityOfPage\":{\"@id\":\"https:\\\/\\\/www.compagniadisanpaolo.it\\\/it\\\/news\\\/presentato-lo-studio-di-fattibilita-ri-abitare-venaria\\\/\"},\"wordCount\":564,\"publisher\":{\"@id\":\"https:\\\/\\\/www.compagniadisanpaolo.it\\\/it\\\/#organization\"},\"image\":{\"@id\":\"https:\\\/\\\/www.compagniadisanpaolo.it\\\/it\\\/news\\\/presentato-lo-studio-di-fattibilita-ri-abitare-venaria\\\/#primaryimage\"},\"thumbnailUrl\":\"https:\\\/\\\/www.compagniadisanpaolo.it\\\/wp-content\\\/uploads\\\/venaria-head.jpg\",\"keywords\":[\"capitale sociale\",\"conservazione del patrimonio\",\"rigenerazione territoriale\",\"rigenerazione urbana\",\"sviluppo organizzativo\"],\"articleSection\":[\"News\"],\"inLanguage\":\"it-IT\"},{\"@type\":\"WebPage\",\"@id\":\"https:\\\/\\\/www.compagniadisanpaolo.it\\\/it\\\/news\\\/presentato-lo-studio-di-fattibilita-ri-abitare-venaria\\\/\",\"url\":\"https:\\\/\\\/www.compagniadisanpaolo.it\\\/it\\\/news\\\/presentato-lo-studio-di-fattibilita-ri-abitare-venaria\\\/\",\"name\":\"Presentato lo Studio di fattibilit\u00e0 Ri-abitare Venaria - Fondazione Compagnia di San Paolo\",\"isPartOf\":{\"@id\":\"https:\\\/\\\/www.compagniadisanpaolo.it\\\/it\\\/#website\"},\"primaryImageOfPage\":{\"@id\":\"https:\\\/\\\/www.compagniadisanpaolo.it\\\/it\\\/news\\\/presentato-lo-studio-di-fattibilita-ri-abitare-venaria\\\/#primaryimage\"},\"image\":{\"@id\":\"https:\\\/\\\/www.compagniadisanpaolo.it\\\/it\\\/news\\\/presentato-lo-studio-di-fattibilita-ri-abitare-venaria\\\/#primaryimage\"},\"thumbnailUrl\":\"https:\\\/\\\/www.compagniadisanpaolo.it\\\/wp-content\\\/uploads\\\/venaria-head.jpg\",\"datePublished\":\"2022-04-11T13:56:57+00:00\",\"description\":\"Un programma di rigenerazione urbana che prevede una serie di azioni finalizzate al miglioramento e ampliamento dell'offerta di servizi per l'abitare\",\"breadcrumb\":{\"@id\":\"https:\\\/\\\/www.compagniadisanpaolo.it\\\/it\\\/news\\\/presentato-lo-studio-di-fattibilita-ri-abitare-venaria\\\/#breadcrumb\"},\"inLanguage\":\"it-IT\",\"potentialAction\":[{\"@type\":\"ReadAction\",\"target\":[\"https:\\\/\\\/www.compagniadisanpaolo.it\\\/it\\\/news\\\/presentato-lo-studio-di-fattibilita-ri-abitare-venaria\\\/\"]}]},{\"@type\":\"ImageObject\",\"inLanguage\":\"it-IT\",\"@id\":\"https:\\\/\\\/www.compagniadisanpaolo.it\\\/it\\\/news\\\/presentato-lo-studio-di-fattibilita-ri-abitare-venaria\\\/#primaryimage\",\"url\":\"https:\\\/\\\/www.compagniadisanpaolo.it\\\/wp-content\\\/uploads\\\/venaria-head.jpg\",\"contentUrl\":\"https:\\\/\\\/www.compagniadisanpaolo.it\\\/wp-content\\\/uploads\\\/venaria-head.jpg\",\"width\":815,\"height\":350},{\"@type\":\"BreadcrumbList\",\"@id\":\"https:\\\/\\\/www.compagniadisanpaolo.it\\\/it\\\/news\\\/presentato-lo-studio-di-fattibilita-ri-abitare-venaria\\\/#breadcrumb\",\"itemListElement\":[{\"@type\":\"ListItem\",\"position\":1,\"name\":\"Home\",\"item\":\"https:\\\/\\\/www.compagniadisanpaolo.it\\\/it\\\/\"},{\"@type\":\"ListItem\",\"position\":2,\"name\":\"Presentato lo Studio di fattibilit\u00e0 Ri-abitare Venaria\"}]},{\"@type\":\"WebSite\",\"@id\":\"https:\\\/\\\/www.compagniadisanpaolo.it\\\/it\\\/#website\",\"url\":\"https:\\\/\\\/www.compagniadisanpaolo.it\\\/it\\\/\",\"name\":\"Fondazione Compagnia di San Paolo\",\"description\":\"\",\"publisher\":{\"@id\":\"https:\\\/\\\/www.compagniadisanpaolo.it\\\/it\\\/#organization\"},\"potentialAction\":[{\"@type\":\"SearchAction\",\"target\":{\"@type\":\"EntryPoint\",\"urlTemplate\":\"https:\\\/\\\/www.compagniadisanpaolo.it\\\/it\\\/?s={search_term_string}\"},\"query-input\":{\"@type\":\"PropertyValueSpecification\",\"valueRequired\":true,\"valueName\":\"search_term_string\"}}],\"inLanguage\":\"it-IT\"},{\"@type\":\"Organization\",\"@id\":\"https:\\\/\\\/www.compagniadisanpaolo.it\\\/it\\\/#organization\",\"name\":\"Fondazione Compagnia di San Paolo\",\"url\":\"https:\\\/\\\/www.compagniadisanpaolo.it\\\/it\\\/\",\"logo\":{\"@type\":\"ImageObject\",\"inLanguage\":\"it-IT\",\"@id\":\"https:\\\/\\\/www.compagniadisanpaolo.it\\\/it\\\/#\\\/schema\\\/logo\\\/image\\\/\",\"url\":\"https:\\\/\\\/www.compagniadisanpaolo.it\\\/wp-content\\\/uploads\\\/logo.svg\",\"contentUrl\":\"https:\\\/\\\/www.compagniadisanpaolo.it\\\/wp-content\\\/uploads\\\/logo.svg\",\"width\":769,\"height\":323,\"caption\":\"Fondazione Compagnia di San Paolo\"},\"image\":{\"@id\":\"https:\\\/\\\/www.compagniadisanpaolo.it\\\/it\\\/#\\\/schema\\\/logo\\\/image\\\/\"},\"sameAs\":[\"https:\\\/\\\/www.facebook.com\\\/CompagniaDiSanPaolo\",\"https:\\\/\\\/x.com\\\/CSP_live\",\"http:\\\/\\\/instagram.com\\\/compagniadisanpaolo?ref=badge\",\"https:\\\/\\\/www.linkedin.com\\\/company\\\/compagnia-di-san-paolo\",\"https:\\\/\\\/www.youtube.com\\\/user\\\/compagniadisanpaolo\",\"https:\\\/\\\/it.wikipedia.org\\\/wiki\\\/Compagnia_di_San_Paolo\"]},{\"@type\":\"Person\",\"@id\":\"https:\\\/\\\/www.compagniadisanpaolo.it\\\/it\\\/#\\\/schema\\\/person\\\/b7d5451541c25c82f29c5be1e78456b2\",\"name\":\"Federica\",\"image\":{\"@type\":\"ImageObject\",\"inLanguage\":\"it-IT\",\"@id\":\"https:\\\/\\\/secure.gravatar.com\\\/avatar\\\/b5698fa13ac389b1f1fb1263a4626e219d853d7ccf112e854aea8c9c087d24ae?s=96&d=mm&r=g\",\"url\":\"https:\\\/\\\/secure.gravatar.com\\\/avatar\\\/b5698fa13ac389b1f1fb1263a4626e219d853d7ccf112e854aea8c9c087d24ae?s=96&d=mm&r=g\",\"contentUrl\":\"https:\\\/\\\/secure.gravatar.com\\\/avatar\\\/b5698fa13ac389b1f1fb1263a4626e219d853d7ccf112e854aea8c9c087d24ae?s=96&d=mm&r=g\",\"caption\":\"Federica\"}}]}<\/script>\n<!-- \/ Yoast SEO plugin. -->","yoast_head_json":{"title":"Presentato lo Studio di fattibilit\u00e0 Ri-abitare Venaria - Fondazione Compagnia di San Paolo","description":"Un programma di rigenerazione urbana che prevede una serie di azioni finalizzate al miglioramento e ampliamento dell'offerta di servizi per l'abitare","robots":{"index":"index","follow":"follow","max-snippet":"max-snippet:-1","max-image-preview":"max-image-preview:large","max-video-preview":"max-video-preview:-1"},"canonical":"https:\/\/www.compagniadisanpaolo.it\/it\/news\/presentato-lo-studio-di-fattibilita-ri-abitare-venaria\/","og_locale":"it_IT","og_type":"article","og_title":"Presentato lo Studio di fattibilit\u00e0 Ri-abitare Venaria - Fondazione Compagnia di San Paolo","og_description":"Un programma di rigenerazione urbana che prevede una serie di azioni finalizzate al miglioramento e ampliamento dell'offerta di servizi per l'abitare","og_url":"https:\/\/www.compagniadisanpaolo.it\/it\/news\/presentato-lo-studio-di-fattibilita-ri-abitare-venaria\/","og_site_name":"Fondazione Compagnia di San Paolo","article_publisher":"https:\/\/www.facebook.com\/CompagniaDiSanPaolo","article_published_time":"2022-04-11T13:56:57+00:00","og_image":[{"width":815,"height":350,"url":"https:\/\/www.compagniadisanpaolo.it\/wp-content\/uploads\/venaria-head.jpg","type":"image\/jpeg"}],"author":"Federica","twitter_card":"summary_large_image","twitter_creator":"@CSP_live","twitter_site":"@CSP_live","twitter_misc":{"Scritto da":"Federica","Tempo di lettura stimato":"3 minuti"},"schema":{"@context":"https:\/\/schema.org","@graph":[{"@type":"Article","@id":"https:\/\/www.compagniadisanpaolo.it\/it\/news\/presentato-lo-studio-di-fattibilita-ri-abitare-venaria\/#article","isPartOf":{"@id":"https:\/\/www.compagniadisanpaolo.it\/it\/news\/presentato-lo-studio-di-fattibilita-ri-abitare-venaria\/"},"author":{"name":"Federica","@id":"https:\/\/www.compagniadisanpaolo.it\/it\/#\/schema\/person\/b7d5451541c25c82f29c5be1e78456b2"},"headline":"Presentato lo Studio di fattibilit\u00e0 Ri-abitare Venaria","datePublished":"2022-04-11T13:56:57+00:00","mainEntityOfPage":{"@id":"https:\/\/www.compagniadisanpaolo.it\/it\/news\/presentato-lo-studio-di-fattibilita-ri-abitare-venaria\/"},"wordCount":564,"publisher":{"@id":"https:\/\/www.compagniadisanpaolo.it\/it\/#organization"},"image":{"@id":"https:\/\/www.compagniadisanpaolo.it\/it\/news\/presentato-lo-studio-di-fattibilita-ri-abitare-venaria\/#primaryimage"},"thumbnailUrl":"https:\/\/www.compagniadisanpaolo.it\/wp-content\/uploads\/venaria-head.jpg","keywords":["capitale sociale","conservazione del patrimonio","rigenerazione territoriale","rigenerazione urbana","sviluppo organizzativo"],"articleSection":["News"],"inLanguage":"it-IT"},{"@type":"WebPage","@id":"https:\/\/www.compagniadisanpaolo.it\/it\/news\/presentato-lo-studio-di-fattibilita-ri-abitare-venaria\/","url":"https:\/\/www.compagniadisanpaolo.it\/it\/news\/presentato-lo-studio-di-fattibilita-ri-abitare-venaria\/","name":"Presentato lo Studio di fattibilit\u00e0 Ri-abitare Venaria - Fondazione Compagnia di San Paolo","isPartOf":{"@id":"https:\/\/www.compagniadisanpaolo.it\/it\/#website"},"primaryImageOfPage":{"@id":"https:\/\/www.compagniadisanpaolo.it\/it\/news\/presentato-lo-studio-di-fattibilita-ri-abitare-venaria\/#primaryimage"},"image":{"@id":"https:\/\/www.compagniadisanpaolo.it\/it\/news\/presentato-lo-studio-di-fattibilita-ri-abitare-venaria\/#primaryimage"},"thumbnailUrl":"https:\/\/www.compagniadisanpaolo.it\/wp-content\/uploads\/venaria-head.jpg","datePublished":"2022-04-11T13:56:57+00:00","description":"Un programma di rigenerazione urbana che prevede una serie di azioni finalizzate al miglioramento e ampliamento dell'offerta di servizi per l'abitare","breadcrumb":{"@id":"https:\/\/www.compagniadisanpaolo.it\/it\/news\/presentato-lo-studio-di-fattibilita-ri-abitare-venaria\/#breadcrumb"},"inLanguage":"it-IT","potentialAction":[{"@type":"ReadAction","target":["https:\/\/www.compagniadisanpaolo.it\/it\/news\/presentato-lo-studio-di-fattibilita-ri-abitare-venaria\/"]}]},{"@type":"ImageObject","inLanguage":"it-IT","@id":"https:\/\/www.compagniadisanpaolo.it\/it\/news\/presentato-lo-studio-di-fattibilita-ri-abitare-venaria\/#primaryimage","url":"https:\/\/www.compagniadisanpaolo.it\/wp-content\/uploads\/venaria-head.jpg","contentUrl":"https:\/\/www.compagniadisanpaolo.it\/wp-content\/uploads\/venaria-head.jpg","width":815,"height":350},{"@type":"BreadcrumbList","@id":"https:\/\/www.compagniadisanpaolo.it\/it\/news\/presentato-lo-studio-di-fattibilita-ri-abitare-venaria\/#breadcrumb","itemListElement":[{"@type":"ListItem","position":1,"name":"Home","item":"https:\/\/www.compagniadisanpaolo.it\/it\/"},{"@type":"ListItem","position":2,"name":"Presentato lo Studio di fattibilit\u00e0 Ri-abitare Venaria"}]},{"@type":"WebSite","@id":"https:\/\/www.compagniadisanpaolo.it\/it\/#website","url":"https:\/\/www.compagniadisanpaolo.it\/it\/","name":"Fondazione Compagnia di San Paolo","description":"","publisher":{"@id":"https:\/\/www.compagniadisanpaolo.it\/it\/#organization"},"potentialAction":[{"@type":"SearchAction","target":{"@type":"EntryPoint","urlTemplate":"https:\/\/www.compagniadisanpaolo.it\/it\/?s={search_term_string}"},"query-input":{"@type":"PropertyValueSpecification","valueRequired":true,"valueName":"search_term_string"}}],"inLanguage":"it-IT"},{"@type":"Organization","@id":"https:\/\/www.compagniadisanpaolo.it\/it\/#organization","name":"Fondazione Compagnia di San Paolo","url":"https:\/\/www.compagniadisanpaolo.it\/it\/","logo":{"@type":"ImageObject","inLanguage":"it-IT","@id":"https:\/\/www.compagniadisanpaolo.it\/it\/#\/schema\/logo\/image\/","url":"https:\/\/www.compagniadisanpaolo.it\/wp-content\/uploads\/logo.svg","contentUrl":"https:\/\/www.compagniadisanpaolo.it\/wp-content\/uploads\/logo.svg","width":769,"height":323,"caption":"Fondazione Compagnia di San Paolo"},"image":{"@id":"https:\/\/www.compagniadisanpaolo.it\/it\/#\/schema\/logo\/image\/"},"sameAs":["https:\/\/www.facebook.com\/CompagniaDiSanPaolo","https:\/\/x.com\/CSP_live","http:\/\/instagram.com\/compagniadisanpaolo?ref=badge","https:\/\/www.linkedin.com\/company\/compagnia-di-san-paolo","https:\/\/www.youtube.com\/user\/compagniadisanpaolo","https:\/\/it.wikipedia.org\/wiki\/Compagnia_di_San_Paolo"]},{"@type":"Person","@id":"https:\/\/www.compagniadisanpaolo.it\/it\/#\/schema\/person\/b7d5451541c25c82f29c5be1e78456b2","name":"Federica","image":{"@type":"ImageObject","inLanguage":"it-IT","@id":"https:\/\/secure.gravatar.com\/avatar\/b5698fa13ac389b1f1fb1263a4626e219d853d7ccf112e854aea8c9c087d24ae?s=96&d=mm&r=g","url":"https:\/\/secure.gravatar.com\/avatar\/b5698fa13ac389b1f1fb1263a4626e219d853d7ccf112e854aea8c9c087d24ae?s=96&d=mm&r=g","contentUrl":"https:\/\/secure.gravatar.com\/avatar\/b5698fa13ac389b1f1fb1263a4626e219d853d7ccf112e854aea8c9c087d24ae?s=96&d=mm&r=g","caption":"Federica"}}]}},"amp_enabled":true,"_links":{"self":[{"href":"https:\/\/www.compagniadisanpaolo.it\/it\/wp-json\/wp\/v2\/posts\/17540","targetHints":{"allow":["GET"]}}],"collection":[{"href":"https:\/\/www.compagniadisanpaolo.it\/it\/wp-json\/wp\/v2\/posts"}],"about":[{"href":"https:\/\/www.compagniadisanpaolo.it\/it\/wp-json\/wp\/v2\/types\/post"}],"author":[{"embeddable":true,"href":"https:\/\/www.compagniadisanpaolo.it\/it\/wp-json\/wp\/v2\/users\/19"}],"replies":[{"embeddable":true,"href":"https:\/\/www.compagniadisanpaolo.it\/it\/wp-json\/wp\/v2\/comments?post=17540"}],"version-history":[{"count":1,"href":"https:\/\/www.compagniadisanpaolo.it\/it\/wp-json\/wp\/v2\/posts\/17540\/revisions"}],"predecessor-version":[{"id":17543,"href":"https:\/\/www.compagniadisanpaolo.it\/it\/wp-json\/wp\/v2\/posts\/17540\/revisions\/17543"}],"wp:featuredmedia":[{"embeddable":true,"href":"https:\/\/www.compagniadisanpaolo.it\/it\/wp-json\/wp\/v2\/media\/17541"}],"wp:attachment":[{"href":"https:\/\/www.compagniadisanpaolo.it\/it\/wp-json\/wp\/v2\/media?parent=17540"}],"wp:term":[{"taxonomy":"category","embeddable":true,"href":"https:\/\/www.compagniadisanpaolo.it\/it\/wp-json\/wp\/v2\/categories?post=17540"},{"taxonomy":"post_tag","embeddable":true,"href":"https:\/\/www.compagniadisanpaolo.it\/it\/wp-json\/wp\/v2\/tags?post=17540"}],"curies":[{"name":"wp","href":"https:\/\/api.w.org\/{rel}","templated":true}]}}