{"id":17534,"date":"2022-04-11T14:47:57","date_gmt":"2022-04-11T12:47:57","guid":{"rendered":"https:\/\/www.compagniadisanpaolo.it\/?p=17534"},"modified":"2022-04-11T14:47:57","modified_gmt":"2022-04-11T12:47:57","slug":"verso-il-demo-day-di-torino-cities-of-the-future-techstars-accelerator","status":"publish","type":"post","link":"https:\/\/www.compagniadisanpaolo.it\/it\/news\/verso-il-demo-day-di-torino-cities-of-the-future-techstars-accelerator\/","title":{"rendered":"Verso il Demo Day di Torino Cities of the Future Techstars Accelerator"},"content":{"rendered":"<div class=\"wpb-content-wrapper\">[vc_row][vc_column][vc_column_text el_class=&#8221;text-headline2&#8243;]Appuntamento a Torino il 21 aprile: 12 startup accelerate, provenienti da tutta Europa, presenteranno le loro soluzioni a una platea di investitori, imprenditori, executive e istituzioni.[\/vc_column_text][\/vc_column][\/vc_row][vc_row][vc_column][vc_column_text]\n<div class=\"info-box mission\">\n\t\t<div class=\"info-box-wrap info-box-hor row pb-0\">\n\n\t\t      \n\t\t      <div class=\"spalla col-12 col-md-12\">\n\t\t\t<div class=\"info-box sharing-box\">\n\t\t\t  <span class=\"label\">Condividi:<\/span>\n\t\t\t  <div class=\"social-sharing\">\n\t\t\t    <span class=\"box\">\n\t\t\t      <a class=\"fb\" href=\"https:\/\/www.facebook.com\/sharer.php?u=https:\/\/www.compagniadisanpaolo.it\/it\/news\/verso-il-demo-day-di-torino-cities-of-the-future-techstars-accelerator\/\" target=\"_blank\">\n\t\t\t\t<span class=\"sr-only\">Facebook<\/span>\n\t\t\t\t<i class=\"fab fa-facebook-f\"><\/i>\n\t\t\t      <\/a>\n\t\t\t    <\/span>\n\t\t\t    \n\t\t\t    <style>\n.twitter, .twitter:hover{\ncolor:#000000 !important;}\n<\/style>\n\n\n\t\t\t    <span class=\"box\">\n\t\t\t      <a class=\"twitter\" href=\"https:\/\/twitter.com\/intent\/tweet?url=https:\/\/www.compagniadisanpaolo.it\/it\/news\/verso-il-demo-day-di-torino-cities-of-the-future-techstars-accelerator\/\">\n\t\t\t\t<span class=\"sr-only\">Twitter<\/span>\n\t\t\t\t<i class=\"fa-brands fa-x-twitter\"><\/i>\n\t\t\t      <\/a>\n\t\t\t    <\/span>\n\n\t\t\t    \n\t\t\t    <span class=\"box\">\n\t\t\t      <a class=\"linkedin\" href=\"https:\/\/www.linkedin.com\/shareArticle?mini=true&url=https:\/\/www.compagniadisanpaolo.it\/it\/news\/verso-il-demo-day-di-torino-cities-of-the-future-techstars-accelerator\/\">\n\t\t\t\t<span class=\"sr-only\">Linkedin<\/span>\n\t\t\t\t  <i class=\"fa-brands fa-linkedin-in\"><\/i>\n\t\t\t      <\/a>\n\t\t\t    <\/span>\n\n\t\t\t    <span class=\"box\">\n\t\t\t      <a class=\"whatsapp\" href=\"whatsapp:\/\/send?text=https:\/\/www.compagniadisanpaolo.it\/it\/news\/verso-il-demo-day-di-torino-cities-of-the-future-techstars-accelerator\/\" data-action=\"share\/whatsapp\/share\">\n\t\t\t\t<span class=\"sr-only\">Whatsapp<\/span>\n\t\t\t\t<i class=\"fa-brands fa-whatsapp\"><\/i>\n\t\t\t      <\/a>\n\t\t\t    <\/span>\n\n\t\t\t    <span class=\"box\">\n\t\t\t      <a class=\"mail\" href=\"mailto:?subject=Verso il Demo Day di Torino Cities of the Future Techstars Accelerator&body=https:\/\/www.compagniadisanpaolo.it\/it\/news\/verso-il-demo-day-di-torino-cities-of-the-future-techstars-accelerator\/\">\n\t\t\t\t<span class=\"sr-only\">Mail<\/span>\n\t\t\t\t <i class=\"fa-solid fa-envelope\"><\/i>\n\t\t\t      <\/a>\n\t\t\t    <\/span>\n\t\t\t    \n\t\t\t  <\/div>\n\t\t\t<\/div>\n\t      <\/div>\n\t    <\/div><\/div>\n[\/vc_column_text][\/vc_column][\/vc_row][vc_row][vc_column width=&#8221;1\/4&#8243;][vc_column_text]\n\n\n\t\t<div class=\"info-box-wrap\">\n\n\t  <div class=\"info-box date-pub\">\n\t  \t<span class=\"label\">Data di pubblicazione:<\/span>\n\t    <span class=\"value\">11 Aprile 2022<\/span>\n\t  <\/div>\n\t\t\t\t  <div class=\"info-box obj-institutional\">\n\t\t\t\t\t  <div class=\"info-box obj\">\n\t\t\t\t\t    <div class=\"obj-small-box\">\n\t\t\t\t\t      <span>Istituzionale<\/span>\n\t\t\t\t\t    <\/div>\n\t\t\t\t\t  <\/div>\n\t\t\t\t  <\/div>\n\t\t\t  <div class=\"info-box mission\"><span class=\"label\">Tag<\/span><a href=\"https:\/\/www.compagniadisanpaolo.it\/it\/tags\/risultati\/?_sft_post_tag=innovazione\" class=\"tag-element\">Innovazione<\/a><a href=\"https:\/\/www.compagniadisanpaolo.it\/it\/tags\/risultati\/?_sft_post_tag=investitori\" class=\"tag-element\">Investitori<\/a><a href=\"https:\/\/www.compagniadisanpaolo.it\/it\/tags\/risultati\/?_sft_post_tag=mobilita-sostenibile\" class=\"tag-element\">Mobilit\u00e0 sostenibile<\/a><a href=\"https:\/\/www.compagniadisanpaolo.it\/it\/tags\/risultati\/?_sft_post_tag=sviluppo-organizzativo\" class=\"tag-element\">Sviluppo organizzativo<\/a><a href=\"https:\/\/www.compagniadisanpaolo.it\/it\/tags\/risultati\/?_sft_post_tag=svolta-green\" class=\"tag-element\">Svolta green<\/a><\/div>\t  \n\t<\/div>\n[\/vc_column_text][\/vc_column][vc_column width=&#8221;3\/4&#8243; el_class=&#8221;page-content&#8221;][vc_column_text el_class=&#8221;text&#8221;]Sta per terminare l\u2019edizione 2022 di <a href=\"https:\/\/www.techstars.com\/accelerators\/cities-of-the-future\" target=\"_blank\" rel=\"noopener\"><strong>Torino Cities of the Future Techstars Accelerator<\/strong><\/a>, il programma internazionale di accelerazione gestito dalla <strong>Fondazione Compagnia di San Paolo<\/strong> in partnership con <a href=\"https:\/\/www.intesasanpaoloinnovationcenter.com\/\" target=\"_blank\" rel=\"noopener\"><strong>Intesa Sanpaolo Innovation Center<\/strong><\/a> e <a href=\"https:\/\/www.fondazionecrt.it\/\" target=\"_blank\" rel=\"noopener\"><strong>Fondazione CRT<\/strong><\/a>.<\/p>\n<p>Capitalizzando sui risultati ragguardevoli conseguiti nelle prime due edizioni, che contano <strong>23 startup \u201claureate\u201d<\/strong> giunte da 3 continenti, <strong>19 PoC commissionati<\/strong> da attori locali, <strong>3 startup<\/strong> attratte ed insediate a Torino, pi\u00f9 di <strong>25 milioni di euro<\/strong> di finanziamenti raccolti e <strong>183 posti di lavoro creati<\/strong> in seguito al programma, nel 2022 l\u2019acceleratore Techstars torinese ha intrapreso un <strong>percorso evolutivo<\/strong> teso ad <strong>intercettare nuove opportunit\u00e0<\/strong> e a favorire una maggior centralit\u00e0 dell\u2019ecosistema torinese nello scacchiere europeo dell\u2019innovazione. Dopo il biennio dedicato alla <strong>Smart Mobility<\/strong>, infatti, il programma ha ampliato il proprio perimetro, concentrandosi per il 2022 su soluzioni di frontiera che rendano le <strong>citt\u00e0 di domani maggiormente sostenibili<\/strong>, <strong>inclusive e resilienti<\/strong>.<\/p>\n<p>Ha cos\u00ec preso vita il <strong>primo acceleratore italiano in ambito Smart Cities<\/strong>, il quale \u2013 in una prospettiva di ecosistema \u2013 rappresenta un <strong>prezioso volano per l\u2019attrazione di startup<\/strong> <strong>ad alto potenziale<\/strong> che possano stabilizzarsi e crescere sul nostro territorio.<\/p>\n<p>Techstars \u2013 leader globale che ha gi\u00e0 supportato oltre 2.500 aziende nel mondo, tra cui 9 diventate \u201cunicorni\u201d \u2013 ha selezionato quest\u2019anno <strong>12 startup provenienti da tutta Europa<\/strong>:<\/p>\n<p><strong>Italia<\/strong> (<a href=\"https:\/\/babysitter.familyhappy.it\/\" target=\"_blank\" rel=\"noopener\">Family+Happy<\/a>, <a href=\"https:\/\/www.gymnasio.it\/\" target=\"_blank\" rel=\"noopener\">Gymnasio<\/a>, <a href=\"https:\/\/www.strategicbim.it\/\" target=\"_blank\" rel=\"noopener\">Strategic BIM<\/a>), <strong>Regno Unito<\/strong> (<a href=\"https:\/\/optimiz.claims\/\" target=\"_blank\" rel=\"noopener\">OPTIMIZ<\/a>, <a href=\"https:\/\/xworks-tech.com\/\" target=\"_blank\" rel=\"noopener\">Xworks Tech<\/a>), <strong>Germania<\/strong> (<a href=\"https:\/\/www.natix.io\/\" target=\"_blank\" rel=\"noopener\">Natix<\/a>), <strong>Francia<\/strong> (<a href=\"https:\/\/home.voltaage.io\/\" target=\"_blank\" rel=\"noopener\">Voltaage<\/a>), <strong>Svizzera<\/strong> (<a href=\"https:\/\/hivepower.tech\/\" target=\"_blank\" rel=\"noopener\">Hive Power<\/a>), <strong>Polonia<\/strong> (<a href=\"http:\/\/lawyerd.net\" target=\"_blank\" rel=\"noopener\">Lawyerd!<\/a>), <strong>Romania<\/strong> (<a href=\"https:\/\/nrgi.ai\/\" target=\"_blank\" rel=\"noopener\">NRGI.ai<\/a>), <strong>Ungheria<\/strong> (<a href=\"https:\/\/volteum.io\/\" target=\"_blank\" rel=\"noopener\">Volteum<\/a>) e <strong>Ucraina<\/strong> (<a href=\"https:\/\/www.inputsoft.net\/\" target=\"_blank\" rel=\"noopener\">InputSoft<\/a>).<\/p>\n<p>L\u2019eterogeneit\u00e0 geografica va di pari passo con la variet\u00e0 dei settori industriali presidiati: <strong>le startup accelerate si concentrano<\/strong> su ambiti tra cui <strong>mobilit\u00e0 elettrica<\/strong>, <strong>infrastrutture<\/strong>, <strong>efficientamento energetico<\/strong>, <strong>economia circolare<\/strong> e <strong>benessere della persona<\/strong>, a testimonianza di come la sostenibilit\u00e0 in chiave Agenda 2030 sia divenuta testata d\u2019angolo del programma.<\/p>\n<p>Al termine delle 13 intense settimane lungo cui si snoda, il programma culminer\u00e0 il 21 aprile nel <strong>Demo Day<\/strong>, evento conclusivo che quest\u2019anno sar\u00e0 organizzato in modalit\u00e0 ibrida.<\/p>\n<p>La Live Ceremony in presenza si terr\u00e0 nella Sala Duomo delle Officine Grandi Riparazioni di Torino.<\/p>\n<p>Nel corso della cerimonia, saliranno sul palco le 12 startup, accanto ai Partner ed a personalit\u00e0 di spicco dello scenario internazionale. Il programma della serata \u00e8 cos\u00ec strutturato:<\/p>\n<p>17:30: Registrazione<\/p>\n<p>18:00: Saluti istituzionali dei Partner<\/p>\n<p>18:30: Pitch delle 12 startup<\/p>\n<p>19:30: Cocktail di networking nell\u2019area espositiva<\/p>\n<p>21:00: Conclusione dei lavori<\/p>\n<p>&nbsp;<\/p>\n<p>Al contempo, l\u2019evento sar\u00e0 disponibile in live streaming per una fruizione da remoto.<\/p>\n<p>Per partecipare al Demo Day, in presenza o a distanza, registrati a <a href=\"https:\/\/techstarstorinodemoday.eventbrite.com\/\" target=\"_blank\" rel=\"noopener\"><strong>questo link<\/strong><\/a>.[\/vc_column_text][\/vc_column][\/vc_row][vc_row el_class=&#8221;sdg-list-wrap&#8221;][vc_column][vc_raw_html]JTVCbW9zdHJhU0RHUyU1RA==[\/vc_raw_html][\/vc_column][\/vc_row][vc_row el_class=&#8221;sdg-list-wrap&#8221;][vc_column][vc_raw_html]JTVCU2V6aW9uZV9Eb2N1bWVudGklNUQ=[\/vc_raw_html][\/vc_column][\/vc_row][vc_row][vc_column]<div class=\"templatera_shortcode\"><div data-vc-full-width=\"true\" data-vc-full-width-temp=\"true\" data-vc-full-width-init=\"false\" class=\"vc_row wpb_row vc_row-fluid newsletter-wrap\"><div class=\"wpb_column vc_column_container vc_col-sm-12\"><div class=\"vc_column-inner\"><div class=\"wpb_wrapper\">\n\t<div class=\"wpb_raw_code wpb_raw_html wpb_content_element\" >\n\t\t<div class=\"wpb_wrapper\">\n\t\t\t    <div class=\"container\">\n      <div class=\"row align-items-center\">\n\t<div class=\"col-12 col-lg-6 col-xl-5 mb-3 mb-lg-0 pr-0\">\n\t  <h2 class=\"title\">Rimani aggiornato sui nostri bandi e sui nostri progetti<\/h2>\n\t<\/div>\n\t<div class=\"col-12 col-lg-6 col-xl-7 pl-xl-4\">\n\t  <a class=\"standard-link-block\" href=\"\/it\/newsletter\/\">\n\t    Compila il form e decidi su quale argomento vuoi ricevere notizie.\t    <strong>\u00a0 ISCRIVITI!<\/strong>\n\t  <\/a>\n\t<\/div>\n      <\/div>\n    <\/div>\n\t\t<\/div>\n\t<\/div>\n<\/div><\/div><\/div><\/div><div class=\"vc_row-full-width vc_clearfix\"><\/div><\/div>[\/vc_column][\/vc_row]\n<\/div>","protected":false},"excerpt":{"rendered":"Appuntamento a Torino il 21 aprile: 12 startup accelerate, provenienti da tutta Europa, presenteranno le loro soluzioni a una platea di investitori, imprenditori, executive e istituzioni. Condividi: Facebook Twitter Linkedin Whatsapp Mail Data di pubblicazione: 11 Aprile 2022 Istituzionale TagInnovazioneInvestitoriMobilit\u00e0 sostenibileSviluppo organizzativoSvolta green Sta per terminare l\u2019edizione 2022 di Torino Cities of the Future Techstars Accelerator, il programma internazionale di accelerazione gestito dalla Fondazione Compagnia di San Paolo in partnership con Intesa Sanpaolo Innovation Center e Fondazione CRT. Capitalizzando sui risultati ragguardevoli conseguiti nelle prime due edizioni, che contano 23 startup \u201claureate\u201d giunte da 3 continenti, 19 PoC commissionati da attori locali, 3 startup attratte ed insediate a Torino, pi\u00f9 di 25 milioni di euro di finanziamenti raccolti e 183 posti di lavoro creati in seguito al programma, nel 2022 l\u2019acceleratore Techstars torinese ha intrapreso un percorso evolutivo teso ad intercettare nuove opportunit\u00e0 e a favorire una maggior centralit\u00e0 dell\u2019ecosistema torinese nello scacchiere europeo dell\u2019innovazione. Dopo il biennio dedicato alla Smart Mobility, infatti, il programma ha ampliato il proprio perimetro, concentrandosi per il 2022 su soluzioni di frontiera che rendano le citt\u00e0 di domani maggiormente sostenibili, inclusive e resilienti. Ha cos\u00ec preso vita il primo acceleratore italiano in ambito Smart Cities, il quale \u2013 in una prospettiva di ecosistema \u2013 rappresenta un prezioso volano per l\u2019attrazione di startup ad alto potenziale che possano stabilizzarsi e crescere sul nostro territorio. Techstars \u2013 leader globale che ha gi\u00e0 supportato oltre 2.500 aziende nel mondo, tra cui 9 diventate \u201cunicorni\u201d \u2013 ha selezionato quest\u2019anno 12 startup provenienti da tutta Europa: Italia (Family+Happy, Gymnasio, Strategic BIM), Regno Unito (OPTIMIZ, Xworks Tech), Germania (Natix), Francia (Voltaage), Svizzera (Hive Power), Polonia (Lawyerd!), Romania (NRGI.ai), Ungheria (Volteum) e Ucraina (InputSoft). L\u2019eterogeneit\u00e0 geografica va di pari passo con la variet\u00e0 dei settori industriali presidiati: le startup accelerate si concentrano su ambiti tra cui mobilit\u00e0 elettrica, infrastrutture, efficientamento energetico, economia circolare e benessere della persona, a testimonianza di come la sostenibilit\u00e0 in chiave Agenda 2030 sia divenuta testata d\u2019angolo del programma. Al termine delle 13 intense settimane lungo cui si snoda, il programma culminer\u00e0 il 21 aprile nel Demo Day, evento conclusivo che quest\u2019anno sar\u00e0 organizzato in modalit\u00e0 ibrida. La Live Ceremony in presenza si terr\u00e0 nella Sala Duomo delle Officine Grandi Riparazioni di Torino. Nel corso della cerimonia, saliranno sul palco le 12 startup, accanto ai Partner ed a personalit\u00e0 di spicco dello scenario internazionale. Il programma della serata \u00e8 cos\u00ec strutturato: 17:30: Registrazione 18:00: Saluti istituzionali dei Partner 18:30: Pitch delle 12 startup 19:30: Cocktail di networking nell\u2019area espositiva 21:00: Conclusione dei lavori &nbsp; Al contempo, l\u2019evento sar\u00e0 disponibile in live streaming per una fruizione da remoto. Per partecipare al Demo Day, in presenza o a distanza, registrati a questo link. Questa iniziativa contribuisce al raggiungimento dei seguenti Obiettivi di Sviluppo Sostenibile Rimani aggiornato sui nostri bandi e sui nostri progetti Compila il form e decidi su quale argomento vuoi ricevere notizie. \u00a0 ISCRIVITI!","protected":false},"author":19,"featured_media":8908,"comment_status":"closed","ping_status":"closed","sticky":false,"template":"","format":"standard","meta":{"_acf_changed":false,"content-type":"","footnotes":""},"categories":[17],"tags":[59,60,102,61,72],"class_list":["post-17534","post","type-post","status-publish","format-standard","has-post-thumbnail","hentry","category-news","tag-innovazione","tag-investitori","tag-mobilita-sostenibile","tag-sviluppo-organizzativo","tag-svolta-green","entry","post-inner"],"acf":[],"yoast_head":"<!-- This site is optimized with the Yoast SEO plugin v27.3 - https:\/\/yoast.com\/product\/yoast-seo-wordpress\/ -->\n<title>Verso il Demo Day di Torino Cities of the Future Techstars Accelerator - Fondazione Compagnia di San Paolo<\/title>\n<meta name=\"description\" content=\"Appuntamento a Torino il 21 aprile: 12 startup accelerate, provenienti da tutta Europa, presenteranno le loro soluzioni a una platea di investitori, imprenditori, executive e istituzioni.\" \/>\n<meta name=\"robots\" content=\"index, follow, max-snippet:-1, max-image-preview:large, max-video-preview:-1\" \/>\n<link rel=\"canonical\" href=\"https:\/\/www.compagniadisanpaolo.it\/it\/news\/verso-il-demo-day-di-torino-cities-of-the-future-techstars-accelerator\/\" \/>\n<meta property=\"og:locale\" content=\"it_IT\" \/>\n<meta property=\"og:type\" content=\"article\" \/>\n<meta property=\"og:title\" content=\"Verso il Demo Day di Torino Cities of the Future Techstars Accelerator - Fondazione Compagnia di San Paolo\" \/>\n<meta property=\"og:description\" content=\"Appuntamento a Torino il 21 aprile: 12 startup accelerate, provenienti da tutta Europa, presenteranno le loro soluzioni a una platea di investitori, imprenditori, executive e istituzioni.\" \/>\n<meta property=\"og:url\" content=\"https:\/\/www.compagniadisanpaolo.it\/it\/news\/verso-il-demo-day-di-torino-cities-of-the-future-techstars-accelerator\/\" \/>\n<meta property=\"og:site_name\" content=\"Fondazione Compagnia di San Paolo\" \/>\n<meta property=\"article:publisher\" content=\"https:\/\/www.facebook.com\/CompagniaDiSanPaolo\" \/>\n<meta property=\"article:published_time\" content=\"2022-04-11T12:47:57+00:00\" \/>\n<meta property=\"og:image\" content=\"https:\/\/www.compagniadisanpaolo.it\/wp-content\/uploads\/header-techstars.jpg\" \/>\n\t<meta property=\"og:image:width\" content=\"815\" \/>\n\t<meta property=\"og:image:height\" content=\"350\" \/>\n\t<meta property=\"og:image:type\" content=\"image\/jpeg\" \/>\n<meta name=\"author\" content=\"Federica\" \/>\n<meta name=\"twitter:card\" content=\"summary_large_image\" \/>\n<meta name=\"twitter:creator\" content=\"@CSP_live\" \/>\n<meta name=\"twitter:site\" content=\"@CSP_live\" \/>\n<meta name=\"twitter:label1\" content=\"Scritto da\" \/>\n\t<meta name=\"twitter:data1\" content=\"Federica\" \/>\n\t<meta name=\"twitter:label2\" content=\"Tempo di lettura stimato\" \/>\n\t<meta name=\"twitter:data2\" content=\"3 minuti\" \/>\n<script type=\"application\/ld+json\" class=\"yoast-schema-graph\">{\"@context\":\"https:\\\/\\\/schema.org\",\"@graph\":[{\"@type\":\"Article\",\"@id\":\"https:\\\/\\\/www.compagniadisanpaolo.it\\\/it\\\/news\\\/verso-il-demo-day-di-torino-cities-of-the-future-techstars-accelerator\\\/#article\",\"isPartOf\":{\"@id\":\"https:\\\/\\\/www.compagniadisanpaolo.it\\\/it\\\/news\\\/verso-il-demo-day-di-torino-cities-of-the-future-techstars-accelerator\\\/\"},\"author\":{\"name\":\"Federica\",\"@id\":\"https:\\\/\\\/www.compagniadisanpaolo.it\\\/it\\\/#\\\/schema\\\/person\\\/b7d5451541c25c82f29c5be1e78456b2\"},\"headline\":\"Verso il Demo Day di Torino Cities of the Future Techstars Accelerator\",\"datePublished\":\"2022-04-11T12:47:57+00:00\",\"mainEntityOfPage\":{\"@id\":\"https:\\\/\\\/www.compagniadisanpaolo.it\\\/it\\\/news\\\/verso-il-demo-day-di-torino-cities-of-the-future-techstars-accelerator\\\/\"},\"wordCount\":554,\"publisher\":{\"@id\":\"https:\\\/\\\/www.compagniadisanpaolo.it\\\/it\\\/#organization\"},\"image\":{\"@id\":\"https:\\\/\\\/www.compagniadisanpaolo.it\\\/it\\\/news\\\/verso-il-demo-day-di-torino-cities-of-the-future-techstars-accelerator\\\/#primaryimage\"},\"thumbnailUrl\":\"https:\\\/\\\/www.compagniadisanpaolo.it\\\/wp-content\\\/uploads\\\/header-techstars.jpg\",\"keywords\":[\"innovazione\",\"investitori\",\"mobilit\u00e0 sostenibile\",\"sviluppo organizzativo\",\"svolta green\"],\"articleSection\":[\"News\"],\"inLanguage\":\"it-IT\"},{\"@type\":\"WebPage\",\"@id\":\"https:\\\/\\\/www.compagniadisanpaolo.it\\\/it\\\/news\\\/verso-il-demo-day-di-torino-cities-of-the-future-techstars-accelerator\\\/\",\"url\":\"https:\\\/\\\/www.compagniadisanpaolo.it\\\/it\\\/news\\\/verso-il-demo-day-di-torino-cities-of-the-future-techstars-accelerator\\\/\",\"name\":\"Verso il Demo Day di Torino Cities of the Future Techstars Accelerator - Fondazione Compagnia di San Paolo\",\"isPartOf\":{\"@id\":\"https:\\\/\\\/www.compagniadisanpaolo.it\\\/it\\\/#website\"},\"primaryImageOfPage\":{\"@id\":\"https:\\\/\\\/www.compagniadisanpaolo.it\\\/it\\\/news\\\/verso-il-demo-day-di-torino-cities-of-the-future-techstars-accelerator\\\/#primaryimage\"},\"image\":{\"@id\":\"https:\\\/\\\/www.compagniadisanpaolo.it\\\/it\\\/news\\\/verso-il-demo-day-di-torino-cities-of-the-future-techstars-accelerator\\\/#primaryimage\"},\"thumbnailUrl\":\"https:\\\/\\\/www.compagniadisanpaolo.it\\\/wp-content\\\/uploads\\\/header-techstars.jpg\",\"datePublished\":\"2022-04-11T12:47:57+00:00\",\"description\":\"Appuntamento a Torino il 21 aprile: 12 startup accelerate, provenienti da tutta Europa, presenteranno le loro soluzioni a una platea di investitori, imprenditori, executive e istituzioni.\",\"breadcrumb\":{\"@id\":\"https:\\\/\\\/www.compagniadisanpaolo.it\\\/it\\\/news\\\/verso-il-demo-day-di-torino-cities-of-the-future-techstars-accelerator\\\/#breadcrumb\"},\"inLanguage\":\"it-IT\",\"potentialAction\":[{\"@type\":\"ReadAction\",\"target\":[\"https:\\\/\\\/www.compagniadisanpaolo.it\\\/it\\\/news\\\/verso-il-demo-day-di-torino-cities-of-the-future-techstars-accelerator\\\/\"]}]},{\"@type\":\"ImageObject\",\"inLanguage\":\"it-IT\",\"@id\":\"https:\\\/\\\/www.compagniadisanpaolo.it\\\/it\\\/news\\\/verso-il-demo-day-di-torino-cities-of-the-future-techstars-accelerator\\\/#primaryimage\",\"url\":\"https:\\\/\\\/www.compagniadisanpaolo.it\\\/wp-content\\\/uploads\\\/header-techstars.jpg\",\"contentUrl\":\"https:\\\/\\\/www.compagniadisanpaolo.it\\\/wp-content\\\/uploads\\\/header-techstars.jpg\",\"width\":815,\"height\":350,\"caption\":\"Techstars Smart Mobility Accelerator\"},{\"@type\":\"BreadcrumbList\",\"@id\":\"https:\\\/\\\/www.compagniadisanpaolo.it\\\/it\\\/news\\\/verso-il-demo-day-di-torino-cities-of-the-future-techstars-accelerator\\\/#breadcrumb\",\"itemListElement\":[{\"@type\":\"ListItem\",\"position\":1,\"name\":\"Home\",\"item\":\"https:\\\/\\\/www.compagniadisanpaolo.it\\\/it\\\/\"},{\"@type\":\"ListItem\",\"position\":2,\"name\":\"Verso il Demo Day di Torino Cities of the Future Techstars Accelerator\"}]},{\"@type\":\"WebSite\",\"@id\":\"https:\\\/\\\/www.compagniadisanpaolo.it\\\/it\\\/#website\",\"url\":\"https:\\\/\\\/www.compagniadisanpaolo.it\\\/it\\\/\",\"name\":\"Fondazione Compagnia di San Paolo\",\"description\":\"\",\"publisher\":{\"@id\":\"https:\\\/\\\/www.compagniadisanpaolo.it\\\/it\\\/#organization\"},\"potentialAction\":[{\"@type\":\"SearchAction\",\"target\":{\"@type\":\"EntryPoint\",\"urlTemplate\":\"https:\\\/\\\/www.compagniadisanpaolo.it\\\/it\\\/?s={search_term_string}\"},\"query-input\":{\"@type\":\"PropertyValueSpecification\",\"valueRequired\":true,\"valueName\":\"search_term_string\"}}],\"inLanguage\":\"it-IT\"},{\"@type\":\"Organization\",\"@id\":\"https:\\\/\\\/www.compagniadisanpaolo.it\\\/it\\\/#organization\",\"name\":\"Fondazione Compagnia di San Paolo\",\"url\":\"https:\\\/\\\/www.compagniadisanpaolo.it\\\/it\\\/\",\"logo\":{\"@type\":\"ImageObject\",\"inLanguage\":\"it-IT\",\"@id\":\"https:\\\/\\\/www.compagniadisanpaolo.it\\\/it\\\/#\\\/schema\\\/logo\\\/image\\\/\",\"url\":\"https:\\\/\\\/www.compagniadisanpaolo.it\\\/wp-content\\\/uploads\\\/logo.svg\",\"contentUrl\":\"https:\\\/\\\/www.compagniadisanpaolo.it\\\/wp-content\\\/uploads\\\/logo.svg\",\"width\":769,\"height\":323,\"caption\":\"Fondazione Compagnia di San Paolo\"},\"image\":{\"@id\":\"https:\\\/\\\/www.compagniadisanpaolo.it\\\/it\\\/#\\\/schema\\\/logo\\\/image\\\/\"},\"sameAs\":[\"https:\\\/\\\/www.facebook.com\\\/CompagniaDiSanPaolo\",\"https:\\\/\\\/x.com\\\/CSP_live\",\"http:\\\/\\\/instagram.com\\\/compagniadisanpaolo?ref=badge\",\"https:\\\/\\\/www.linkedin.com\\\/company\\\/compagnia-di-san-paolo\",\"https:\\\/\\\/www.youtube.com\\\/user\\\/compagniadisanpaolo\",\"https:\\\/\\\/it.wikipedia.org\\\/wiki\\\/Compagnia_di_San_Paolo\"]},{\"@type\":\"Person\",\"@id\":\"https:\\\/\\\/www.compagniadisanpaolo.it\\\/it\\\/#\\\/schema\\\/person\\\/b7d5451541c25c82f29c5be1e78456b2\",\"name\":\"Federica\",\"image\":{\"@type\":\"ImageObject\",\"inLanguage\":\"it-IT\",\"@id\":\"https:\\\/\\\/secure.gravatar.com\\\/avatar\\\/b5698fa13ac389b1f1fb1263a4626e219d853d7ccf112e854aea8c9c087d24ae?s=96&d=mm&r=g\",\"url\":\"https:\\\/\\\/secure.gravatar.com\\\/avatar\\\/b5698fa13ac389b1f1fb1263a4626e219d853d7ccf112e854aea8c9c087d24ae?s=96&d=mm&r=g\",\"contentUrl\":\"https:\\\/\\\/secure.gravatar.com\\\/avatar\\\/b5698fa13ac389b1f1fb1263a4626e219d853d7ccf112e854aea8c9c087d24ae?s=96&d=mm&r=g\",\"caption\":\"Federica\"}}]}<\/script>\n<!-- \/ Yoast SEO plugin. -->","yoast_head_json":{"title":"Verso il Demo Day di Torino Cities of the Future Techstars Accelerator - Fondazione Compagnia di San Paolo","description":"Appuntamento a Torino il 21 aprile: 12 startup accelerate, provenienti da tutta Europa, presenteranno le loro soluzioni a una platea di investitori, imprenditori, executive e istituzioni.","robots":{"index":"index","follow":"follow","max-snippet":"max-snippet:-1","max-image-preview":"max-image-preview:large","max-video-preview":"max-video-preview:-1"},"canonical":"https:\/\/www.compagniadisanpaolo.it\/it\/news\/verso-il-demo-day-di-torino-cities-of-the-future-techstars-accelerator\/","og_locale":"it_IT","og_type":"article","og_title":"Verso il Demo Day di Torino Cities of the Future Techstars Accelerator - Fondazione Compagnia di San Paolo","og_description":"Appuntamento a Torino il 21 aprile: 12 startup accelerate, provenienti da tutta Europa, presenteranno le loro soluzioni a una platea di investitori, imprenditori, executive e istituzioni.","og_url":"https:\/\/www.compagniadisanpaolo.it\/it\/news\/verso-il-demo-day-di-torino-cities-of-the-future-techstars-accelerator\/","og_site_name":"Fondazione Compagnia di San Paolo","article_publisher":"https:\/\/www.facebook.com\/CompagniaDiSanPaolo","article_published_time":"2022-04-11T12:47:57+00:00","og_image":[{"width":815,"height":350,"url":"https:\/\/www.compagniadisanpaolo.it\/wp-content\/uploads\/header-techstars.jpg","type":"image\/jpeg"}],"author":"Federica","twitter_card":"summary_large_image","twitter_creator":"@CSP_live","twitter_site":"@CSP_live","twitter_misc":{"Scritto da":"Federica","Tempo di lettura stimato":"3 minuti"},"schema":{"@context":"https:\/\/schema.org","@graph":[{"@type":"Article","@id":"https:\/\/www.compagniadisanpaolo.it\/it\/news\/verso-il-demo-day-di-torino-cities-of-the-future-techstars-accelerator\/#article","isPartOf":{"@id":"https:\/\/www.compagniadisanpaolo.it\/it\/news\/verso-il-demo-day-di-torino-cities-of-the-future-techstars-accelerator\/"},"author":{"name":"Federica","@id":"https:\/\/www.compagniadisanpaolo.it\/it\/#\/schema\/person\/b7d5451541c25c82f29c5be1e78456b2"},"headline":"Verso il Demo Day di Torino Cities of the Future Techstars Accelerator","datePublished":"2022-04-11T12:47:57+00:00","mainEntityOfPage":{"@id":"https:\/\/www.compagniadisanpaolo.it\/it\/news\/verso-il-demo-day-di-torino-cities-of-the-future-techstars-accelerator\/"},"wordCount":554,"publisher":{"@id":"https:\/\/www.compagniadisanpaolo.it\/it\/#organization"},"image":{"@id":"https:\/\/www.compagniadisanpaolo.it\/it\/news\/verso-il-demo-day-di-torino-cities-of-the-future-techstars-accelerator\/#primaryimage"},"thumbnailUrl":"https:\/\/www.compagniadisanpaolo.it\/wp-content\/uploads\/header-techstars.jpg","keywords":["innovazione","investitori","mobilit\u00e0 sostenibile","sviluppo organizzativo","svolta green"],"articleSection":["News"],"inLanguage":"it-IT"},{"@type":"WebPage","@id":"https:\/\/www.compagniadisanpaolo.it\/it\/news\/verso-il-demo-day-di-torino-cities-of-the-future-techstars-accelerator\/","url":"https:\/\/www.compagniadisanpaolo.it\/it\/news\/verso-il-demo-day-di-torino-cities-of-the-future-techstars-accelerator\/","name":"Verso il Demo Day di Torino Cities of the Future Techstars Accelerator - Fondazione Compagnia di San Paolo","isPartOf":{"@id":"https:\/\/www.compagniadisanpaolo.it\/it\/#website"},"primaryImageOfPage":{"@id":"https:\/\/www.compagniadisanpaolo.it\/it\/news\/verso-il-demo-day-di-torino-cities-of-the-future-techstars-accelerator\/#primaryimage"},"image":{"@id":"https:\/\/www.compagniadisanpaolo.it\/it\/news\/verso-il-demo-day-di-torino-cities-of-the-future-techstars-accelerator\/#primaryimage"},"thumbnailUrl":"https:\/\/www.compagniadisanpaolo.it\/wp-content\/uploads\/header-techstars.jpg","datePublished":"2022-04-11T12:47:57+00:00","description":"Appuntamento a Torino il 21 aprile: 12 startup accelerate, provenienti da tutta Europa, presenteranno le loro soluzioni a una platea di investitori, imprenditori, executive e istituzioni.","breadcrumb":{"@id":"https:\/\/www.compagniadisanpaolo.it\/it\/news\/verso-il-demo-day-di-torino-cities-of-the-future-techstars-accelerator\/#breadcrumb"},"inLanguage":"it-IT","potentialAction":[{"@type":"ReadAction","target":["https:\/\/www.compagniadisanpaolo.it\/it\/news\/verso-il-demo-day-di-torino-cities-of-the-future-techstars-accelerator\/"]}]},{"@type":"ImageObject","inLanguage":"it-IT","@id":"https:\/\/www.compagniadisanpaolo.it\/it\/news\/verso-il-demo-day-di-torino-cities-of-the-future-techstars-accelerator\/#primaryimage","url":"https:\/\/www.compagniadisanpaolo.it\/wp-content\/uploads\/header-techstars.jpg","contentUrl":"https:\/\/www.compagniadisanpaolo.it\/wp-content\/uploads\/header-techstars.jpg","width":815,"height":350,"caption":"Techstars Smart Mobility Accelerator"},{"@type":"BreadcrumbList","@id":"https:\/\/www.compagniadisanpaolo.it\/it\/news\/verso-il-demo-day-di-torino-cities-of-the-future-techstars-accelerator\/#breadcrumb","itemListElement":[{"@type":"ListItem","position":1,"name":"Home","item":"https:\/\/www.compagniadisanpaolo.it\/it\/"},{"@type":"ListItem","position":2,"name":"Verso il Demo Day di Torino Cities of the Future Techstars Accelerator"}]},{"@type":"WebSite","@id":"https:\/\/www.compagniadisanpaolo.it\/it\/#website","url":"https:\/\/www.compagniadisanpaolo.it\/it\/","name":"Fondazione Compagnia di San Paolo","description":"","publisher":{"@id":"https:\/\/www.compagniadisanpaolo.it\/it\/#organization"},"potentialAction":[{"@type":"SearchAction","target":{"@type":"EntryPoint","urlTemplate":"https:\/\/www.compagniadisanpaolo.it\/it\/?s={search_term_string}"},"query-input":{"@type":"PropertyValueSpecification","valueRequired":true,"valueName":"search_term_string"}}],"inLanguage":"it-IT"},{"@type":"Organization","@id":"https:\/\/www.compagniadisanpaolo.it\/it\/#organization","name":"Fondazione Compagnia di San Paolo","url":"https:\/\/www.compagniadisanpaolo.it\/it\/","logo":{"@type":"ImageObject","inLanguage":"it-IT","@id":"https:\/\/www.compagniadisanpaolo.it\/it\/#\/schema\/logo\/image\/","url":"https:\/\/www.compagniadisanpaolo.it\/wp-content\/uploads\/logo.svg","contentUrl":"https:\/\/www.compagniadisanpaolo.it\/wp-content\/uploads\/logo.svg","width":769,"height":323,"caption":"Fondazione Compagnia di San Paolo"},"image":{"@id":"https:\/\/www.compagniadisanpaolo.it\/it\/#\/schema\/logo\/image\/"},"sameAs":["https:\/\/www.facebook.com\/CompagniaDiSanPaolo","https:\/\/x.com\/CSP_live","http:\/\/instagram.com\/compagniadisanpaolo?ref=badge","https:\/\/www.linkedin.com\/company\/compagnia-di-san-paolo","https:\/\/www.youtube.com\/user\/compagniadisanpaolo","https:\/\/it.wikipedia.org\/wiki\/Compagnia_di_San_Paolo"]},{"@type":"Person","@id":"https:\/\/www.compagniadisanpaolo.it\/it\/#\/schema\/person\/b7d5451541c25c82f29c5be1e78456b2","name":"Federica","image":{"@type":"ImageObject","inLanguage":"it-IT","@id":"https:\/\/secure.gravatar.com\/avatar\/b5698fa13ac389b1f1fb1263a4626e219d853d7ccf112e854aea8c9c087d24ae?s=96&d=mm&r=g","url":"https:\/\/secure.gravatar.com\/avatar\/b5698fa13ac389b1f1fb1263a4626e219d853d7ccf112e854aea8c9c087d24ae?s=96&d=mm&r=g","contentUrl":"https:\/\/secure.gravatar.com\/avatar\/b5698fa13ac389b1f1fb1263a4626e219d853d7ccf112e854aea8c9c087d24ae?s=96&d=mm&r=g","caption":"Federica"}}]}},"amp_enabled":true,"_links":{"self":[{"href":"https:\/\/www.compagniadisanpaolo.it\/it\/wp-json\/wp\/v2\/posts\/17534","targetHints":{"allow":["GET"]}}],"collection":[{"href":"https:\/\/www.compagniadisanpaolo.it\/it\/wp-json\/wp\/v2\/posts"}],"about":[{"href":"https:\/\/www.compagniadisanpaolo.it\/it\/wp-json\/wp\/v2\/types\/post"}],"author":[{"embeddable":true,"href":"https:\/\/www.compagniadisanpaolo.it\/it\/wp-json\/wp\/v2\/users\/19"}],"replies":[{"embeddable":true,"href":"https:\/\/www.compagniadisanpaolo.it\/it\/wp-json\/wp\/v2\/comments?post=17534"}],"version-history":[{"count":2,"href":"https:\/\/www.compagniadisanpaolo.it\/it\/wp-json\/wp\/v2\/posts\/17534\/revisions"}],"predecessor-version":[{"id":17539,"href":"https:\/\/www.compagniadisanpaolo.it\/it\/wp-json\/wp\/v2\/posts\/17534\/revisions\/17539"}],"wp:featuredmedia":[{"embeddable":true,"href":"https:\/\/www.compagniadisanpaolo.it\/it\/wp-json\/wp\/v2\/media\/8908"}],"wp:attachment":[{"href":"https:\/\/www.compagniadisanpaolo.it\/it\/wp-json\/wp\/v2\/media?parent=17534"}],"wp:term":[{"taxonomy":"category","embeddable":true,"href":"https:\/\/www.compagniadisanpaolo.it\/it\/wp-json\/wp\/v2\/categories?post=17534"},{"taxonomy":"post_tag","embeddable":true,"href":"https:\/\/www.compagniadisanpaolo.it\/it\/wp-json\/wp\/v2\/tags?post=17534"}],"curies":[{"name":"wp","href":"https:\/\/api.w.org\/{rel}","templated":true}]}}