{"id":17255,"date":"2022-03-24T12:18:56","date_gmt":"2022-03-24T11:18:56","guid":{"rendered":"https:\/\/www.compagniadisanpaolo.it\/?p=17255"},"modified":"2022-04-29T14:49:52","modified_gmt":"2022-04-29T12:49:52","slug":"lanciata-la-call-for-proposals-la-bella-stagione-2022","status":"publish","type":"post","link":"https:\/\/www.compagniadisanpaolo.it\/it\/news\/lanciata-la-call-for-proposals-la-bella-stagione-2022\/","title":{"rendered":"Lanciata la call for proposals \u201cLa Bella Stagione 2022\u201d"},"content":{"rendered":"<div class=\"wpb-content-wrapper\">[vc_row][vc_column][vc_column_text el_class=&#8221;text-headline2&#8243;]Al via la raccolta di proposte \u201cLa Bella Stagione 2022\u201d che si rivolge a istituzioni ed enti culturali per costruire un programma di attivit\u00e0 estive dedicato ai pi\u00f9 giovani.[\/vc_column_text][\/vc_column][\/vc_row][vc_row][vc_column][vc_column_text]\n<div class=\"info-box mission\">\n\t\t<div class=\"info-box-wrap info-box-hor row pb-0\">\n\n\t\t      \n\t\t      <div class=\"spalla col-12 col-md-12\">\n\t\t\t<div class=\"info-box sharing-box\">\n\t\t\t  <span class=\"label\">Condividi:<\/span>\n\t\t\t  <div class=\"social-sharing\">\n\t\t\t    <span class=\"box\">\n\t\t\t      <a class=\"fb\" href=\"https:\/\/www.facebook.com\/sharer.php?u=https:\/\/www.compagniadisanpaolo.it\/it\/news\/lanciata-la-call-for-proposals-la-bella-stagione-2022\/\" target=\"_blank\">\n\t\t\t\t<span class=\"sr-only\">Facebook<\/span>\n\t\t\t\t<i class=\"fab fa-facebook-f\"><\/i>\n\t\t\t      <\/a>\n\t\t\t    <\/span>\n\t\t\t    \n\t\t\t    <style>\n.twitter, .twitter:hover{\ncolor:#000000 !important;}\n<\/style>\n\n\n\t\t\t    <span class=\"box\">\n\t\t\t      <a class=\"twitter\" href=\"https:\/\/twitter.com\/intent\/tweet?url=https:\/\/www.compagniadisanpaolo.it\/it\/news\/lanciata-la-call-for-proposals-la-bella-stagione-2022\/\">\n\t\t\t\t<span class=\"sr-only\">Twitter<\/span>\n\t\t\t\t<i class=\"fa-brands fa-x-twitter\"><\/i>\n\t\t\t      <\/a>\n\t\t\t    <\/span>\n\n\t\t\t    \n\t\t\t    <span class=\"box\">\n\t\t\t      <a class=\"linkedin\" href=\"https:\/\/www.linkedin.com\/shareArticle?mini=true&url=https:\/\/www.compagniadisanpaolo.it\/it\/news\/lanciata-la-call-for-proposals-la-bella-stagione-2022\/\">\n\t\t\t\t<span class=\"sr-only\">Linkedin<\/span>\n\t\t\t\t  <i class=\"fa-brands fa-linkedin-in\"><\/i>\n\t\t\t      <\/a>\n\t\t\t    <\/span>\n\n\t\t\t    <span class=\"box\">\n\t\t\t      <a class=\"whatsapp\" href=\"whatsapp:\/\/send?text=https:\/\/www.compagniadisanpaolo.it\/it\/news\/lanciata-la-call-for-proposals-la-bella-stagione-2022\/\" data-action=\"share\/whatsapp\/share\">\n\t\t\t\t<span class=\"sr-only\">Whatsapp<\/span>\n\t\t\t\t<i class=\"fa-brands fa-whatsapp\"><\/i>\n\t\t\t      <\/a>\n\t\t\t    <\/span>\n\n\t\t\t    <span class=\"box\">\n\t\t\t      <a class=\"mail\" href=\"mailto:?subject=Lanciata la call for proposals \u201cLa Bella Stagione 2022\u201d&body=https:\/\/www.compagniadisanpaolo.it\/it\/news\/lanciata-la-call-for-proposals-la-bella-stagione-2022\/\">\n\t\t\t\t<span class=\"sr-only\">Mail<\/span>\n\t\t\t\t <i class=\"fa-solid fa-envelope\"><\/i>\n\t\t\t      <\/a>\n\t\t\t    <\/span>\n\t\t\t    \n\t\t\t  <\/div>\n\t\t\t<\/div>\n\t      <\/div>\n\t    <\/div><\/div>\n[\/vc_column_text][\/vc_column][\/vc_row][vc_row][vc_column width=&#8221;1\/4&#8243;][vc_column_text]\n\n\n\t\t<div class=\"info-box-wrap\">\n\n\t  <div class=\"info-box date-pub\">\n\t  \t<span class=\"label\">Data di pubblicazione:<\/span>\n\t    <span class=\"value\">24 Marzo 2022<\/span>\n\t  <\/div>\n\t\t\t\t  <div class=\"info-box obj-culture\">\n\t\t\t\t\t  <div class=\"info-box obj\"><span class=\"label\">Obiettivo<\/span>\n\t\t\t\t\t    <div class=\"obj-small-box\">\n\t\t\t\t\t      <span>Cultura.<\/span>\n\t\t\t\t\t    <\/div>\n\t\t\t\t\t  <\/div>\n\t\t\t\t  <\/div>\n\t\t\t  \n\t\t  \t   <div class=\"info-box obj-people\">\n\t\t\t\t  <div class=\"info-box obj\"><span class=\"label\">Obiettivo<\/span>\n\t\t\t\t    <div class=\"obj-small-box\">\n\t\t\t\t      <span>Persone.<\/span>\n\t\t\t\t    <\/div>\n\t\t\t\t  <\/div>\n\t\t\t  <\/div><div class=\"info-box mission\"><span class=\"label\">Tag<\/span><a href=\"https:\/\/www.compagniadisanpaolo.it\/it\/tags\/risultati\/?_sft_post_tag=cittadinanza-attiva\" class=\"tag-element\">Cittadinanza attiva<\/a><a href=\"https:\/\/www.compagniadisanpaolo.it\/it\/tags\/risultati\/?_sft_post_tag=comunita-educanti\" class=\"tag-element\">Comunit\u00e0 educanti<\/a><a href=\"https:\/\/www.compagniadisanpaolo.it\/it\/tags\/risultati\/?_sft_post_tag=creativita-ed-esperienze-attive\" class=\"tag-element\">Creativit\u00e0 ed esperienze attive<\/a><a href=\"https:\/\/www.compagniadisanpaolo.it\/it\/tags\/risultati\/?_sft_post_tag=creazione-di-reti-solide\" class=\"tag-element\">Creazione di reti solide<\/a><a href=\"https:\/\/www.compagniadisanpaolo.it\/it\/tags\/risultati\/?_sft_post_tag=empowerment-delle-famiglie\" class=\"tag-element\">Empowerment delle famiglie<\/a><a href=\"https:\/\/www.compagniadisanpaolo.it\/it\/tags\/risultati\/?_sft_post_tag=nuove-generazioni\" class=\"tag-element\">Nuove generazioni<\/a><a href=\"https:\/\/www.compagniadisanpaolo.it\/it\/tags\/risultati\/?_sft_post_tag=protagonismo-delle-comunita\" class=\"tag-element\">Protagonismo delle comunit\u00e0<\/a><\/div>\t  \n\t<\/div>\n[\/vc_column_text][\/vc_column][vc_column width=&#8221;3\/4&#8243; el_class=&#8221;page-content&#8221;][vc_column_text el_class=&#8221;text&#8221;]Dopo il successo ottenuto dalle esperienze del 2020 e del 2021 nell\u2019ambito del progetto \u201c<a href=\"https:\/\/www.compagniadisanpaolo.it\/it\/news\/call-per-la-bella-estate-un-palinsesto-di-attivita-dedicato-a-bambini-e-ragazzi\/\" target=\"_blank\" rel=\"noopener\"><strong>La Bella Estate<\/strong><\/a>\u201d e \u201c<strong>La Bella Stagione<\/strong>\u201d, la Fondazione Compagnia di San Paolo intende lavorare fin da ora per <strong>attrarre e rendere partecipi e attivi migliaia di bambini e ragazzi <\/strong>che animeranno la citt\u00e0 grazie all\u2019<strong>Estate Ragazzi del Comune di Torino \u2013 ITER<\/strong>, agli <strong>Oratori<\/strong> e alle <strong>associazioni del territorio<\/strong> durante le settimane estive.<\/p>\n<p>La call for proposals \u201c<strong>La Bella Stagione 2022 <\/strong><strong>&#8211; un palinsesto di esperienze in citt\u00e0<\/strong>\u201d <strong>si rivolge alle istituzioni e agli enti culturali<\/strong> che organizzano attivit\u00e0 di partecipazione e cittadinanza <strong>per <\/strong><strong>creare un vero e proprio palinsesto aperto di attivit\u00e0<\/strong>, a Torino e prima cintura, <strong>da offrire ai gruppi estivi<\/strong>, mettendo a fattor comune diverse iniziative, intrecciate ma autonome.<\/p>\n<p>Il tessuto cittadino, infatti, \u00e8 ricco di occasioni diffuse di <strong>fruizione di contenuti culturali ed esperienze attive<\/strong> proposte da musei, istituzioni culturali, centri culturali, associazioni impegnate nella <strong>promozione artistica e creativa<\/strong>, nella <strong>riscoperta del territorio<\/strong>, nella <strong>divulgazione scientifica<\/strong> e nell\u2019<strong>educazione ambientale<\/strong>.<\/p>\n<p><strong>L\u2019obiettivo della call for proposals<\/strong> \u00e8 quello di dare vita a un <strong>calendario condiviso<\/strong> &#8211; dal 13 giugno al 9 settembre 2022 &#8211; <strong>per potenziare le occasioni di partecipazione e crescita dei bambini\/e e ragazzi\/e<\/strong>, attraverso i centri estivi degli oratori, gli Enti che organizzano le attivit\u00e0 estive nell\u2019ambito dell\u2019Estate Ragazzi della Citt\u00e0 di Torino \u2013 ITER e le associazioni del territorio.<\/p>\n<p>A garantire l\u2019accesso al palinsesto sar\u00e0 l\u2019Abbonamento Musei Junior che verr\u00e0 distribuito a tutte e tutti i partecipanti, grazie alla collaborazione attivata con l\u2019Associazione Abbonamento Musei.<\/p>\n<p>\u201c<strong>La<\/strong> <strong>Bella Stagione 2022\u201d<\/strong> \u00e8 inserita nella piattaforma educativa \u201c<strong>2022. Un\u2019Estate Insieme<\/strong>\u201d, programma capace di rispondere in modo efficace ai bisogni di bambini, bambine e adolescenti. Si tratta di un\u2019azione corale della Fondazione Compagnia di San Paolo, coordinata dall\u2019<a href=\"https:\/\/www.compagniadisanpaolo.it\/it\/le-nostre-sfide\/obiettivo-persone\/\" target=\"_blank\" rel=\"noopener\"><strong>Obiettivo Persone<\/strong><\/a>\u00a0\u2013 Missione <a href=\"https:\/\/www.compagniadisanpaolo.it\/it\/le-nostre-sfide\/obiettivo-persone\/educare-per-crescere-insieme\/\" target=\"_blank\" rel=\"noopener\"><strong>Educare per crescere insieme<\/strong><\/a>, con l\u2019<a href=\"https:\/\/www.compagniadisanpaolo.it\/it\/le-nostre-sfide\/obiettivo-cultura\/\" target=\"_blank\" rel=\"noopener\"><strong>Obiettivo Cultura<\/strong><\/a>\u00a0\u2013 Missione <a href=\"https:\/\/www.compagniadisanpaolo.it\/it\/le-nostre-sfide\/obiettivo-cultura\/sviluppare-competenze\/\" target=\"_blank\" rel=\"noopener\"><strong>Sviluppare competenze<\/strong><\/a>, e dei suoi enti strumentali <strong>Fondazione per la Scuola<\/strong>, <strong>Ufficio Pio<\/strong> e <strong>Consorzio Xk\u00e8? ZeroTredici<\/strong>, in collaborazione con la <strong>Citt\u00e0 di Torino<\/strong>, <strong>l\u2019Ufficio Scolastico Regionale per il Piemonte<\/strong>, gli <strong>oratori salesiani<\/strong> <strong>e diocesani<\/strong>, le <strong>organizzazioni territoriali<\/strong> e le <strong>istituzioni scolastiche<\/strong>.<\/p>\n<p>Visita la sezione contributi a <a href=\"\/\/www.compagniadisanpaolo.it\/it\/contributi\/la-bella-stagione-2022\/\" target=\"_blank\" rel=\"noopener\"><strong>questo link<\/strong><\/a> per consultare i dettagli della call.<\/p>\n<p>Gli enti interessati a partecipare alla call dovranno compilare il form di partecipazione, disponibile a <a href=\"https:\/\/forms.gle\/3Ah6ChNhxPEjBYYi7\" target=\"_blank\" rel=\"noopener\"><strong>questo link<\/strong><\/a>, <strong>entro il 7 aprile 2022<\/strong>.[\/vc_column_text][\/vc_column][\/vc_row][vc_row el_class=&#8221;sdg-list-wrap&#8221;][vc_column][vc_raw_html]JTVCbW9zdHJhU0RHUyU1RA==[\/vc_raw_html][\/vc_column][\/vc_row][vc_row el_class=&#8221;sdg-list-wrap&#8221;][vc_column][vc_raw_html]JTVCU2V6aW9uZV9Eb2N1bWVudGklNUQ=[\/vc_raw_html][\/vc_column][\/vc_row][vc_row][vc_column]<div class=\"templatera_shortcode\"><div data-vc-full-width=\"true\" data-vc-full-width-temp=\"true\" data-vc-full-width-init=\"false\" class=\"vc_row wpb_row vc_row-fluid newsletter-wrap\"><div class=\"wpb_column vc_column_container vc_col-sm-12\"><div class=\"vc_column-inner\"><div class=\"wpb_wrapper\">\n\t<div class=\"wpb_raw_code wpb_raw_html wpb_content_element\" >\n\t\t<div class=\"wpb_wrapper\">\n\t\t\t    <div class=\"container\">\n      <div class=\"row align-items-center\">\n\t<div class=\"col-12 col-lg-6 col-xl-5 mb-3 mb-lg-0 pr-0\">\n\t  <h2 class=\"title\">Rimani aggiornato sui nostri bandi e sui nostri progetti<\/h2>\n\t<\/div>\n\t<div class=\"col-12 col-lg-6 col-xl-7 pl-xl-4\">\n\t  <a class=\"standard-link-block\" href=\"\/it\/newsletter\/\">\n\t    Compila il form e decidi su quale argomento vuoi ricevere notizie.\t    <strong>\u00a0 ISCRIVITI!<\/strong>\n\t  <\/a>\n\t<\/div>\n      <\/div>\n    <\/div>\n\t\t<\/div>\n\t<\/div>\n<\/div><\/div><\/div><\/div><div class=\"vc_row-full-width vc_clearfix\"><\/div><\/div>[\/vc_column][\/vc_row]\n<\/div>","protected":false},"excerpt":{"rendered":"Al via la raccolta di proposte \u201cLa Bella Stagione 2022\u201d che si rivolge a istituzioni ed enti culturali per costruire un programma di attivit\u00e0 estive dedicato ai pi\u00f9 giovani. Condividi: Facebook Twitter Linkedin Whatsapp Mail Data di pubblicazione: 24 Marzo 2022 Obiettivo Cultura. Obiettivo Persone. TagCittadinanza attivaComunit\u00e0 educantiCreativit\u00e0 ed esperienze attiveCreazione di reti solideEmpowerment delle famiglieNuove generazioniProtagonismo delle comunit\u00e0 Dopo il successo ottenuto dalle esperienze del 2020 e del 2021 nell\u2019ambito del progetto \u201cLa Bella Estate\u201d e \u201cLa Bella Stagione\u201d, la Fondazione Compagnia di San Paolo intende lavorare fin da ora per attrarre e rendere partecipi e attivi migliaia di bambini e ragazzi che animeranno la citt\u00e0 grazie all\u2019Estate Ragazzi del Comune di Torino \u2013 ITER, agli Oratori e alle associazioni del territorio durante le settimane estive. La call for proposals \u201cLa Bella Stagione 2022 - un palinsesto di esperienze in citt\u00e0\u201d si rivolge alle istituzioni e agli enti culturali che organizzano attivit\u00e0 di partecipazione e cittadinanza per creare un vero e proprio palinsesto aperto di attivit\u00e0, a Torino e prima cintura, da offrire ai gruppi estivi, mettendo a fattor comune diverse iniziative, intrecciate ma autonome. Il tessuto cittadino, infatti, \u00e8 ricco di occasioni diffuse di fruizione di contenuti culturali ed esperienze attive proposte da musei, istituzioni culturali, centri culturali, associazioni impegnate nella promozione artistica e creativa, nella riscoperta del territorio, nella divulgazione scientifica e nell\u2019educazione ambientale. L\u2019obiettivo della call for proposals \u00e8 quello di dare vita a un calendario condiviso - dal 13 giugno al 9 settembre 2022 - per potenziare le occasioni di partecipazione e crescita dei bambini\/e e ragazzi\/e, attraverso i centri estivi degli oratori, gli Enti che organizzano le attivit\u00e0 estive nell\u2019ambito dell\u2019Estate Ragazzi della Citt\u00e0 di Torino \u2013 ITER e le associazioni del territorio. A garantire l\u2019accesso al palinsesto sar\u00e0 l\u2019Abbonamento Musei Junior che verr\u00e0 distribuito a tutte e tutti i partecipanti, grazie alla collaborazione attivata con l\u2019Associazione Abbonamento Musei. \u201cLa Bella Stagione 2022\u201d \u00e8 inserita nella piattaforma educativa \u201c2022. Un\u2019Estate Insieme\u201d, programma capace di rispondere in modo efficace ai bisogni di bambini, bambine e adolescenti. Si tratta di un\u2019azione corale della Fondazione Compagnia di San Paolo, coordinata dall\u2019Obiettivo Persone\u00a0\u2013 Missione Educare per crescere insieme, con l\u2019Obiettivo Cultura\u00a0\u2013 Missione Sviluppare competenze, e dei suoi enti strumentali Fondazione per la Scuola, Ufficio Pio e Consorzio Xk\u00e8? ZeroTredici, in collaborazione con la Citt\u00e0 di Torino, l\u2019Ufficio Scolastico Regionale per il Piemonte, gli oratori salesiani e diocesani, le organizzazioni territoriali e le istituzioni scolastiche. Visita la sezione contributi a questo link per consultare i dettagli della call. Gli enti interessati a partecipare alla call dovranno compilare il form di partecipazione, disponibile a questo link, entro il 7 aprile 2022. Questa iniziativa contribuisce al raggiungimento dei seguenti Obiettivi di Sviluppo Sostenibile Documenti di riferimento La Bella Stagione 2022 - Elenco dati da inserire su Google Forms Scarica il documento Rimani aggiornato sui nostri bandi e sui nostri progetti Compila il form e decidi su quale argomento vuoi ricevere notizie. \u00a0 ISCRIVITI!","protected":false},"author":19,"featured_media":12473,"comment_status":"closed","ping_status":"closed","sticky":false,"template":"","format":"standard","meta":{"_acf_changed":false,"content-type":"","footnotes":""},"categories":[17],"tags":[84,81,63,70,80,54,90],"class_list":["post-17255","post","type-post","status-publish","format-standard","has-post-thumbnail","hentry","category-news","tag-cittadinanza-attiva","tag-comunita-educanti","tag-creativita-ed-esperienze-attive","tag-creazione-di-reti-solide","tag-empowerment-delle-famiglie","tag-nuove-generazioni","tag-protagonismo-delle-comunita","entry","post-inner"],"acf":[],"yoast_head":"<!-- This site is optimized with the Yoast SEO plugin v27.3 - https:\/\/yoast.com\/product\/yoast-seo-wordpress\/ -->\n<title>Lanciata la call for proposals \u201cLa Bella Stagione 2022\u201d - Fondazione Compagnia di San Paolo<\/title>\n<meta name=\"description\" content=\"Al via la raccolta di proposte \u201cLa Bella Stagione 2022\u201d che si rivolge a istituzioni ed enti culturali per costruire un programma di attivit\u00e0 estive dedicato ai pi\u00f9 giovani.\" \/>\n<meta name=\"robots\" content=\"index, follow, max-snippet:-1, max-image-preview:large, max-video-preview:-1\" \/>\n<link rel=\"canonical\" href=\"https:\/\/www.compagniadisanpaolo.it\/it\/news\/lanciata-la-call-for-proposals-la-bella-stagione-2022\/\" \/>\n<meta property=\"og:locale\" content=\"it_IT\" \/>\n<meta property=\"og:type\" content=\"article\" \/>\n<meta property=\"og:title\" content=\"Lanciata la call for proposals \u201cLa Bella Stagione 2022\u201d - Fondazione Compagnia di San Paolo\" \/>\n<meta property=\"og:description\" content=\"Al via la raccolta di proposte \u201cLa Bella Stagione 2022\u201d che si rivolge a istituzioni ed enti culturali per costruire un programma di attivit\u00e0 estive dedicato ai pi\u00f9 giovani.\" \/>\n<meta property=\"og:url\" content=\"https:\/\/www.compagniadisanpaolo.it\/it\/news\/lanciata-la-call-for-proposals-la-bella-stagione-2022\/\" \/>\n<meta property=\"og:site_name\" content=\"Fondazione Compagnia di San Paolo\" \/>\n<meta property=\"article:publisher\" content=\"https:\/\/www.facebook.com\/CompagniaDiSanPaolo\" \/>\n<meta property=\"article:published_time\" content=\"2022-03-24T11:18:56+00:00\" \/>\n<meta property=\"article:modified_time\" content=\"2022-04-29T12:49:52+00:00\" \/>\n<meta property=\"og:image\" content=\"https:\/\/www.compagniadisanpaolo.it\/wp-content\/uploads\/la-bella-stagione-header.jpg\" \/>\n\t<meta property=\"og:image:width\" content=\"815\" \/>\n\t<meta property=\"og:image:height\" content=\"350\" \/>\n\t<meta property=\"og:image:type\" content=\"image\/jpeg\" \/>\n<meta name=\"author\" content=\"Federica\" \/>\n<meta name=\"twitter:card\" content=\"summary_large_image\" \/>\n<meta name=\"twitter:creator\" content=\"@CSP_live\" \/>\n<meta name=\"twitter:site\" content=\"@CSP_live\" \/>\n<meta name=\"twitter:label1\" content=\"Scritto da\" \/>\n\t<meta name=\"twitter:data1\" content=\"Federica\" \/>\n\t<meta name=\"twitter:label2\" content=\"Tempo di lettura stimato\" \/>\n\t<meta name=\"twitter:data2\" content=\"3 minuti\" \/>\n<script type=\"application\/ld+json\" class=\"yoast-schema-graph\">{\"@context\":\"https:\\\/\\\/schema.org\",\"@graph\":[{\"@type\":\"Article\",\"@id\":\"https:\\\/\\\/www.compagniadisanpaolo.it\\\/it\\\/news\\\/lanciata-la-call-for-proposals-la-bella-stagione-2022\\\/#article\",\"isPartOf\":{\"@id\":\"https:\\\/\\\/www.compagniadisanpaolo.it\\\/it\\\/news\\\/lanciata-la-call-for-proposals-la-bella-stagione-2022\\\/\"},\"author\":{\"name\":\"Federica\",\"@id\":\"https:\\\/\\\/www.compagniadisanpaolo.it\\\/it\\\/#\\\/schema\\\/person\\\/b7d5451541c25c82f29c5be1e78456b2\"},\"headline\":\"Lanciata la call for proposals \u201cLa Bella Stagione 2022\u201d\",\"datePublished\":\"2022-03-24T11:18:56+00:00\",\"dateModified\":\"2022-04-29T12:49:52+00:00\",\"mainEntityOfPage\":{\"@id\":\"https:\\\/\\\/www.compagniadisanpaolo.it\\\/it\\\/news\\\/lanciata-la-call-for-proposals-la-bella-stagione-2022\\\/\"},\"wordCount\":540,\"publisher\":{\"@id\":\"https:\\\/\\\/www.compagniadisanpaolo.it\\\/it\\\/#organization\"},\"image\":{\"@id\":\"https:\\\/\\\/www.compagniadisanpaolo.it\\\/it\\\/news\\\/lanciata-la-call-for-proposals-la-bella-stagione-2022\\\/#primaryimage\"},\"thumbnailUrl\":\"https:\\\/\\\/www.compagniadisanpaolo.it\\\/wp-content\\\/uploads\\\/la-bella-stagione-header.jpg\",\"keywords\":[\"cittadinanza attiva\",\"comunit\u00e0 educanti\",\"creativit\u00e0 ed esperienze attive\",\"creazione di reti solide\",\"empowerment delle famiglie\",\"nuove generazioni\",\"protagonismo delle comunit\u00e0\"],\"articleSection\":[\"News\"],\"inLanguage\":\"it-IT\"},{\"@type\":\"WebPage\",\"@id\":\"https:\\\/\\\/www.compagniadisanpaolo.it\\\/it\\\/news\\\/lanciata-la-call-for-proposals-la-bella-stagione-2022\\\/\",\"url\":\"https:\\\/\\\/www.compagniadisanpaolo.it\\\/it\\\/news\\\/lanciata-la-call-for-proposals-la-bella-stagione-2022\\\/\",\"name\":\"Lanciata la call for proposals \u201cLa Bella Stagione 2022\u201d - Fondazione Compagnia di San Paolo\",\"isPartOf\":{\"@id\":\"https:\\\/\\\/www.compagniadisanpaolo.it\\\/it\\\/#website\"},\"primaryImageOfPage\":{\"@id\":\"https:\\\/\\\/www.compagniadisanpaolo.it\\\/it\\\/news\\\/lanciata-la-call-for-proposals-la-bella-stagione-2022\\\/#primaryimage\"},\"image\":{\"@id\":\"https:\\\/\\\/www.compagniadisanpaolo.it\\\/it\\\/news\\\/lanciata-la-call-for-proposals-la-bella-stagione-2022\\\/#primaryimage\"},\"thumbnailUrl\":\"https:\\\/\\\/www.compagniadisanpaolo.it\\\/wp-content\\\/uploads\\\/la-bella-stagione-header.jpg\",\"datePublished\":\"2022-03-24T11:18:56+00:00\",\"dateModified\":\"2022-04-29T12:49:52+00:00\",\"description\":\"Al via la raccolta di proposte \u201cLa Bella Stagione 2022\u201d che si rivolge a istituzioni ed enti culturali per costruire un programma di attivit\u00e0 estive dedicato ai pi\u00f9 giovani.\",\"breadcrumb\":{\"@id\":\"https:\\\/\\\/www.compagniadisanpaolo.it\\\/it\\\/news\\\/lanciata-la-call-for-proposals-la-bella-stagione-2022\\\/#breadcrumb\"},\"inLanguage\":\"it-IT\",\"potentialAction\":[{\"@type\":\"ReadAction\",\"target\":[\"https:\\\/\\\/www.compagniadisanpaolo.it\\\/it\\\/news\\\/lanciata-la-call-for-proposals-la-bella-stagione-2022\\\/\"]}]},{\"@type\":\"ImageObject\",\"inLanguage\":\"it-IT\",\"@id\":\"https:\\\/\\\/www.compagniadisanpaolo.it\\\/it\\\/news\\\/lanciata-la-call-for-proposals-la-bella-stagione-2022\\\/#primaryimage\",\"url\":\"https:\\\/\\\/www.compagniadisanpaolo.it\\\/wp-content\\\/uploads\\\/la-bella-stagione-header.jpg\",\"contentUrl\":\"https:\\\/\\\/www.compagniadisanpaolo.it\\\/wp-content\\\/uploads\\\/la-bella-stagione-header.jpg\",\"width\":815,\"height\":350},{\"@type\":\"BreadcrumbList\",\"@id\":\"https:\\\/\\\/www.compagniadisanpaolo.it\\\/it\\\/news\\\/lanciata-la-call-for-proposals-la-bella-stagione-2022\\\/#breadcrumb\",\"itemListElement\":[{\"@type\":\"ListItem\",\"position\":1,\"name\":\"Home\",\"item\":\"https:\\\/\\\/www.compagniadisanpaolo.it\\\/it\\\/\"},{\"@type\":\"ListItem\",\"position\":2,\"name\":\"Lanciata la call for proposals \u201cLa Bella Stagione 2022\u201d\"}]},{\"@type\":\"WebSite\",\"@id\":\"https:\\\/\\\/www.compagniadisanpaolo.it\\\/it\\\/#website\",\"url\":\"https:\\\/\\\/www.compagniadisanpaolo.it\\\/it\\\/\",\"name\":\"Fondazione Compagnia di San Paolo\",\"description\":\"\",\"publisher\":{\"@id\":\"https:\\\/\\\/www.compagniadisanpaolo.it\\\/it\\\/#organization\"},\"potentialAction\":[{\"@type\":\"SearchAction\",\"target\":{\"@type\":\"EntryPoint\",\"urlTemplate\":\"https:\\\/\\\/www.compagniadisanpaolo.it\\\/it\\\/?s={search_term_string}\"},\"query-input\":{\"@type\":\"PropertyValueSpecification\",\"valueRequired\":true,\"valueName\":\"search_term_string\"}}],\"inLanguage\":\"it-IT\"},{\"@type\":\"Organization\",\"@id\":\"https:\\\/\\\/www.compagniadisanpaolo.it\\\/it\\\/#organization\",\"name\":\"Fondazione Compagnia di San Paolo\",\"url\":\"https:\\\/\\\/www.compagniadisanpaolo.it\\\/it\\\/\",\"logo\":{\"@type\":\"ImageObject\",\"inLanguage\":\"it-IT\",\"@id\":\"https:\\\/\\\/www.compagniadisanpaolo.it\\\/it\\\/#\\\/schema\\\/logo\\\/image\\\/\",\"url\":\"https:\\\/\\\/www.compagniadisanpaolo.it\\\/wp-content\\\/uploads\\\/logo.svg\",\"contentUrl\":\"https:\\\/\\\/www.compagniadisanpaolo.it\\\/wp-content\\\/uploads\\\/logo.svg\",\"width\":769,\"height\":323,\"caption\":\"Fondazione Compagnia di San Paolo\"},\"image\":{\"@id\":\"https:\\\/\\\/www.compagniadisanpaolo.it\\\/it\\\/#\\\/schema\\\/logo\\\/image\\\/\"},\"sameAs\":[\"https:\\\/\\\/www.facebook.com\\\/CompagniaDiSanPaolo\",\"https:\\\/\\\/x.com\\\/CSP_live\",\"http:\\\/\\\/instagram.com\\\/compagniadisanpaolo?ref=badge\",\"https:\\\/\\\/www.linkedin.com\\\/company\\\/compagnia-di-san-paolo\",\"https:\\\/\\\/www.youtube.com\\\/user\\\/compagniadisanpaolo\",\"https:\\\/\\\/it.wikipedia.org\\\/wiki\\\/Compagnia_di_San_Paolo\"]},{\"@type\":\"Person\",\"@id\":\"https:\\\/\\\/www.compagniadisanpaolo.it\\\/it\\\/#\\\/schema\\\/person\\\/b7d5451541c25c82f29c5be1e78456b2\",\"name\":\"Federica\",\"image\":{\"@type\":\"ImageObject\",\"inLanguage\":\"it-IT\",\"@id\":\"https:\\\/\\\/secure.gravatar.com\\\/avatar\\\/b5698fa13ac389b1f1fb1263a4626e219d853d7ccf112e854aea8c9c087d24ae?s=96&d=mm&r=g\",\"url\":\"https:\\\/\\\/secure.gravatar.com\\\/avatar\\\/b5698fa13ac389b1f1fb1263a4626e219d853d7ccf112e854aea8c9c087d24ae?s=96&d=mm&r=g\",\"contentUrl\":\"https:\\\/\\\/secure.gravatar.com\\\/avatar\\\/b5698fa13ac389b1f1fb1263a4626e219d853d7ccf112e854aea8c9c087d24ae?s=96&d=mm&r=g\",\"caption\":\"Federica\"}}]}<\/script>\n<!-- \/ Yoast SEO plugin. -->","yoast_head_json":{"title":"Lanciata la call for proposals \u201cLa Bella Stagione 2022\u201d - Fondazione Compagnia di San Paolo","description":"Al via la raccolta di proposte \u201cLa Bella Stagione 2022\u201d che si rivolge a istituzioni ed enti culturali per costruire un programma di attivit\u00e0 estive dedicato ai pi\u00f9 giovani.","robots":{"index":"index","follow":"follow","max-snippet":"max-snippet:-1","max-image-preview":"max-image-preview:large","max-video-preview":"max-video-preview:-1"},"canonical":"https:\/\/www.compagniadisanpaolo.it\/it\/news\/lanciata-la-call-for-proposals-la-bella-stagione-2022\/","og_locale":"it_IT","og_type":"article","og_title":"Lanciata la call for proposals \u201cLa Bella Stagione 2022\u201d - Fondazione Compagnia di San Paolo","og_description":"Al via la raccolta di proposte \u201cLa Bella Stagione 2022\u201d che si rivolge a istituzioni ed enti culturali per costruire un programma di attivit\u00e0 estive dedicato ai pi\u00f9 giovani.","og_url":"https:\/\/www.compagniadisanpaolo.it\/it\/news\/lanciata-la-call-for-proposals-la-bella-stagione-2022\/","og_site_name":"Fondazione Compagnia di San Paolo","article_publisher":"https:\/\/www.facebook.com\/CompagniaDiSanPaolo","article_published_time":"2022-03-24T11:18:56+00:00","article_modified_time":"2022-04-29T12:49:52+00:00","og_image":[{"width":815,"height":350,"url":"https:\/\/www.compagniadisanpaolo.it\/wp-content\/uploads\/la-bella-stagione-header.jpg","type":"image\/jpeg"}],"author":"Federica","twitter_card":"summary_large_image","twitter_creator":"@CSP_live","twitter_site":"@CSP_live","twitter_misc":{"Scritto da":"Federica","Tempo di lettura stimato":"3 minuti"},"schema":{"@context":"https:\/\/schema.org","@graph":[{"@type":"Article","@id":"https:\/\/www.compagniadisanpaolo.it\/it\/news\/lanciata-la-call-for-proposals-la-bella-stagione-2022\/#article","isPartOf":{"@id":"https:\/\/www.compagniadisanpaolo.it\/it\/news\/lanciata-la-call-for-proposals-la-bella-stagione-2022\/"},"author":{"name":"Federica","@id":"https:\/\/www.compagniadisanpaolo.it\/it\/#\/schema\/person\/b7d5451541c25c82f29c5be1e78456b2"},"headline":"Lanciata la call for proposals \u201cLa Bella Stagione 2022\u201d","datePublished":"2022-03-24T11:18:56+00:00","dateModified":"2022-04-29T12:49:52+00:00","mainEntityOfPage":{"@id":"https:\/\/www.compagniadisanpaolo.it\/it\/news\/lanciata-la-call-for-proposals-la-bella-stagione-2022\/"},"wordCount":540,"publisher":{"@id":"https:\/\/www.compagniadisanpaolo.it\/it\/#organization"},"image":{"@id":"https:\/\/www.compagniadisanpaolo.it\/it\/news\/lanciata-la-call-for-proposals-la-bella-stagione-2022\/#primaryimage"},"thumbnailUrl":"https:\/\/www.compagniadisanpaolo.it\/wp-content\/uploads\/la-bella-stagione-header.jpg","keywords":["cittadinanza attiva","comunit\u00e0 educanti","creativit\u00e0 ed esperienze attive","creazione di reti solide","empowerment delle famiglie","nuove generazioni","protagonismo delle comunit\u00e0"],"articleSection":["News"],"inLanguage":"it-IT"},{"@type":"WebPage","@id":"https:\/\/www.compagniadisanpaolo.it\/it\/news\/lanciata-la-call-for-proposals-la-bella-stagione-2022\/","url":"https:\/\/www.compagniadisanpaolo.it\/it\/news\/lanciata-la-call-for-proposals-la-bella-stagione-2022\/","name":"Lanciata la call for proposals \u201cLa Bella Stagione 2022\u201d - Fondazione Compagnia di San Paolo","isPartOf":{"@id":"https:\/\/www.compagniadisanpaolo.it\/it\/#website"},"primaryImageOfPage":{"@id":"https:\/\/www.compagniadisanpaolo.it\/it\/news\/lanciata-la-call-for-proposals-la-bella-stagione-2022\/#primaryimage"},"image":{"@id":"https:\/\/www.compagniadisanpaolo.it\/it\/news\/lanciata-la-call-for-proposals-la-bella-stagione-2022\/#primaryimage"},"thumbnailUrl":"https:\/\/www.compagniadisanpaolo.it\/wp-content\/uploads\/la-bella-stagione-header.jpg","datePublished":"2022-03-24T11:18:56+00:00","dateModified":"2022-04-29T12:49:52+00:00","description":"Al via la raccolta di proposte \u201cLa Bella Stagione 2022\u201d che si rivolge a istituzioni ed enti culturali per costruire un programma di attivit\u00e0 estive dedicato ai pi\u00f9 giovani.","breadcrumb":{"@id":"https:\/\/www.compagniadisanpaolo.it\/it\/news\/lanciata-la-call-for-proposals-la-bella-stagione-2022\/#breadcrumb"},"inLanguage":"it-IT","potentialAction":[{"@type":"ReadAction","target":["https:\/\/www.compagniadisanpaolo.it\/it\/news\/lanciata-la-call-for-proposals-la-bella-stagione-2022\/"]}]},{"@type":"ImageObject","inLanguage":"it-IT","@id":"https:\/\/www.compagniadisanpaolo.it\/it\/news\/lanciata-la-call-for-proposals-la-bella-stagione-2022\/#primaryimage","url":"https:\/\/www.compagniadisanpaolo.it\/wp-content\/uploads\/la-bella-stagione-header.jpg","contentUrl":"https:\/\/www.compagniadisanpaolo.it\/wp-content\/uploads\/la-bella-stagione-header.jpg","width":815,"height":350},{"@type":"BreadcrumbList","@id":"https:\/\/www.compagniadisanpaolo.it\/it\/news\/lanciata-la-call-for-proposals-la-bella-stagione-2022\/#breadcrumb","itemListElement":[{"@type":"ListItem","position":1,"name":"Home","item":"https:\/\/www.compagniadisanpaolo.it\/it\/"},{"@type":"ListItem","position":2,"name":"Lanciata la call for proposals \u201cLa Bella Stagione 2022\u201d"}]},{"@type":"WebSite","@id":"https:\/\/www.compagniadisanpaolo.it\/it\/#website","url":"https:\/\/www.compagniadisanpaolo.it\/it\/","name":"Fondazione Compagnia di San Paolo","description":"","publisher":{"@id":"https:\/\/www.compagniadisanpaolo.it\/it\/#organization"},"potentialAction":[{"@type":"SearchAction","target":{"@type":"EntryPoint","urlTemplate":"https:\/\/www.compagniadisanpaolo.it\/it\/?s={search_term_string}"},"query-input":{"@type":"PropertyValueSpecification","valueRequired":true,"valueName":"search_term_string"}}],"inLanguage":"it-IT"},{"@type":"Organization","@id":"https:\/\/www.compagniadisanpaolo.it\/it\/#organization","name":"Fondazione Compagnia di San Paolo","url":"https:\/\/www.compagniadisanpaolo.it\/it\/","logo":{"@type":"ImageObject","inLanguage":"it-IT","@id":"https:\/\/www.compagniadisanpaolo.it\/it\/#\/schema\/logo\/image\/","url":"https:\/\/www.compagniadisanpaolo.it\/wp-content\/uploads\/logo.svg","contentUrl":"https:\/\/www.compagniadisanpaolo.it\/wp-content\/uploads\/logo.svg","width":769,"height":323,"caption":"Fondazione Compagnia di San Paolo"},"image":{"@id":"https:\/\/www.compagniadisanpaolo.it\/it\/#\/schema\/logo\/image\/"},"sameAs":["https:\/\/www.facebook.com\/CompagniaDiSanPaolo","https:\/\/x.com\/CSP_live","http:\/\/instagram.com\/compagniadisanpaolo?ref=badge","https:\/\/www.linkedin.com\/company\/compagnia-di-san-paolo","https:\/\/www.youtube.com\/user\/compagniadisanpaolo","https:\/\/it.wikipedia.org\/wiki\/Compagnia_di_San_Paolo"]},{"@type":"Person","@id":"https:\/\/www.compagniadisanpaolo.it\/it\/#\/schema\/person\/b7d5451541c25c82f29c5be1e78456b2","name":"Federica","image":{"@type":"ImageObject","inLanguage":"it-IT","@id":"https:\/\/secure.gravatar.com\/avatar\/b5698fa13ac389b1f1fb1263a4626e219d853d7ccf112e854aea8c9c087d24ae?s=96&d=mm&r=g","url":"https:\/\/secure.gravatar.com\/avatar\/b5698fa13ac389b1f1fb1263a4626e219d853d7ccf112e854aea8c9c087d24ae?s=96&d=mm&r=g","contentUrl":"https:\/\/secure.gravatar.com\/avatar\/b5698fa13ac389b1f1fb1263a4626e219d853d7ccf112e854aea8c9c087d24ae?s=96&d=mm&r=g","caption":"Federica"}}]}},"amp_enabled":true,"_links":{"self":[{"href":"https:\/\/www.compagniadisanpaolo.it\/it\/wp-json\/wp\/v2\/posts\/17255","targetHints":{"allow":["GET"]}}],"collection":[{"href":"https:\/\/www.compagniadisanpaolo.it\/it\/wp-json\/wp\/v2\/posts"}],"about":[{"href":"https:\/\/www.compagniadisanpaolo.it\/it\/wp-json\/wp\/v2\/types\/post"}],"author":[{"embeddable":true,"href":"https:\/\/www.compagniadisanpaolo.it\/it\/wp-json\/wp\/v2\/users\/19"}],"replies":[{"embeddable":true,"href":"https:\/\/www.compagniadisanpaolo.it\/it\/wp-json\/wp\/v2\/comments?post=17255"}],"version-history":[{"count":5,"href":"https:\/\/www.compagniadisanpaolo.it\/it\/wp-json\/wp\/v2\/posts\/17255\/revisions"}],"predecessor-version":[{"id":17810,"href":"https:\/\/www.compagniadisanpaolo.it\/it\/wp-json\/wp\/v2\/posts\/17255\/revisions\/17810"}],"wp:featuredmedia":[{"embeddable":true,"href":"https:\/\/www.compagniadisanpaolo.it\/it\/wp-json\/wp\/v2\/media\/12473"}],"wp:attachment":[{"href":"https:\/\/www.compagniadisanpaolo.it\/it\/wp-json\/wp\/v2\/media?parent=17255"}],"wp:term":[{"taxonomy":"category","embeddable":true,"href":"https:\/\/www.compagniadisanpaolo.it\/it\/wp-json\/wp\/v2\/categories?post=17255"},{"taxonomy":"post_tag","embeddable":true,"href":"https:\/\/www.compagniadisanpaolo.it\/it\/wp-json\/wp\/v2\/tags?post=17255"}],"curies":[{"name":"wp","href":"https:\/\/api.w.org\/{rel}","templated":true}]}}