{"id":17207,"date":"2022-03-21T19:07:07","date_gmt":"2022-03-21T18:07:07","guid":{"rendered":"https:\/\/www.compagniadisanpaolo.it\/?p=17207"},"modified":"2022-03-21T19:07:07","modified_gmt":"2022-03-21T18:07:07","slug":"esiti-del-bando-space-spazi-di-partecipazione-al-centro-ii-anno","status":"publish","type":"post","link":"https:\/\/www.compagniadisanpaolo.it\/it\/news\/esiti-del-bando-space-spazi-di-partecipazione-al-centro-ii-anno\/","title":{"rendered":"Esiti del Bando SPACE \u2013 SPazi di PArtecipazione al CEntro &#8211; II Anno"},"content":{"rendered":"<div class=\"wpb-content-wrapper\">[vc_row][vc_column][vc_column_text el_class=&#8221;text-headline2&#8243;]La Fondazione aumenta il supporto agli spazi di partecipazione diffusi sui territori: non solo sostegno economico, ma potenziamento delle competenze dei gestori.[\/vc_column_text][\/vc_column][\/vc_row][vc_row][vc_column][vc_column_text]\n<div class=\"info-box mission\">\n\t\t<div class=\"info-box-wrap info-box-hor row pb-0\">\n\n\t\t      \n\t\t      <div class=\"spalla col-12 col-md-12\">\n\t\t\t<div class=\"info-box sharing-box\">\n\t\t\t  <span class=\"label\">Condividi:<\/span>\n\t\t\t  <div class=\"social-sharing\">\n\t\t\t    <span class=\"box\">\n\t\t\t      <a class=\"fb\" href=\"https:\/\/www.facebook.com\/sharer.php?u=https:\/\/www.compagniadisanpaolo.it\/it\/news\/esiti-del-bando-space-spazi-di-partecipazione-al-centro-ii-anno\/\" target=\"_blank\">\n\t\t\t\t<span class=\"sr-only\">Facebook<\/span>\n\t\t\t\t<i class=\"fab fa-facebook-f\"><\/i>\n\t\t\t      <\/a>\n\t\t\t    <\/span>\n\t\t\t    \n\t\t\t    <style>\n.twitter, .twitter:hover{\ncolor:#000000 !important;}\n<\/style>\n\n\n\t\t\t    <span class=\"box\">\n\t\t\t      <a class=\"twitter\" href=\"https:\/\/twitter.com\/intent\/tweet?url=https:\/\/www.compagniadisanpaolo.it\/it\/news\/esiti-del-bando-space-spazi-di-partecipazione-al-centro-ii-anno\/\">\n\t\t\t\t<span class=\"sr-only\">Twitter<\/span>\n\t\t\t\t<i class=\"fa-brands fa-x-twitter\"><\/i>\n\t\t\t      <\/a>\n\t\t\t    <\/span>\n\n\t\t\t    \n\t\t\t    <span class=\"box\">\n\t\t\t      <a class=\"linkedin\" href=\"https:\/\/www.linkedin.com\/shareArticle?mini=true&url=https:\/\/www.compagniadisanpaolo.it\/it\/news\/esiti-del-bando-space-spazi-di-partecipazione-al-centro-ii-anno\/\">\n\t\t\t\t<span class=\"sr-only\">Linkedin<\/span>\n\t\t\t\t  <i class=\"fa-brands fa-linkedin-in\"><\/i>\n\t\t\t      <\/a>\n\t\t\t    <\/span>\n\n\t\t\t    <span class=\"box\">\n\t\t\t      <a class=\"whatsapp\" href=\"whatsapp:\/\/send?text=https:\/\/www.compagniadisanpaolo.it\/it\/news\/esiti-del-bando-space-spazi-di-partecipazione-al-centro-ii-anno\/\" data-action=\"share\/whatsapp\/share\">\n\t\t\t\t<span class=\"sr-only\">Whatsapp<\/span>\n\t\t\t\t<i class=\"fa-brands fa-whatsapp\"><\/i>\n\t\t\t      <\/a>\n\t\t\t    <\/span>\n\n\t\t\t    <span class=\"box\">\n\t\t\t      <a class=\"mail\" href=\"mailto:?subject=Esiti del Bando SPACE \u2013 SPazi di PArtecipazione al CEntro - II Anno&body=https:\/\/www.compagniadisanpaolo.it\/it\/news\/esiti-del-bando-space-spazi-di-partecipazione-al-centro-ii-anno\/\">\n\t\t\t\t<span class=\"sr-only\">Mail<\/span>\n\t\t\t\t <i class=\"fa-solid fa-envelope\"><\/i>\n\t\t\t      <\/a>\n\t\t\t    <\/span>\n\t\t\t    \n\t\t\t  <\/div>\n\t\t\t<\/div>\n\t      <\/div>\n\t    <\/div><\/div>\n[\/vc_column_text][\/vc_column][\/vc_row][vc_row][vc_column width=&#8221;1\/4&#8243;][vc_column_text]\n\n\n\t\t<div class=\"info-box-wrap\">\n\n\t  <div class=\"info-box date-pub\">\n\t  \t<span class=\"label\">Data di pubblicazione:<\/span>\n\t    <span class=\"value\">21 Marzo 2022<\/span>\n\t  <\/div>\n\t\t\t\t  <div class=\"info-box obj-culture\">\n\t\t\t\t\t  <div class=\"info-box obj\"><span class=\"label\">Obiettivo<\/span>\n\t\t\t\t\t    <div class=\"obj-small-box\">\n\t\t\t\t\t      <span>Cultura.<\/span>\n\t\t\t\t\t    <\/div>\n\t\t\t\t\t  <\/div>\n\t\t\t\t  <\/div>\n\t\t\t  <div class=\"info-box mission\"><span class=\"label\">Tag<\/span><a href=\"https:\/\/www.compagniadisanpaolo.it\/it\/tags\/risultati\/?_sft_post_tag=cittadinanza-attiva\" class=\"tag-element\">Cittadinanza attiva<\/a><a href=\"https:\/\/www.compagniadisanpaolo.it\/it\/tags\/risultati\/?_sft_post_tag=formazione\" class=\"tag-element\">Formazione<\/a><a href=\"https:\/\/www.compagniadisanpaolo.it\/it\/tags\/risultati\/?_sft_post_tag=sviluppo-organizzativo\" class=\"tag-element\">Sviluppo organizzativo<\/a><\/div>\t  \n\t<\/div>\n[\/vc_column_text][\/vc_column][vc_column width=&#8221;3\/4&#8243; el_class=&#8221;page-content&#8221;][vc_column_text el_class=&#8221;text&#8221;]Sono<strong> 99 <\/strong>gli spazi sostenuti dal bando<strong> SPACE<\/strong>. Spazi di PArtecipazione al Centro_II Anno, con il quale la Fondazione Compagnia di San Paolo conferma il suo sostegno agli spazi che svolgono un ruolo di <strong>presidio territoriale di partecipazione attiva<\/strong> (Nuovi Centri Culturali, Centri Culturali Indipendenti e Centri di Aggregazione Civica).<\/p>\n<p>Gli esiti della seconda annualit\u00e0 del bando prevedono <strong>un impegno complessivo di \u20ac 1.700.000<\/strong>, con cui la Fondazione contribuisce al <strong>miglioramento dei modelli di gestione<\/strong>, ma anche alla <strong>crescita delle competenze di gestori e co-gestori<\/strong>, attraverso formazione e programmi di consulenze.<\/p>\n<p>Il bando ha selezionato gli spazi che, in tutte le <strong>13 province di Piemonte, Liguria e Valle d\u2019Aosta<\/strong>, rappresentano gi\u00e0 un <strong>modello efficace<\/strong> e quelli che hanno compiuto una crescita cos\u00ec significativa da evidenziare un <strong>potenziale<\/strong> su cui \u00e8 importante investire. L\u2019obiettivo, quindi, \u00e8 <strong>puntare su quelle realt\u00e0 che si rivelano capaci di generare un impatto sociale importante<\/strong> e che possono beneficiare di un\u2019ulteriore spinta per conquistare una <strong>migliore sostenibilit\u00e0<\/strong>.<\/p>\n<p>Dopo <strong>due anni di distanziamento sociale<\/strong>, sostenere i Nuovi Centri Culturali, i Centri Culturali Indipendenti e i Centri di Aggregazione Civica diventa ancora pi\u00f9 importante.<\/p>\n<p>Proprio per questo, la Fondazione Compagnia di San Paolo arricchisce il progetto con <strong>ulteriori strumenti di sostegno<\/strong> e offre un percorso di <strong>Comunit\u00e0 di Pratica<\/strong> esteso a una <strong>platea pi\u00f9 ampia di Presidi culturali e civici <\/strong>(circa 140 sui territori di Piemonte Liguria e Valle d\u2019Aosta), che costituisce un\u2019occasione di incontro, formazione e confronto sui temi della gestione degli spazi.<\/p>\n<p>Il <strong>prossimo incontro<\/strong> della Comunit\u00e0 di Pratica dei Presidi Culturali e Civici avr\u00e0 luogo in presenza il <strong>06 aprile 2022<\/strong>.<\/p>\n<p><strong><a href=\"https:\/\/www.compagniadisanpaolo.it\/it\/documenti\/esiti-space_ii-anno\/\" target=\"_blank\" rel=\"noopener\">Qui trovate la lista completa degli spazi selezionati.<\/a><\/strong>[\/vc_column_text][\/vc_column][\/vc_row][vc_row el_class=&#8221;sdg-list-wrap&#8221;][vc_column][vc_raw_html]JTVCbW9zdHJhU0RHUyU1RA==[\/vc_raw_html][\/vc_column][\/vc_row][vc_row el_class=&#8221;sdg-list-wrap&#8221;][vc_column][vc_raw_html]JTVCU2V6aW9uZV9Eb2N1bWVudGklNUQ=[\/vc_raw_html][\/vc_column][\/vc_row][vc_row][vc_column]<div class=\"templatera_shortcode\"><div data-vc-full-width=\"true\" data-vc-full-width-temp=\"true\" data-vc-full-width-init=\"false\" class=\"vc_row wpb_row vc_row-fluid newsletter-wrap\"><div class=\"wpb_column vc_column_container vc_col-sm-12\"><div class=\"vc_column-inner\"><div class=\"wpb_wrapper\">\n\t<div class=\"wpb_raw_code wpb_raw_html wpb_content_element\" >\n\t\t<div class=\"wpb_wrapper\">\n\t\t\t    <div class=\"container\">\n      <div class=\"row align-items-center\">\n\t<div class=\"col-12 col-lg-6 col-xl-5 mb-3 mb-lg-0 pr-0\">\n\t  <h2 class=\"title\">Rimani aggiornato sui nostri bandi e sui nostri progetti<\/h2>\n\t<\/div>\n\t<div class=\"col-12 col-lg-6 col-xl-7 pl-xl-4\">\n\t  <a class=\"standard-link-block\" href=\"\/it\/newsletter\/\">\n\t    Compila il form e decidi su quale argomento vuoi ricevere notizie.\t    <strong>\u00a0 ISCRIVITI!<\/strong>\n\t  <\/a>\n\t<\/div>\n      <\/div>\n    <\/div>\n\t\t<\/div>\n\t<\/div>\n<\/div><\/div><\/div><\/div><div class=\"vc_row-full-width vc_clearfix\"><\/div><\/div>[\/vc_column][\/vc_row]\n<\/div>","protected":false},"excerpt":{"rendered":"La Fondazione aumenta il supporto agli spazi di partecipazione diffusi sui territori: non solo sostegno economico, ma potenziamento delle competenze dei gestori. Condividi: Facebook Twitter Linkedin Whatsapp Mail Data di pubblicazione: 21 Marzo 2022 Obiettivo Cultura. TagCittadinanza attivaFormazioneSviluppo organizzativo Sono 99 gli spazi sostenuti dal bando SPACE. Spazi di PArtecipazione al Centro_II Anno, con il quale la Fondazione Compagnia di San Paolo conferma il suo sostegno agli spazi che svolgono un ruolo di presidio territoriale di partecipazione attiva (Nuovi Centri Culturali, Centri Culturali Indipendenti e Centri di Aggregazione Civica). Gli esiti della seconda annualit\u00e0 del bando prevedono un impegno complessivo di \u20ac 1.700.000, con cui la Fondazione contribuisce al miglioramento dei modelli di gestione, ma anche alla crescita delle competenze di gestori e co-gestori, attraverso formazione e programmi di consulenze. Il bando ha selezionato gli spazi che, in tutte le 13 province di Piemonte, Liguria e Valle d\u2019Aosta, rappresentano gi\u00e0 un modello efficace e quelli che hanno compiuto una crescita cos\u00ec significativa da evidenziare un potenziale su cui \u00e8 importante investire. L\u2019obiettivo, quindi, \u00e8 puntare su quelle realt\u00e0 che si rivelano capaci di generare un impatto sociale importante e che possono beneficiare di un\u2019ulteriore spinta per conquistare una migliore sostenibilit\u00e0. Dopo due anni di distanziamento sociale, sostenere i Nuovi Centri Culturali, i Centri Culturali Indipendenti e i Centri di Aggregazione Civica diventa ancora pi\u00f9 importante. Proprio per questo, la Fondazione Compagnia di San Paolo arricchisce il progetto con ulteriori strumenti di sostegno e offre un percorso di Comunit\u00e0 di Pratica esteso a una platea pi\u00f9 ampia di Presidi culturali e civici (circa 140 sui territori di Piemonte Liguria e Valle d\u2019Aosta), che costituisce un\u2019occasione di incontro, formazione e confronto sui temi della gestione degli spazi. Il prossimo incontro della Comunit\u00e0 di Pratica dei Presidi Culturali e Civici avr\u00e0 luogo in presenza il 06 aprile 2022. Qui trovate la lista completa degli spazi selezionati. Questo Bando contribuisce al raggiungimento dei seguenti Obiettivi di Sviluppo Sostenibile Documenti di riferimento Bando SPACE - II Anno - Esiti Scarica il documento Rimani aggiornato sui nostri bandi e sui nostri progetti Compila il form e decidi su quale argomento vuoi ricevere notizie. \u00a0 ISCRIVITI!","protected":false},"author":19,"featured_media":8941,"comment_status":"closed","ping_status":"closed","sticky":false,"template":"","format":"standard","meta":{"_acf_changed":false,"content-type":"","footnotes":""},"categories":[17],"tags":[84,53,61],"class_list":["post-17207","post","type-post","status-publish","format-standard","has-post-thumbnail","hentry","category-news","tag-cittadinanza-attiva","tag-formazione","tag-sviluppo-organizzativo","entry","post-inner"],"acf":[],"yoast_head":"<!-- This site is optimized with the Yoast SEO plugin v27.3 - https:\/\/yoast.com\/product\/yoast-seo-wordpress\/ -->\n<title>Esiti del Bando SPACE \u2013 SPazi di PArtecipazione al CEntro - II Anno - Fondazione Compagnia di San Paolo<\/title>\n<meta name=\"description\" content=\"La Fondazione aumenta il supporto agli spazi di partecipazione diffusi sui territori: non solo sostegno economico, ma potenziamento delle competenze dei gestori.\" \/>\n<meta name=\"robots\" content=\"index, follow, max-snippet:-1, max-image-preview:large, max-video-preview:-1\" \/>\n<link rel=\"canonical\" href=\"https:\/\/www.compagniadisanpaolo.it\/it\/news\/esiti-del-bando-space-spazi-di-partecipazione-al-centro-ii-anno\/\" \/>\n<meta property=\"og:locale\" content=\"it_IT\" \/>\n<meta property=\"og:type\" content=\"article\" \/>\n<meta property=\"og:title\" content=\"Esiti del Bando SPACE \u2013 SPazi di PArtecipazione al CEntro - II Anno - Fondazione Compagnia di San Paolo\" \/>\n<meta property=\"og:description\" content=\"La Fondazione aumenta il supporto agli spazi di partecipazione diffusi sui territori: non solo sostegno economico, ma potenziamento delle competenze dei gestori.\" \/>\n<meta property=\"og:url\" content=\"https:\/\/www.compagniadisanpaolo.it\/it\/news\/esiti-del-bando-space-spazi-di-partecipazione-al-centro-ii-anno\/\" \/>\n<meta property=\"og:site_name\" content=\"Fondazione Compagnia di San Paolo\" \/>\n<meta property=\"article:publisher\" content=\"https:\/\/www.facebook.com\/CompagniaDiSanPaolo\" \/>\n<meta property=\"article:published_time\" content=\"2022-03-21T18:07:07+00:00\" \/>\n<meta property=\"og:image\" content=\"https:\/\/www.compagniadisanpaolo.it\/wp-content\/uploads\/header-rin-2.jpg\" \/>\n\t<meta property=\"og:image:width\" content=\"815\" \/>\n\t<meta property=\"og:image:height\" content=\"350\" \/>\n\t<meta property=\"og:image:type\" content=\"image\/jpeg\" \/>\n<meta name=\"author\" content=\"Federica\" \/>\n<meta name=\"twitter:card\" content=\"summary_large_image\" \/>\n<meta name=\"twitter:creator\" content=\"@CSP_live\" \/>\n<meta name=\"twitter:site\" content=\"@CSP_live\" \/>\n<meta name=\"twitter:label1\" content=\"Scritto da\" \/>\n\t<meta name=\"twitter:data1\" content=\"Federica\" \/>\n\t<meta name=\"twitter:label2\" content=\"Tempo di lettura stimato\" \/>\n\t<meta name=\"twitter:data2\" content=\"2 minuti\" \/>\n<script type=\"application\/ld+json\" class=\"yoast-schema-graph\">{\"@context\":\"https:\\\/\\\/schema.org\",\"@graph\":[{\"@type\":\"Article\",\"@id\":\"https:\\\/\\\/www.compagniadisanpaolo.it\\\/it\\\/news\\\/esiti-del-bando-space-spazi-di-partecipazione-al-centro-ii-anno\\\/#article\",\"isPartOf\":{\"@id\":\"https:\\\/\\\/www.compagniadisanpaolo.it\\\/it\\\/news\\\/esiti-del-bando-space-spazi-di-partecipazione-al-centro-ii-anno\\\/\"},\"author\":{\"name\":\"Federica\",\"@id\":\"https:\\\/\\\/www.compagniadisanpaolo.it\\\/it\\\/#\\\/schema\\\/person\\\/b7d5451541c25c82f29c5be1e78456b2\"},\"headline\":\"Esiti del Bando SPACE \u2013 SPazi di PArtecipazione al CEntro &#8211; II Anno\",\"datePublished\":\"2022-03-21T18:07:07+00:00\",\"mainEntityOfPage\":{\"@id\":\"https:\\\/\\\/www.compagniadisanpaolo.it\\\/it\\\/news\\\/esiti-del-bando-space-spazi-di-partecipazione-al-centro-ii-anno\\\/\"},\"wordCount\":426,\"publisher\":{\"@id\":\"https:\\\/\\\/www.compagniadisanpaolo.it\\\/it\\\/#organization\"},\"image\":{\"@id\":\"https:\\\/\\\/www.compagniadisanpaolo.it\\\/it\\\/news\\\/esiti-del-bando-space-spazi-di-partecipazione-al-centro-ii-anno\\\/#primaryimage\"},\"thumbnailUrl\":\"https:\\\/\\\/www.compagniadisanpaolo.it\\\/wp-content\\\/uploads\\\/header-rin-2.jpg\",\"keywords\":[\"cittadinanza attiva\",\"formazione\",\"sviluppo organizzativo\"],\"articleSection\":[\"News\"],\"inLanguage\":\"it-IT\"},{\"@type\":\"WebPage\",\"@id\":\"https:\\\/\\\/www.compagniadisanpaolo.it\\\/it\\\/news\\\/esiti-del-bando-space-spazi-di-partecipazione-al-centro-ii-anno\\\/\",\"url\":\"https:\\\/\\\/www.compagniadisanpaolo.it\\\/it\\\/news\\\/esiti-del-bando-space-spazi-di-partecipazione-al-centro-ii-anno\\\/\",\"name\":\"Esiti del Bando SPACE \u2013 SPazi di PArtecipazione al CEntro - II Anno - Fondazione Compagnia di San Paolo\",\"isPartOf\":{\"@id\":\"https:\\\/\\\/www.compagniadisanpaolo.it\\\/it\\\/#website\"},\"primaryImageOfPage\":{\"@id\":\"https:\\\/\\\/www.compagniadisanpaolo.it\\\/it\\\/news\\\/esiti-del-bando-space-spazi-di-partecipazione-al-centro-ii-anno\\\/#primaryimage\"},\"image\":{\"@id\":\"https:\\\/\\\/www.compagniadisanpaolo.it\\\/it\\\/news\\\/esiti-del-bando-space-spazi-di-partecipazione-al-centro-ii-anno\\\/#primaryimage\"},\"thumbnailUrl\":\"https:\\\/\\\/www.compagniadisanpaolo.it\\\/wp-content\\\/uploads\\\/header-rin-2.jpg\",\"datePublished\":\"2022-03-21T18:07:07+00:00\",\"description\":\"La Fondazione aumenta il supporto agli spazi di partecipazione diffusi sui territori: non solo sostegno economico, ma potenziamento delle competenze dei gestori.\",\"breadcrumb\":{\"@id\":\"https:\\\/\\\/www.compagniadisanpaolo.it\\\/it\\\/news\\\/esiti-del-bando-space-spazi-di-partecipazione-al-centro-ii-anno\\\/#breadcrumb\"},\"inLanguage\":\"it-IT\",\"potentialAction\":[{\"@type\":\"ReadAction\",\"target\":[\"https:\\\/\\\/www.compagniadisanpaolo.it\\\/it\\\/news\\\/esiti-del-bando-space-spazi-di-partecipazione-al-centro-ii-anno\\\/\"]}]},{\"@type\":\"ImageObject\",\"inLanguage\":\"it-IT\",\"@id\":\"https:\\\/\\\/www.compagniadisanpaolo.it\\\/it\\\/news\\\/esiti-del-bando-space-spazi-di-partecipazione-al-centro-ii-anno\\\/#primaryimage\",\"url\":\"https:\\\/\\\/www.compagniadisanpaolo.it\\\/wp-content\\\/uploads\\\/header-rin-2.jpg\",\"contentUrl\":\"https:\\\/\\\/www.compagniadisanpaolo.it\\\/wp-content\\\/uploads\\\/header-rin-2.jpg\",\"width\":815,\"height\":350},{\"@type\":\"BreadcrumbList\",\"@id\":\"https:\\\/\\\/www.compagniadisanpaolo.it\\\/it\\\/news\\\/esiti-del-bando-space-spazi-di-partecipazione-al-centro-ii-anno\\\/#breadcrumb\",\"itemListElement\":[{\"@type\":\"ListItem\",\"position\":1,\"name\":\"Home\",\"item\":\"https:\\\/\\\/www.compagniadisanpaolo.it\\\/it\\\/\"},{\"@type\":\"ListItem\",\"position\":2,\"name\":\"Esiti del Bando SPACE \u2013 SPazi di PArtecipazione al CEntro &#8211; II Anno\"}]},{\"@type\":\"WebSite\",\"@id\":\"https:\\\/\\\/www.compagniadisanpaolo.it\\\/it\\\/#website\",\"url\":\"https:\\\/\\\/www.compagniadisanpaolo.it\\\/it\\\/\",\"name\":\"Fondazione Compagnia di San Paolo\",\"description\":\"\",\"publisher\":{\"@id\":\"https:\\\/\\\/www.compagniadisanpaolo.it\\\/it\\\/#organization\"},\"potentialAction\":[{\"@type\":\"SearchAction\",\"target\":{\"@type\":\"EntryPoint\",\"urlTemplate\":\"https:\\\/\\\/www.compagniadisanpaolo.it\\\/it\\\/?s={search_term_string}\"},\"query-input\":{\"@type\":\"PropertyValueSpecification\",\"valueRequired\":true,\"valueName\":\"search_term_string\"}}],\"inLanguage\":\"it-IT\"},{\"@type\":\"Organization\",\"@id\":\"https:\\\/\\\/www.compagniadisanpaolo.it\\\/it\\\/#organization\",\"name\":\"Fondazione Compagnia di San Paolo\",\"url\":\"https:\\\/\\\/www.compagniadisanpaolo.it\\\/it\\\/\",\"logo\":{\"@type\":\"ImageObject\",\"inLanguage\":\"it-IT\",\"@id\":\"https:\\\/\\\/www.compagniadisanpaolo.it\\\/it\\\/#\\\/schema\\\/logo\\\/image\\\/\",\"url\":\"https:\\\/\\\/www.compagniadisanpaolo.it\\\/wp-content\\\/uploads\\\/logo.svg\",\"contentUrl\":\"https:\\\/\\\/www.compagniadisanpaolo.it\\\/wp-content\\\/uploads\\\/logo.svg\",\"width\":769,\"height\":323,\"caption\":\"Fondazione Compagnia di San Paolo\"},\"image\":{\"@id\":\"https:\\\/\\\/www.compagniadisanpaolo.it\\\/it\\\/#\\\/schema\\\/logo\\\/image\\\/\"},\"sameAs\":[\"https:\\\/\\\/www.facebook.com\\\/CompagniaDiSanPaolo\",\"https:\\\/\\\/x.com\\\/CSP_live\",\"http:\\\/\\\/instagram.com\\\/compagniadisanpaolo?ref=badge\",\"https:\\\/\\\/www.linkedin.com\\\/company\\\/compagnia-di-san-paolo\",\"https:\\\/\\\/www.youtube.com\\\/user\\\/compagniadisanpaolo\",\"https:\\\/\\\/it.wikipedia.org\\\/wiki\\\/Compagnia_di_San_Paolo\"]},{\"@type\":\"Person\",\"@id\":\"https:\\\/\\\/www.compagniadisanpaolo.it\\\/it\\\/#\\\/schema\\\/person\\\/b7d5451541c25c82f29c5be1e78456b2\",\"name\":\"Federica\",\"image\":{\"@type\":\"ImageObject\",\"inLanguage\":\"it-IT\",\"@id\":\"https:\\\/\\\/secure.gravatar.com\\\/avatar\\\/b5698fa13ac389b1f1fb1263a4626e219d853d7ccf112e854aea8c9c087d24ae?s=96&d=mm&r=g\",\"url\":\"https:\\\/\\\/secure.gravatar.com\\\/avatar\\\/b5698fa13ac389b1f1fb1263a4626e219d853d7ccf112e854aea8c9c087d24ae?s=96&d=mm&r=g\",\"contentUrl\":\"https:\\\/\\\/secure.gravatar.com\\\/avatar\\\/b5698fa13ac389b1f1fb1263a4626e219d853d7ccf112e854aea8c9c087d24ae?s=96&d=mm&r=g\",\"caption\":\"Federica\"}}]}<\/script>\n<!-- \/ Yoast SEO plugin. -->","yoast_head_json":{"title":"Esiti del Bando SPACE \u2013 SPazi di PArtecipazione al CEntro - II Anno - Fondazione Compagnia di San Paolo","description":"La Fondazione aumenta il supporto agli spazi di partecipazione diffusi sui territori: non solo sostegno economico, ma potenziamento delle competenze dei gestori.","robots":{"index":"index","follow":"follow","max-snippet":"max-snippet:-1","max-image-preview":"max-image-preview:large","max-video-preview":"max-video-preview:-1"},"canonical":"https:\/\/www.compagniadisanpaolo.it\/it\/news\/esiti-del-bando-space-spazi-di-partecipazione-al-centro-ii-anno\/","og_locale":"it_IT","og_type":"article","og_title":"Esiti del Bando SPACE \u2013 SPazi di PArtecipazione al CEntro - II Anno - Fondazione Compagnia di San Paolo","og_description":"La Fondazione aumenta il supporto agli spazi di partecipazione diffusi sui territori: non solo sostegno economico, ma potenziamento delle competenze dei gestori.","og_url":"https:\/\/www.compagniadisanpaolo.it\/it\/news\/esiti-del-bando-space-spazi-di-partecipazione-al-centro-ii-anno\/","og_site_name":"Fondazione Compagnia di San Paolo","article_publisher":"https:\/\/www.facebook.com\/CompagniaDiSanPaolo","article_published_time":"2022-03-21T18:07:07+00:00","og_image":[{"width":815,"height":350,"url":"https:\/\/www.compagniadisanpaolo.it\/wp-content\/uploads\/header-rin-2.jpg","type":"image\/jpeg"}],"author":"Federica","twitter_card":"summary_large_image","twitter_creator":"@CSP_live","twitter_site":"@CSP_live","twitter_misc":{"Scritto da":"Federica","Tempo di lettura stimato":"2 minuti"},"schema":{"@context":"https:\/\/schema.org","@graph":[{"@type":"Article","@id":"https:\/\/www.compagniadisanpaolo.it\/it\/news\/esiti-del-bando-space-spazi-di-partecipazione-al-centro-ii-anno\/#article","isPartOf":{"@id":"https:\/\/www.compagniadisanpaolo.it\/it\/news\/esiti-del-bando-space-spazi-di-partecipazione-al-centro-ii-anno\/"},"author":{"name":"Federica","@id":"https:\/\/www.compagniadisanpaolo.it\/it\/#\/schema\/person\/b7d5451541c25c82f29c5be1e78456b2"},"headline":"Esiti del Bando SPACE \u2013 SPazi di PArtecipazione al CEntro &#8211; II Anno","datePublished":"2022-03-21T18:07:07+00:00","mainEntityOfPage":{"@id":"https:\/\/www.compagniadisanpaolo.it\/it\/news\/esiti-del-bando-space-spazi-di-partecipazione-al-centro-ii-anno\/"},"wordCount":426,"publisher":{"@id":"https:\/\/www.compagniadisanpaolo.it\/it\/#organization"},"image":{"@id":"https:\/\/www.compagniadisanpaolo.it\/it\/news\/esiti-del-bando-space-spazi-di-partecipazione-al-centro-ii-anno\/#primaryimage"},"thumbnailUrl":"https:\/\/www.compagniadisanpaolo.it\/wp-content\/uploads\/header-rin-2.jpg","keywords":["cittadinanza attiva","formazione","sviluppo organizzativo"],"articleSection":["News"],"inLanguage":"it-IT"},{"@type":"WebPage","@id":"https:\/\/www.compagniadisanpaolo.it\/it\/news\/esiti-del-bando-space-spazi-di-partecipazione-al-centro-ii-anno\/","url":"https:\/\/www.compagniadisanpaolo.it\/it\/news\/esiti-del-bando-space-spazi-di-partecipazione-al-centro-ii-anno\/","name":"Esiti del Bando SPACE \u2013 SPazi di PArtecipazione al CEntro - II Anno - Fondazione Compagnia di San Paolo","isPartOf":{"@id":"https:\/\/www.compagniadisanpaolo.it\/it\/#website"},"primaryImageOfPage":{"@id":"https:\/\/www.compagniadisanpaolo.it\/it\/news\/esiti-del-bando-space-spazi-di-partecipazione-al-centro-ii-anno\/#primaryimage"},"image":{"@id":"https:\/\/www.compagniadisanpaolo.it\/it\/news\/esiti-del-bando-space-spazi-di-partecipazione-al-centro-ii-anno\/#primaryimage"},"thumbnailUrl":"https:\/\/www.compagniadisanpaolo.it\/wp-content\/uploads\/header-rin-2.jpg","datePublished":"2022-03-21T18:07:07+00:00","description":"La Fondazione aumenta il supporto agli spazi di partecipazione diffusi sui territori: non solo sostegno economico, ma potenziamento delle competenze dei gestori.","breadcrumb":{"@id":"https:\/\/www.compagniadisanpaolo.it\/it\/news\/esiti-del-bando-space-spazi-di-partecipazione-al-centro-ii-anno\/#breadcrumb"},"inLanguage":"it-IT","potentialAction":[{"@type":"ReadAction","target":["https:\/\/www.compagniadisanpaolo.it\/it\/news\/esiti-del-bando-space-spazi-di-partecipazione-al-centro-ii-anno\/"]}]},{"@type":"ImageObject","inLanguage":"it-IT","@id":"https:\/\/www.compagniadisanpaolo.it\/it\/news\/esiti-del-bando-space-spazi-di-partecipazione-al-centro-ii-anno\/#primaryimage","url":"https:\/\/www.compagniadisanpaolo.it\/wp-content\/uploads\/header-rin-2.jpg","contentUrl":"https:\/\/www.compagniadisanpaolo.it\/wp-content\/uploads\/header-rin-2.jpg","width":815,"height":350},{"@type":"BreadcrumbList","@id":"https:\/\/www.compagniadisanpaolo.it\/it\/news\/esiti-del-bando-space-spazi-di-partecipazione-al-centro-ii-anno\/#breadcrumb","itemListElement":[{"@type":"ListItem","position":1,"name":"Home","item":"https:\/\/www.compagniadisanpaolo.it\/it\/"},{"@type":"ListItem","position":2,"name":"Esiti del Bando SPACE \u2013 SPazi di PArtecipazione al CEntro &#8211; II Anno"}]},{"@type":"WebSite","@id":"https:\/\/www.compagniadisanpaolo.it\/it\/#website","url":"https:\/\/www.compagniadisanpaolo.it\/it\/","name":"Fondazione Compagnia di San Paolo","description":"","publisher":{"@id":"https:\/\/www.compagniadisanpaolo.it\/it\/#organization"},"potentialAction":[{"@type":"SearchAction","target":{"@type":"EntryPoint","urlTemplate":"https:\/\/www.compagniadisanpaolo.it\/it\/?s={search_term_string}"},"query-input":{"@type":"PropertyValueSpecification","valueRequired":true,"valueName":"search_term_string"}}],"inLanguage":"it-IT"},{"@type":"Organization","@id":"https:\/\/www.compagniadisanpaolo.it\/it\/#organization","name":"Fondazione Compagnia di San Paolo","url":"https:\/\/www.compagniadisanpaolo.it\/it\/","logo":{"@type":"ImageObject","inLanguage":"it-IT","@id":"https:\/\/www.compagniadisanpaolo.it\/it\/#\/schema\/logo\/image\/","url":"https:\/\/www.compagniadisanpaolo.it\/wp-content\/uploads\/logo.svg","contentUrl":"https:\/\/www.compagniadisanpaolo.it\/wp-content\/uploads\/logo.svg","width":769,"height":323,"caption":"Fondazione Compagnia di San Paolo"},"image":{"@id":"https:\/\/www.compagniadisanpaolo.it\/it\/#\/schema\/logo\/image\/"},"sameAs":["https:\/\/www.facebook.com\/CompagniaDiSanPaolo","https:\/\/x.com\/CSP_live","http:\/\/instagram.com\/compagniadisanpaolo?ref=badge","https:\/\/www.linkedin.com\/company\/compagnia-di-san-paolo","https:\/\/www.youtube.com\/user\/compagniadisanpaolo","https:\/\/it.wikipedia.org\/wiki\/Compagnia_di_San_Paolo"]},{"@type":"Person","@id":"https:\/\/www.compagniadisanpaolo.it\/it\/#\/schema\/person\/b7d5451541c25c82f29c5be1e78456b2","name":"Federica","image":{"@type":"ImageObject","inLanguage":"it-IT","@id":"https:\/\/secure.gravatar.com\/avatar\/b5698fa13ac389b1f1fb1263a4626e219d853d7ccf112e854aea8c9c087d24ae?s=96&d=mm&r=g","url":"https:\/\/secure.gravatar.com\/avatar\/b5698fa13ac389b1f1fb1263a4626e219d853d7ccf112e854aea8c9c087d24ae?s=96&d=mm&r=g","contentUrl":"https:\/\/secure.gravatar.com\/avatar\/b5698fa13ac389b1f1fb1263a4626e219d853d7ccf112e854aea8c9c087d24ae?s=96&d=mm&r=g","caption":"Federica"}}]}},"amp_enabled":true,"_links":{"self":[{"href":"https:\/\/www.compagniadisanpaolo.it\/it\/wp-json\/wp\/v2\/posts\/17207","targetHints":{"allow":["GET"]}}],"collection":[{"href":"https:\/\/www.compagniadisanpaolo.it\/it\/wp-json\/wp\/v2\/posts"}],"about":[{"href":"https:\/\/www.compagniadisanpaolo.it\/it\/wp-json\/wp\/v2\/types\/post"}],"author":[{"embeddable":true,"href":"https:\/\/www.compagniadisanpaolo.it\/it\/wp-json\/wp\/v2\/users\/19"}],"replies":[{"embeddable":true,"href":"https:\/\/www.compagniadisanpaolo.it\/it\/wp-json\/wp\/v2\/comments?post=17207"}],"version-history":[{"count":2,"href":"https:\/\/www.compagniadisanpaolo.it\/it\/wp-json\/wp\/v2\/posts\/17207\/revisions"}],"predecessor-version":[{"id":17209,"href":"https:\/\/www.compagniadisanpaolo.it\/it\/wp-json\/wp\/v2\/posts\/17207\/revisions\/17209"}],"wp:featuredmedia":[{"embeddable":true,"href":"https:\/\/www.compagniadisanpaolo.it\/it\/wp-json\/wp\/v2\/media\/8941"}],"wp:attachment":[{"href":"https:\/\/www.compagniadisanpaolo.it\/it\/wp-json\/wp\/v2\/media?parent=17207"}],"wp:term":[{"taxonomy":"category","embeddable":true,"href":"https:\/\/www.compagniadisanpaolo.it\/it\/wp-json\/wp\/v2\/categories?post=17207"},{"taxonomy":"post_tag","embeddable":true,"href":"https:\/\/www.compagniadisanpaolo.it\/it\/wp-json\/wp\/v2\/tags?post=17207"}],"curies":[{"name":"wp","href":"https:\/\/api.w.org\/{rel}","templated":true}]}}