{"id":16880,"date":"2022-03-02T12:05:34","date_gmt":"2022-03-02T11:05:34","guid":{"rendered":"https:\/\/www.compagniadisanpaolo.it\/?p=16880"},"modified":"2022-03-02T13:19:30","modified_gmt":"2022-03-02T12:19:30","slug":"prime-minister-apre-la-strada-al-sostegno-delle-scuole-di-politica","status":"publish","type":"post","link":"https:\/\/www.compagniadisanpaolo.it\/it\/news\/prime-minister-apre-la-strada-al-sostegno-delle-scuole-di-politica\/","title":{"rendered":"Prime Minister apre la strada al sostegno delle scuole di politica"},"content":{"rendered":"<div class=\"wpb-content-wrapper\">[vc_row][vc_column][vc_column_text el_class=&#8221;text-headline2&#8243;]La Fondazione Compagnia di San Paolo favorisce la partecipazione democratica attiva. Per questo punta sul progetto Prime Minister che investe sulla formazione delle future leader politiche del nostro paese.[\/vc_column_text][\/vc_column][\/vc_row][vc_row][vc_column][vc_column_text]\n<div class=\"info-box mission\">\n\t\t<div class=\"info-box-wrap info-box-hor row pb-0\">\n\n\t\t      \n\t\t      <div class=\"spalla col-12 col-md-12\">\n\t\t\t<div class=\"info-box sharing-box\">\n\t\t\t  <span class=\"label\">Condividi:<\/span>\n\t\t\t  <div class=\"social-sharing\">\n\t\t\t    <span class=\"box\">\n\t\t\t      <a class=\"fb\" href=\"https:\/\/www.facebook.com\/sharer.php?u=https:\/\/www.compagniadisanpaolo.it\/it\/news\/prime-minister-apre-la-strada-al-sostegno-delle-scuole-di-politica\/\" target=\"_blank\">\n\t\t\t\t<span class=\"sr-only\">Facebook<\/span>\n\t\t\t\t<i class=\"fab fa-facebook-f\"><\/i>\n\t\t\t      <\/a>\n\t\t\t    <\/span>\n\t\t\t    \n\t\t\t    <style>\n.twitter, .twitter:hover{\ncolor:#000000 !important;}\n<\/style>\n\n\n\t\t\t    <span class=\"box\">\n\t\t\t      <a class=\"twitter\" href=\"https:\/\/twitter.com\/intent\/tweet?url=https:\/\/www.compagniadisanpaolo.it\/it\/news\/prime-minister-apre-la-strada-al-sostegno-delle-scuole-di-politica\/\">\n\t\t\t\t<span class=\"sr-only\">Twitter<\/span>\n\t\t\t\t<i class=\"fa-brands fa-x-twitter\"><\/i>\n\t\t\t      <\/a>\n\t\t\t    <\/span>\n\n\t\t\t    \n\t\t\t    <span class=\"box\">\n\t\t\t      <a class=\"linkedin\" href=\"https:\/\/www.linkedin.com\/shareArticle?mini=true&url=https:\/\/www.compagniadisanpaolo.it\/it\/news\/prime-minister-apre-la-strada-al-sostegno-delle-scuole-di-politica\/\">\n\t\t\t\t<span class=\"sr-only\">Linkedin<\/span>\n\t\t\t\t  <i class=\"fa-brands fa-linkedin-in\"><\/i>\n\t\t\t      <\/a>\n\t\t\t    <\/span>\n\n\t\t\t    <span class=\"box\">\n\t\t\t      <a class=\"whatsapp\" href=\"whatsapp:\/\/send?text=https:\/\/www.compagniadisanpaolo.it\/it\/news\/prime-minister-apre-la-strada-al-sostegno-delle-scuole-di-politica\/\" data-action=\"share\/whatsapp\/share\">\n\t\t\t\t<span class=\"sr-only\">Whatsapp<\/span>\n\t\t\t\t<i class=\"fa-brands fa-whatsapp\"><\/i>\n\t\t\t      <\/a>\n\t\t\t    <\/span>\n\n\t\t\t    <span class=\"box\">\n\t\t\t      <a class=\"mail\" href=\"mailto:?subject=Prime Minister apre la strada al sostegno delle scuole di politica&body=https:\/\/www.compagniadisanpaolo.it\/it\/news\/prime-minister-apre-la-strada-al-sostegno-delle-scuole-di-politica\/\">\n\t\t\t\t<span class=\"sr-only\">Mail<\/span>\n\t\t\t\t <i class=\"fa-solid fa-envelope\"><\/i>\n\t\t\t      <\/a>\n\t\t\t    <\/span>\n\t\t\t    \n\t\t\t  <\/div>\n\t\t\t<\/div>\n\t      <\/div>\n\t    <\/div><\/div>\n[\/vc_column_text][\/vc_column][\/vc_row][vc_row][vc_column width=&#8221;1\/4&#8243;][vc_column_text]\n\n\n\t\t<div class=\"info-box-wrap\">\n\n\t  <div class=\"info-box date-pub\">\n\t  \t<span class=\"label\">Data di pubblicazione:<\/span>\n\t    <span class=\"value\">2 Marzo 2022<\/span>\n\t  <\/div>\n\t\t\t\t  <div class=\"info-box obj-culture\">\n\t\t\t\t\t  <div class=\"info-box obj\"><span class=\"label\">Obiettivo<\/span>\n\t\t\t\t\t    <div class=\"obj-small-box\">\n\t\t\t\t\t      <span>Cultura.<\/span>\n\t\t\t\t\t    <\/div>\n\t\t\t\t\t  <\/div>\n\t\t\t\t  <\/div>\n\t\t\t  <div class=\"info-box mission\"><span class=\"label\">Tag<\/span><a href=\"https:\/\/www.compagniadisanpaolo.it\/it\/tags\/risultati\/?_sft_post_tag=capitale-sociale\" class=\"tag-element\">Capitale sociale<\/a><a href=\"https:\/\/www.compagniadisanpaolo.it\/it\/tags\/risultati\/?_sft_post_tag=formazione\" class=\"tag-element\">Formazione<\/a><a href=\"https:\/\/www.compagniadisanpaolo.it\/it\/tags\/risultati\/?_sft_post_tag=nuove-generazioni\" class=\"tag-element\">Nuove generazioni<\/a><a href=\"https:\/\/www.compagniadisanpaolo.it\/it\/tags\/risultati\/?_sft_post_tag=oltre-lerogazione\" class=\"tag-element\">Oltre l'erogazione<\/a><a href=\"https:\/\/www.compagniadisanpaolo.it\/it\/tags\/risultati\/?_sft_post_tag=pari-opportunita\" class=\"tag-element\">Pari opportunit\u00e0<\/a><a href=\"https:\/\/www.compagniadisanpaolo.it\/it\/tags\/risultati\/?_sft_post_tag=saperi\" class=\"tag-element\">Saperi<\/a><\/div>\t  \n\t<\/div>\n[\/vc_column_text][\/vc_column][vc_column width=&#8221;3\/4&#8243; el_class=&#8221;page-content&#8221;][vc_column_text el_class=&#8221;text&#8221;]Sono state presentate oggi quattro nuove edizioni di <a href=\"https:\/\/www.primeminister.it\/\" target=\"_blank\" rel=\"noopener\"><strong>Prime Minister<\/strong><\/a>, un\u2019esperienza di successo partita dalla Sicilia e che, dopo alcune tappe nelle regioni del sud, proprio grazie al sostegno della Fondazione Compagnia di San Paolo approda al nord.<\/p>\n<p>Oltre alla citt\u00e0 di <strong>Torino<\/strong>, anche <strong>Loano<\/strong>, in provincia di Savona, <strong>Asti<\/strong> e <strong>Ivrea<\/strong> avranno quindi scuole di formazione Politica per le giovani donne d\u2019et\u00e0 compresa tra i 14 e i 17 anni. Un\u2019iniziativa necessaria per supportare la questione della <strong>parit\u00e0 di genere nella classe politica<\/strong> nel nostro paese.<\/p>\n<p>Un intervento che si affianca ad altre forme di sostegno ed incentivo per riavvicinare le persone e in particolare le giovani alla Politica. Per questo, nell\u2019ambito della missione <a href=\"https:\/\/www.compagniadisanpaolo.it\/it\/le-nostre-sfide\/obiettivo-cultura\/favorire-partecipazione-attiva\/\" target=\"_blank\" rel=\"noopener\"><strong>Favorire partecipazione attiva<\/strong><\/a> dell\u2019<a href=\"https:\/\/www.compagniadisanpaolo.it\/it\/le-nostre-sfide\/obiettivo-cultura\/\" target=\"_blank\" rel=\"noopener\"><strong>Obiettivo Cultura<\/strong><\/a>, la Fondazione Compagnia di San Paolo valuta proposte per la sperimentazione di diverse forme e modelli di scuole di politica volte a<strong> favorire l\u2019ampliamento della partecipazione democratica attiva<\/strong>.<\/p>\n<p>Secondo i dati forniti dall&#8217;AGI report donne &amp; politica 2019, infatti, la situazione in Italia \u00e8 fortemente squilibrata. Secondo il report, il nostro Paese si posiziona al <strong>tredicesimo posto<\/strong> in Europa per <strong>percentuale di donne ministro<\/strong>, sotto la media europea del 30,4%. Anche per quanto riguarda i dati relativi alle regioni i numeri non sono incoraggianti. Si conta infatti solo 1 donna governatrice di regione su 20, mentre, analizzando la situazione dei Comuni, soli 9 capoluoghi su 109 sono guidati da una sindaca.<\/p>\n<p><strong>Prime Minister<\/strong> \u00e8 un progetto che aiuta a raggiungere proprio questi obiettivi: \u00e8 una <strong>scuola di politica<\/strong>, di <strong>attivismo civico<\/strong> e in generale di <strong>tutela e promozione del bene comune<\/strong> che, a tutto questo, aggiunge una particolare attenzione alla <strong>parit\u00e0 di genere<\/strong>, elemento fondamentale e di carattere trasversale che permea l\u2019attivit\u00e0 della Fondazione Compagnia di San Paolo, dalla sua organizzazione all\u2019azione filantropica di sostegno del terzo settore.<\/p>\n<p>In particolare, <strong>Prime Minister<\/strong> <strong>investe sulle giovani leader di domani<\/strong>, cos\u00ec da <strong>generare un impatto di medio e lungo periodo sull\u2019intero Paese<\/strong>. L&#8217;obiettivo principale del progetto, infatti, \u00e8 quello di diffondere consapevolezza tra le giovani donne italiane in merito alle proprie capacit\u00e0, rendendole cos\u00ec agenti di cambiamento nelle proprie scuole, comunit\u00e0, citt\u00e0, nazioni.<\/p>\n<p>La Fondazione Compagnia di San Paolo intende <strong>sostenere Prime Minister<\/strong> non solo con un supporto economico su questo specifico progetto, ma anche <strong>sostenendo uno sviluppo organizzativo dell\u2019Associazione, di recente costituzione<\/strong>, in linea con le azioni che la Fondazione ha attivato in modo trasversale a tutti i propri Obiettivi. Tra queste azioni, i Bandi <a href=\"https:\/\/www.compagniadisanpaolo.it\/it\/contributi\/next-generation-you\/\" target=\"_blank\" rel=\"noopener\"><strong>Next Generation You<\/strong><\/a>\u00a0e <a href=\"https:\/\/www.compagniadisanpaolo.it\/it\/contributi\/next-generation-we\/\" target=\"_blank\" rel=\"noopener\"><strong>Next Generation We<\/strong><\/a>, e coerentemente con il ricorso a nuovi strumenti di filantropia individuati nella programmazione pluriennale 2021-2024.[\/vc_column_text][\/vc_column][\/vc_row][vc_row el_class=&#8221;sdg-list-wrap&#8221;][vc_column][vc_raw_html]JTVCbW9zdHJhU0RHUyU1RA==[\/vc_raw_html][\/vc_column][\/vc_row][vc_row el_class=&#8221;sdg-list-wrap&#8221;][vc_column][vc_raw_html]JTVCU2V6aW9uZV9Eb2N1bWVudGklNUQ=[\/vc_raw_html][\/vc_column][\/vc_row][vc_row][vc_column]<div class=\"templatera_shortcode\"><div data-vc-full-width=\"true\" data-vc-full-width-temp=\"true\" data-vc-full-width-init=\"false\" class=\"vc_row wpb_row vc_row-fluid newsletter-wrap\"><div class=\"wpb_column vc_column_container vc_col-sm-12\"><div class=\"vc_column-inner\"><div class=\"wpb_wrapper\">\n\t<div class=\"wpb_raw_code wpb_raw_html wpb_content_element\" >\n\t\t<div class=\"wpb_wrapper\">\n\t\t\t    <div class=\"container\">\n      <div class=\"row align-items-center\">\n\t<div class=\"col-12 col-lg-6 col-xl-5 mb-3 mb-lg-0 pr-0\">\n\t  <h2 class=\"title\">Rimani aggiornato sui nostri bandi e sui nostri progetti<\/h2>\n\t<\/div>\n\t<div class=\"col-12 col-lg-6 col-xl-7 pl-xl-4\">\n\t  <a class=\"standard-link-block\" href=\"\/it\/newsletter\/\">\n\t    Compila il form e decidi su quale argomento vuoi ricevere notizie.\t    <strong>\u00a0 ISCRIVITI!<\/strong>\n\t  <\/a>\n\t<\/div>\n      <\/div>\n    <\/div>\n\t\t<\/div>\n\t<\/div>\n<\/div><\/div><\/div><\/div><div class=\"vc_row-full-width vc_clearfix\"><\/div><\/div>[\/vc_column][\/vc_row]\n<\/div>","protected":false},"excerpt":{"rendered":"La Fondazione Compagnia di San Paolo favorisce la partecipazione democratica attiva. Per questo punta sul progetto Prime Minister che investe sulla formazione delle future leader politiche del nostro paese. Condividi: Facebook Twitter Linkedin Whatsapp Mail Data di pubblicazione: 2 Marzo 2022 Obiettivo Cultura. TagCapitale socialeFormazioneNuove generazioniOltre l'erogazionePari opportunit\u00e0Saperi Sono state presentate oggi quattro nuove edizioni di Prime Minister, un\u2019esperienza di successo partita dalla Sicilia e che, dopo alcune tappe nelle regioni del sud, proprio grazie al sostegno della Fondazione Compagnia di San Paolo approda al nord. Oltre alla citt\u00e0 di Torino, anche Loano, in provincia di Savona, Asti e Ivrea avranno quindi scuole di formazione Politica per le giovani donne d\u2019et\u00e0 compresa tra i 14 e i 17 anni. Un\u2019iniziativa necessaria per supportare la questione della parit\u00e0 di genere nella classe politica nel nostro paese. Un intervento che si affianca ad altre forme di sostegno ed incentivo per riavvicinare le persone e in particolare le giovani alla Politica. Per questo, nell\u2019ambito della missione Favorire partecipazione attiva dell\u2019Obiettivo Cultura, la Fondazione Compagnia di San Paolo valuta proposte per la sperimentazione di diverse forme e modelli di scuole di politica volte a favorire l\u2019ampliamento della partecipazione democratica attiva. Secondo i dati forniti dall'AGI report donne &amp; politica 2019, infatti, la situazione in Italia \u00e8 fortemente squilibrata. Secondo il report, il nostro Paese si posiziona al tredicesimo posto in Europa per percentuale di donne ministro, sotto la media europea del 30,4%. Anche per quanto riguarda i dati relativi alle regioni i numeri non sono incoraggianti. Si conta infatti solo 1 donna governatrice di regione su 20, mentre, analizzando la situazione dei Comuni, soli 9 capoluoghi su 109 sono guidati da una sindaca. Prime Minister \u00e8 un progetto che aiuta a raggiungere proprio questi obiettivi: \u00e8 una scuola di politica, di attivismo civico e in generale di tutela e promozione del bene comune che, a tutto questo, aggiunge una particolare attenzione alla parit\u00e0 di genere, elemento fondamentale e di carattere trasversale che permea l\u2019attivit\u00e0 della Fondazione Compagnia di San Paolo, dalla sua organizzazione all\u2019azione filantropica di sostegno del terzo settore. In particolare, Prime Minister investe sulle giovani leader di domani, cos\u00ec da generare un impatto di medio e lungo periodo sull\u2019intero Paese. L'obiettivo principale del progetto, infatti, \u00e8 quello di diffondere consapevolezza tra le giovani donne italiane in merito alle proprie capacit\u00e0, rendendole cos\u00ec agenti di cambiamento nelle proprie scuole, comunit\u00e0, citt\u00e0, nazioni. La Fondazione Compagnia di San Paolo intende sostenere Prime Minister non solo con un supporto economico su questo specifico progetto, ma anche sostenendo uno sviluppo organizzativo dell\u2019Associazione, di recente costituzione, in linea con le azioni che la Fondazione ha attivato in modo trasversale a tutti i propri Obiettivi. Tra queste azioni, i Bandi Next Generation You\u00a0e Next Generation We, e coerentemente con il ricorso a nuovi strumenti di filantropia individuati nella programmazione pluriennale 2021-2024. Questo Bando contribuisce al raggiungimento dei seguenti Obiettivi di Sviluppo Sostenibile Rimani aggiornato sui nostri bandi e sui nostri progetti Compila il form e decidi su quale argomento vuoi ricevere notizie. \u00a0 ISCRIVITI!","protected":false},"author":19,"featured_media":16882,"comment_status":"closed","ping_status":"closed","sticky":false,"template":"","format":"standard","meta":{"_acf_changed":false,"content-type":"","footnotes":""},"categories":[17],"tags":[104,53,54,69,79,58],"class_list":["post-16880","post","type-post","status-publish","format-standard","has-post-thumbnail","hentry","category-news","tag-capitale-sociale","tag-formazione","tag-nuove-generazioni","tag-oltre-lerogazione","tag-pari-opportunita","tag-saperi","entry","post-inner"],"acf":[],"yoast_head":"<!-- This site is optimized with the Yoast SEO plugin v27.3 - https:\/\/yoast.com\/product\/yoast-seo-wordpress\/ -->\n<title>Prime Minister apre la strada al sostegno delle scuole di politica - Fondazione Compagnia di San Paolo<\/title>\n<meta name=\"description\" content=\"La Fondazione Compagnia di San Paolo favorisce la partecipazione democratica attiva. Per questo punta sul progetto Prime Minister che investe sulla formazione delle future leader politiche del nostro paese.\" \/>\n<meta name=\"robots\" content=\"index, follow, max-snippet:-1, max-image-preview:large, max-video-preview:-1\" \/>\n<link rel=\"canonical\" href=\"https:\/\/www.compagniadisanpaolo.it\/it\/news\/prime-minister-apre-la-strada-al-sostegno-delle-scuole-di-politica\/\" \/>\n<meta property=\"og:locale\" content=\"it_IT\" \/>\n<meta property=\"og:type\" content=\"article\" \/>\n<meta property=\"og:title\" content=\"Prime Minister apre la strada al sostegno delle scuole di politica - Fondazione Compagnia di San Paolo\" \/>\n<meta property=\"og:description\" content=\"La Fondazione Compagnia di San Paolo favorisce la partecipazione democratica attiva. Per questo punta sul progetto Prime Minister che investe sulla formazione delle future leader politiche del nostro paese.\" \/>\n<meta property=\"og:url\" content=\"https:\/\/www.compagniadisanpaolo.it\/it\/news\/prime-minister-apre-la-strada-al-sostegno-delle-scuole-di-politica\/\" \/>\n<meta property=\"og:site_name\" content=\"Fondazione Compagnia di San Paolo\" \/>\n<meta property=\"article:publisher\" content=\"https:\/\/www.facebook.com\/CompagniaDiSanPaolo\" \/>\n<meta property=\"article:published_time\" content=\"2022-03-02T11:05:34+00:00\" \/>\n<meta property=\"article:modified_time\" content=\"2022-03-02T12:19:30+00:00\" \/>\n<meta property=\"og:image\" content=\"https:\/\/www.compagniadisanpaolo.it\/wp-content\/uploads\/prime-minister-head.jpg\" \/>\n\t<meta property=\"og:image:width\" content=\"815\" \/>\n\t<meta property=\"og:image:height\" content=\"350\" \/>\n\t<meta property=\"og:image:type\" content=\"image\/jpeg\" \/>\n<meta name=\"author\" content=\"Federica\" \/>\n<meta name=\"twitter:card\" content=\"summary_large_image\" \/>\n<meta name=\"twitter:creator\" content=\"@CSP_live\" \/>\n<meta name=\"twitter:site\" content=\"@CSP_live\" \/>\n<meta name=\"twitter:label1\" content=\"Scritto da\" \/>\n\t<meta name=\"twitter:data1\" content=\"Federica\" \/>\n\t<meta name=\"twitter:label2\" content=\"Tempo di lettura stimato\" \/>\n\t<meta name=\"twitter:data2\" content=\"3 minuti\" \/>\n<script type=\"application\/ld+json\" class=\"yoast-schema-graph\">{\"@context\":\"https:\\\/\\\/schema.org\",\"@graph\":[{\"@type\":\"Article\",\"@id\":\"https:\\\/\\\/www.compagniadisanpaolo.it\\\/it\\\/news\\\/prime-minister-apre-la-strada-al-sostegno-delle-scuole-di-politica\\\/#article\",\"isPartOf\":{\"@id\":\"https:\\\/\\\/www.compagniadisanpaolo.it\\\/it\\\/news\\\/prime-minister-apre-la-strada-al-sostegno-delle-scuole-di-politica\\\/\"},\"author\":{\"name\":\"Federica\",\"@id\":\"https:\\\/\\\/www.compagniadisanpaolo.it\\\/it\\\/#\\\/schema\\\/person\\\/b7d5451541c25c82f29c5be1e78456b2\"},\"headline\":\"Prime Minister apre la strada al sostegno delle scuole di politica\",\"datePublished\":\"2022-03-02T11:05:34+00:00\",\"dateModified\":\"2022-03-02T12:19:30+00:00\",\"mainEntityOfPage\":{\"@id\":\"https:\\\/\\\/www.compagniadisanpaolo.it\\\/it\\\/news\\\/prime-minister-apre-la-strada-al-sostegno-delle-scuole-di-politica\\\/\"},\"wordCount\":585,\"publisher\":{\"@id\":\"https:\\\/\\\/www.compagniadisanpaolo.it\\\/it\\\/#organization\"},\"image\":{\"@id\":\"https:\\\/\\\/www.compagniadisanpaolo.it\\\/it\\\/news\\\/prime-minister-apre-la-strada-al-sostegno-delle-scuole-di-politica\\\/#primaryimage\"},\"thumbnailUrl\":\"https:\\\/\\\/www.compagniadisanpaolo.it\\\/wp-content\\\/uploads\\\/prime-minister-head.jpg\",\"keywords\":[\"capitale sociale\",\"formazione\",\"nuove generazioni\",\"oltre l'erogazione\",\"pari opportunit\u00e0\",\"saperi\"],\"articleSection\":[\"News\"],\"inLanguage\":\"it-IT\"},{\"@type\":\"WebPage\",\"@id\":\"https:\\\/\\\/www.compagniadisanpaolo.it\\\/it\\\/news\\\/prime-minister-apre-la-strada-al-sostegno-delle-scuole-di-politica\\\/\",\"url\":\"https:\\\/\\\/www.compagniadisanpaolo.it\\\/it\\\/news\\\/prime-minister-apre-la-strada-al-sostegno-delle-scuole-di-politica\\\/\",\"name\":\"Prime Minister apre la strada al sostegno delle scuole di politica - Fondazione Compagnia di San Paolo\",\"isPartOf\":{\"@id\":\"https:\\\/\\\/www.compagniadisanpaolo.it\\\/it\\\/#website\"},\"primaryImageOfPage\":{\"@id\":\"https:\\\/\\\/www.compagniadisanpaolo.it\\\/it\\\/news\\\/prime-minister-apre-la-strada-al-sostegno-delle-scuole-di-politica\\\/#primaryimage\"},\"image\":{\"@id\":\"https:\\\/\\\/www.compagniadisanpaolo.it\\\/it\\\/news\\\/prime-minister-apre-la-strada-al-sostegno-delle-scuole-di-politica\\\/#primaryimage\"},\"thumbnailUrl\":\"https:\\\/\\\/www.compagniadisanpaolo.it\\\/wp-content\\\/uploads\\\/prime-minister-head.jpg\",\"datePublished\":\"2022-03-02T11:05:34+00:00\",\"dateModified\":\"2022-03-02T12:19:30+00:00\",\"description\":\"La Fondazione Compagnia di San Paolo favorisce la partecipazione democratica attiva. Per questo punta sul progetto Prime Minister che investe sulla formazione delle future leader politiche del nostro paese.\",\"breadcrumb\":{\"@id\":\"https:\\\/\\\/www.compagniadisanpaolo.it\\\/it\\\/news\\\/prime-minister-apre-la-strada-al-sostegno-delle-scuole-di-politica\\\/#breadcrumb\"},\"inLanguage\":\"it-IT\",\"potentialAction\":[{\"@type\":\"ReadAction\",\"target\":[\"https:\\\/\\\/www.compagniadisanpaolo.it\\\/it\\\/news\\\/prime-minister-apre-la-strada-al-sostegno-delle-scuole-di-politica\\\/\"]}]},{\"@type\":\"ImageObject\",\"inLanguage\":\"it-IT\",\"@id\":\"https:\\\/\\\/www.compagniadisanpaolo.it\\\/it\\\/news\\\/prime-minister-apre-la-strada-al-sostegno-delle-scuole-di-politica\\\/#primaryimage\",\"url\":\"https:\\\/\\\/www.compagniadisanpaolo.it\\\/wp-content\\\/uploads\\\/prime-minister-head.jpg\",\"contentUrl\":\"https:\\\/\\\/www.compagniadisanpaolo.it\\\/wp-content\\\/uploads\\\/prime-minister-head.jpg\",\"width\":815,\"height\":350},{\"@type\":\"BreadcrumbList\",\"@id\":\"https:\\\/\\\/www.compagniadisanpaolo.it\\\/it\\\/news\\\/prime-minister-apre-la-strada-al-sostegno-delle-scuole-di-politica\\\/#breadcrumb\",\"itemListElement\":[{\"@type\":\"ListItem\",\"position\":1,\"name\":\"Home\",\"item\":\"https:\\\/\\\/www.compagniadisanpaolo.it\\\/it\\\/\"},{\"@type\":\"ListItem\",\"position\":2,\"name\":\"Prime Minister apre la strada al sostegno delle scuole di politica\"}]},{\"@type\":\"WebSite\",\"@id\":\"https:\\\/\\\/www.compagniadisanpaolo.it\\\/it\\\/#website\",\"url\":\"https:\\\/\\\/www.compagniadisanpaolo.it\\\/it\\\/\",\"name\":\"Fondazione Compagnia di San Paolo\",\"description\":\"\",\"publisher\":{\"@id\":\"https:\\\/\\\/www.compagniadisanpaolo.it\\\/it\\\/#organization\"},\"potentialAction\":[{\"@type\":\"SearchAction\",\"target\":{\"@type\":\"EntryPoint\",\"urlTemplate\":\"https:\\\/\\\/www.compagniadisanpaolo.it\\\/it\\\/?s={search_term_string}\"},\"query-input\":{\"@type\":\"PropertyValueSpecification\",\"valueRequired\":true,\"valueName\":\"search_term_string\"}}],\"inLanguage\":\"it-IT\"},{\"@type\":\"Organization\",\"@id\":\"https:\\\/\\\/www.compagniadisanpaolo.it\\\/it\\\/#organization\",\"name\":\"Fondazione Compagnia di San Paolo\",\"url\":\"https:\\\/\\\/www.compagniadisanpaolo.it\\\/it\\\/\",\"logo\":{\"@type\":\"ImageObject\",\"inLanguage\":\"it-IT\",\"@id\":\"https:\\\/\\\/www.compagniadisanpaolo.it\\\/it\\\/#\\\/schema\\\/logo\\\/image\\\/\",\"url\":\"https:\\\/\\\/www.compagniadisanpaolo.it\\\/wp-content\\\/uploads\\\/logo.svg\",\"contentUrl\":\"https:\\\/\\\/www.compagniadisanpaolo.it\\\/wp-content\\\/uploads\\\/logo.svg\",\"width\":769,\"height\":323,\"caption\":\"Fondazione Compagnia di San Paolo\"},\"image\":{\"@id\":\"https:\\\/\\\/www.compagniadisanpaolo.it\\\/it\\\/#\\\/schema\\\/logo\\\/image\\\/\"},\"sameAs\":[\"https:\\\/\\\/www.facebook.com\\\/CompagniaDiSanPaolo\",\"https:\\\/\\\/x.com\\\/CSP_live\",\"http:\\\/\\\/instagram.com\\\/compagniadisanpaolo?ref=badge\",\"https:\\\/\\\/www.linkedin.com\\\/company\\\/compagnia-di-san-paolo\",\"https:\\\/\\\/www.youtube.com\\\/user\\\/compagniadisanpaolo\",\"https:\\\/\\\/it.wikipedia.org\\\/wiki\\\/Compagnia_di_San_Paolo\"]},{\"@type\":\"Person\",\"@id\":\"https:\\\/\\\/www.compagniadisanpaolo.it\\\/it\\\/#\\\/schema\\\/person\\\/b7d5451541c25c82f29c5be1e78456b2\",\"name\":\"Federica\",\"image\":{\"@type\":\"ImageObject\",\"inLanguage\":\"it-IT\",\"@id\":\"https:\\\/\\\/secure.gravatar.com\\\/avatar\\\/b5698fa13ac389b1f1fb1263a4626e219d853d7ccf112e854aea8c9c087d24ae?s=96&d=mm&r=g\",\"url\":\"https:\\\/\\\/secure.gravatar.com\\\/avatar\\\/b5698fa13ac389b1f1fb1263a4626e219d853d7ccf112e854aea8c9c087d24ae?s=96&d=mm&r=g\",\"contentUrl\":\"https:\\\/\\\/secure.gravatar.com\\\/avatar\\\/b5698fa13ac389b1f1fb1263a4626e219d853d7ccf112e854aea8c9c087d24ae?s=96&d=mm&r=g\",\"caption\":\"Federica\"}}]}<\/script>\n<!-- \/ Yoast SEO plugin. -->","yoast_head_json":{"title":"Prime Minister apre la strada al sostegno delle scuole di politica - Fondazione Compagnia di San Paolo","description":"La Fondazione Compagnia di San Paolo favorisce la partecipazione democratica attiva. Per questo punta sul progetto Prime Minister che investe sulla formazione delle future leader politiche del nostro paese.","robots":{"index":"index","follow":"follow","max-snippet":"max-snippet:-1","max-image-preview":"max-image-preview:large","max-video-preview":"max-video-preview:-1"},"canonical":"https:\/\/www.compagniadisanpaolo.it\/it\/news\/prime-minister-apre-la-strada-al-sostegno-delle-scuole-di-politica\/","og_locale":"it_IT","og_type":"article","og_title":"Prime Minister apre la strada al sostegno delle scuole di politica - Fondazione Compagnia di San Paolo","og_description":"La Fondazione Compagnia di San Paolo favorisce la partecipazione democratica attiva. Per questo punta sul progetto Prime Minister che investe sulla formazione delle future leader politiche del nostro paese.","og_url":"https:\/\/www.compagniadisanpaolo.it\/it\/news\/prime-minister-apre-la-strada-al-sostegno-delle-scuole-di-politica\/","og_site_name":"Fondazione Compagnia di San Paolo","article_publisher":"https:\/\/www.facebook.com\/CompagniaDiSanPaolo","article_published_time":"2022-03-02T11:05:34+00:00","article_modified_time":"2022-03-02T12:19:30+00:00","og_image":[{"width":815,"height":350,"url":"https:\/\/www.compagniadisanpaolo.it\/wp-content\/uploads\/prime-minister-head.jpg","type":"image\/jpeg"}],"author":"Federica","twitter_card":"summary_large_image","twitter_creator":"@CSP_live","twitter_site":"@CSP_live","twitter_misc":{"Scritto da":"Federica","Tempo di lettura stimato":"3 minuti"},"schema":{"@context":"https:\/\/schema.org","@graph":[{"@type":"Article","@id":"https:\/\/www.compagniadisanpaolo.it\/it\/news\/prime-minister-apre-la-strada-al-sostegno-delle-scuole-di-politica\/#article","isPartOf":{"@id":"https:\/\/www.compagniadisanpaolo.it\/it\/news\/prime-minister-apre-la-strada-al-sostegno-delle-scuole-di-politica\/"},"author":{"name":"Federica","@id":"https:\/\/www.compagniadisanpaolo.it\/it\/#\/schema\/person\/b7d5451541c25c82f29c5be1e78456b2"},"headline":"Prime Minister apre la strada al sostegno delle scuole di politica","datePublished":"2022-03-02T11:05:34+00:00","dateModified":"2022-03-02T12:19:30+00:00","mainEntityOfPage":{"@id":"https:\/\/www.compagniadisanpaolo.it\/it\/news\/prime-minister-apre-la-strada-al-sostegno-delle-scuole-di-politica\/"},"wordCount":585,"publisher":{"@id":"https:\/\/www.compagniadisanpaolo.it\/it\/#organization"},"image":{"@id":"https:\/\/www.compagniadisanpaolo.it\/it\/news\/prime-minister-apre-la-strada-al-sostegno-delle-scuole-di-politica\/#primaryimage"},"thumbnailUrl":"https:\/\/www.compagniadisanpaolo.it\/wp-content\/uploads\/prime-minister-head.jpg","keywords":["capitale sociale","formazione","nuove generazioni","oltre l'erogazione","pari opportunit\u00e0","saperi"],"articleSection":["News"],"inLanguage":"it-IT"},{"@type":"WebPage","@id":"https:\/\/www.compagniadisanpaolo.it\/it\/news\/prime-minister-apre-la-strada-al-sostegno-delle-scuole-di-politica\/","url":"https:\/\/www.compagniadisanpaolo.it\/it\/news\/prime-minister-apre-la-strada-al-sostegno-delle-scuole-di-politica\/","name":"Prime Minister apre la strada al sostegno delle scuole di politica - Fondazione Compagnia di San Paolo","isPartOf":{"@id":"https:\/\/www.compagniadisanpaolo.it\/it\/#website"},"primaryImageOfPage":{"@id":"https:\/\/www.compagniadisanpaolo.it\/it\/news\/prime-minister-apre-la-strada-al-sostegno-delle-scuole-di-politica\/#primaryimage"},"image":{"@id":"https:\/\/www.compagniadisanpaolo.it\/it\/news\/prime-minister-apre-la-strada-al-sostegno-delle-scuole-di-politica\/#primaryimage"},"thumbnailUrl":"https:\/\/www.compagniadisanpaolo.it\/wp-content\/uploads\/prime-minister-head.jpg","datePublished":"2022-03-02T11:05:34+00:00","dateModified":"2022-03-02T12:19:30+00:00","description":"La Fondazione Compagnia di San Paolo favorisce la partecipazione democratica attiva. Per questo punta sul progetto Prime Minister che investe sulla formazione delle future leader politiche del nostro paese.","breadcrumb":{"@id":"https:\/\/www.compagniadisanpaolo.it\/it\/news\/prime-minister-apre-la-strada-al-sostegno-delle-scuole-di-politica\/#breadcrumb"},"inLanguage":"it-IT","potentialAction":[{"@type":"ReadAction","target":["https:\/\/www.compagniadisanpaolo.it\/it\/news\/prime-minister-apre-la-strada-al-sostegno-delle-scuole-di-politica\/"]}]},{"@type":"ImageObject","inLanguage":"it-IT","@id":"https:\/\/www.compagniadisanpaolo.it\/it\/news\/prime-minister-apre-la-strada-al-sostegno-delle-scuole-di-politica\/#primaryimage","url":"https:\/\/www.compagniadisanpaolo.it\/wp-content\/uploads\/prime-minister-head.jpg","contentUrl":"https:\/\/www.compagniadisanpaolo.it\/wp-content\/uploads\/prime-minister-head.jpg","width":815,"height":350},{"@type":"BreadcrumbList","@id":"https:\/\/www.compagniadisanpaolo.it\/it\/news\/prime-minister-apre-la-strada-al-sostegno-delle-scuole-di-politica\/#breadcrumb","itemListElement":[{"@type":"ListItem","position":1,"name":"Home","item":"https:\/\/www.compagniadisanpaolo.it\/it\/"},{"@type":"ListItem","position":2,"name":"Prime Minister apre la strada al sostegno delle scuole di politica"}]},{"@type":"WebSite","@id":"https:\/\/www.compagniadisanpaolo.it\/it\/#website","url":"https:\/\/www.compagniadisanpaolo.it\/it\/","name":"Fondazione Compagnia di San Paolo","description":"","publisher":{"@id":"https:\/\/www.compagniadisanpaolo.it\/it\/#organization"},"potentialAction":[{"@type":"SearchAction","target":{"@type":"EntryPoint","urlTemplate":"https:\/\/www.compagniadisanpaolo.it\/it\/?s={search_term_string}"},"query-input":{"@type":"PropertyValueSpecification","valueRequired":true,"valueName":"search_term_string"}}],"inLanguage":"it-IT"},{"@type":"Organization","@id":"https:\/\/www.compagniadisanpaolo.it\/it\/#organization","name":"Fondazione Compagnia di San Paolo","url":"https:\/\/www.compagniadisanpaolo.it\/it\/","logo":{"@type":"ImageObject","inLanguage":"it-IT","@id":"https:\/\/www.compagniadisanpaolo.it\/it\/#\/schema\/logo\/image\/","url":"https:\/\/www.compagniadisanpaolo.it\/wp-content\/uploads\/logo.svg","contentUrl":"https:\/\/www.compagniadisanpaolo.it\/wp-content\/uploads\/logo.svg","width":769,"height":323,"caption":"Fondazione Compagnia di San Paolo"},"image":{"@id":"https:\/\/www.compagniadisanpaolo.it\/it\/#\/schema\/logo\/image\/"},"sameAs":["https:\/\/www.facebook.com\/CompagniaDiSanPaolo","https:\/\/x.com\/CSP_live","http:\/\/instagram.com\/compagniadisanpaolo?ref=badge","https:\/\/www.linkedin.com\/company\/compagnia-di-san-paolo","https:\/\/www.youtube.com\/user\/compagniadisanpaolo","https:\/\/it.wikipedia.org\/wiki\/Compagnia_di_San_Paolo"]},{"@type":"Person","@id":"https:\/\/www.compagniadisanpaolo.it\/it\/#\/schema\/person\/b7d5451541c25c82f29c5be1e78456b2","name":"Federica","image":{"@type":"ImageObject","inLanguage":"it-IT","@id":"https:\/\/secure.gravatar.com\/avatar\/b5698fa13ac389b1f1fb1263a4626e219d853d7ccf112e854aea8c9c087d24ae?s=96&d=mm&r=g","url":"https:\/\/secure.gravatar.com\/avatar\/b5698fa13ac389b1f1fb1263a4626e219d853d7ccf112e854aea8c9c087d24ae?s=96&d=mm&r=g","contentUrl":"https:\/\/secure.gravatar.com\/avatar\/b5698fa13ac389b1f1fb1263a4626e219d853d7ccf112e854aea8c9c087d24ae?s=96&d=mm&r=g","caption":"Federica"}}]}},"amp_enabled":true,"_links":{"self":[{"href":"https:\/\/www.compagniadisanpaolo.it\/it\/wp-json\/wp\/v2\/posts\/16880","targetHints":{"allow":["GET"]}}],"collection":[{"href":"https:\/\/www.compagniadisanpaolo.it\/it\/wp-json\/wp\/v2\/posts"}],"about":[{"href":"https:\/\/www.compagniadisanpaolo.it\/it\/wp-json\/wp\/v2\/types\/post"}],"author":[{"embeddable":true,"href":"https:\/\/www.compagniadisanpaolo.it\/it\/wp-json\/wp\/v2\/users\/19"}],"replies":[{"embeddable":true,"href":"https:\/\/www.compagniadisanpaolo.it\/it\/wp-json\/wp\/v2\/comments?post=16880"}],"version-history":[{"count":6,"href":"https:\/\/www.compagniadisanpaolo.it\/it\/wp-json\/wp\/v2\/posts\/16880\/revisions"}],"predecessor-version":[{"id":16888,"href":"https:\/\/www.compagniadisanpaolo.it\/it\/wp-json\/wp\/v2\/posts\/16880\/revisions\/16888"}],"wp:featuredmedia":[{"embeddable":true,"href":"https:\/\/www.compagniadisanpaolo.it\/it\/wp-json\/wp\/v2\/media\/16882"}],"wp:attachment":[{"href":"https:\/\/www.compagniadisanpaolo.it\/it\/wp-json\/wp\/v2\/media?parent=16880"}],"wp:term":[{"taxonomy":"category","embeddable":true,"href":"https:\/\/www.compagniadisanpaolo.it\/it\/wp-json\/wp\/v2\/categories?post=16880"},{"taxonomy":"post_tag","embeddable":true,"href":"https:\/\/www.compagniadisanpaolo.it\/it\/wp-json\/wp\/v2\/tags?post=16880"}],"curies":[{"name":"wp","href":"https:\/\/api.w.org\/{rel}","templated":true}]}}