{"id":16864,"date":"2022-02-25T17:43:08","date_gmt":"2022-02-25T16:43:08","guid":{"rendered":"https:\/\/www.compagniadisanpaolo.it\/?p=16864"},"modified":"2022-03-02T15:25:52","modified_gmt":"2022-03-02T14:25:52","slug":"festival-internazionale-delleconomia","status":"publish","type":"post","link":"https:\/\/www.compagniadisanpaolo.it\/it\/news\/festival-internazionale-delleconomia\/","title":{"rendered":"Festival Internazionale dell\u2019Economia"},"content":{"rendered":"<div class=\"wpb-content-wrapper\">[vc_row][vc_column][vc_column_text el_class=&#8221;text-headline2&#8243;]Presentato oggi, nella conferenza stampa di lancio, il programma della manifestazione diretta da Tito Boeri e organizzata dagli Editori Laterza, con la collaborazione della Fondazione Collegio Carlo Alberto.[\/vc_column_text][\/vc_column][\/vc_row][vc_row][vc_column][vc_column_text]\n<div class=\"info-box mission\">\n\t\t<div class=\"info-box-wrap info-box-hor row pb-0\">\n\n\t\t      \n\t\t      <div class=\"spalla col-12 col-md-12\">\n\t\t\t<div class=\"info-box sharing-box\">\n\t\t\t  <span class=\"label\">Condividi:<\/span>\n\t\t\t  <div class=\"social-sharing\">\n\t\t\t    <span class=\"box\">\n\t\t\t      <a class=\"fb\" href=\"https:\/\/www.facebook.com\/sharer.php?u=https:\/\/www.compagniadisanpaolo.it\/it\/news\/festival-internazionale-delleconomia\/\" target=\"_blank\">\n\t\t\t\t<span class=\"sr-only\">Facebook<\/span>\n\t\t\t\t<i class=\"fab fa-facebook-f\"><\/i>\n\t\t\t      <\/a>\n\t\t\t    <\/span>\n\t\t\t    \n\t\t\t    <style>\n.twitter, .twitter:hover{\ncolor:#000000 !important;}\n<\/style>\n\n\n\t\t\t    <span class=\"box\">\n\t\t\t      <a class=\"twitter\" href=\"https:\/\/twitter.com\/intent\/tweet?url=https:\/\/www.compagniadisanpaolo.it\/it\/news\/festival-internazionale-delleconomia\/\">\n\t\t\t\t<span class=\"sr-only\">Twitter<\/span>\n\t\t\t\t<i class=\"fa-brands fa-x-twitter\"><\/i>\n\t\t\t      <\/a>\n\t\t\t    <\/span>\n\n\t\t\t    \n\t\t\t    <span class=\"box\">\n\t\t\t      <a class=\"linkedin\" href=\"https:\/\/www.linkedin.com\/shareArticle?mini=true&url=https:\/\/www.compagniadisanpaolo.it\/it\/news\/festival-internazionale-delleconomia\/\">\n\t\t\t\t<span class=\"sr-only\">Linkedin<\/span>\n\t\t\t\t  <i class=\"fa-brands fa-linkedin-in\"><\/i>\n\t\t\t      <\/a>\n\t\t\t    <\/span>\n\n\t\t\t    <span class=\"box\">\n\t\t\t      <a class=\"whatsapp\" href=\"whatsapp:\/\/send?text=https:\/\/www.compagniadisanpaolo.it\/it\/news\/festival-internazionale-delleconomia\/\" data-action=\"share\/whatsapp\/share\">\n\t\t\t\t<span class=\"sr-only\">Whatsapp<\/span>\n\t\t\t\t<i class=\"fa-brands fa-whatsapp\"><\/i>\n\t\t\t      <\/a>\n\t\t\t    <\/span>\n\n\t\t\t    <span class=\"box\">\n\t\t\t      <a class=\"mail\" href=\"mailto:?subject=Festival Internazionale dell\u2019Economia&body=https:\/\/www.compagniadisanpaolo.it\/it\/news\/festival-internazionale-delleconomia\/\">\n\t\t\t\t<span class=\"sr-only\">Mail<\/span>\n\t\t\t\t <i class=\"fa-solid fa-envelope\"><\/i>\n\t\t\t      <\/a>\n\t\t\t    <\/span>\n\t\t\t    \n\t\t\t  <\/div>\n\t\t\t<\/div>\n\t      <\/div>\n\t    <\/div><\/div>\n[\/vc_column_text][\/vc_column][\/vc_row][vc_row][vc_column width=&#8221;1\/4&#8243;][vc_column_text]\n\n\n\t\t<div class=\"info-box-wrap\">\n\n\t  <div class=\"info-box date-pub\">\n\t  \t<span class=\"label\">Data di pubblicazione:<\/span>\n\t    <span class=\"value\">25 Febbraio 2022<\/span>\n\t  <\/div>\n\t\t\t\t  <div class=\"info-box obj-institutional\">\n\t\t\t\t\t  <div class=\"info-box obj\">\n\t\t\t\t\t    <div class=\"obj-small-box\">\n\t\t\t\t\t      <span>Istituzionale<\/span>\n\t\t\t\t\t    <\/div>\n\t\t\t\t\t  <\/div>\n\t\t\t\t  <\/div>\n\t\t\t  <div class=\"info-box mission\"><span class=\"label\">Tag<\/span><a href=\"https:\/\/www.compagniadisanpaolo.it\/it\/tags\/risultati\/?_sft_post_tag=oltre-lerogazione\" class=\"tag-element\">Oltre l'erogazione<\/a><a href=\"https:\/\/www.compagniadisanpaolo.it\/it\/tags\/risultati\/?_sft_post_tag=partnership-con-enti-istituzionali\" class=\"tag-element\">Partnership con enti istituzionali<\/a><a href=\"https:\/\/www.compagniadisanpaolo.it\/it\/tags\/risultati\/?_sft_post_tag=saperi\" class=\"tag-element\">Saperi<\/a><\/div>\t  \n\t<\/div>\n[\/vc_column_text][\/vc_column][vc_column width=&#8221;3\/4&#8243; el_class=&#8221;page-content&#8221;][vc_column_text el_class=&#8221;text&#8221;]Dal <strong>31 maggio al 4 giugno 2022<\/strong> la citt\u00e0 di Torino ospiter\u00e0 il Festival Internazionale dell\u2019economia, un\u2019iniziativa pubblica promossa da \u201cLa Stampa\u201d, Media Partner dell\u2019evento. Anche la Fondazione Compagnia di San Paolo sar\u00e0 tra le istituzioni a supporto dell\u2019iniziativa che vedr\u00e0 come<strong> protagoniste diverse realt\u00e0 del territorio <\/strong>tra cui: Regione Piemonte, Comune di Torino, Fondazione CRT, Camera di commercio di Torino, Unioncamere Piemonte, Universit\u00e0 degli Studi di Torino, Politecnico di Torino, coordinate dalla Fondazione Collegio Carlo Alberto.<\/p>\n<p>La manifestazione, che si terr\u00e0 in alcune delle pi\u00f9 belle sale della citt\u00e0, si avvarr\u00e0 di un comitato editoriale di altissimo profilo, coordinato da<strong> Innocenzo Cipolletta<\/strong> e di cui fanno parte il <strong>Premio Nobel per l\u2019economia Michael Spence<\/strong>, <strong>Francesca Trivellato<\/strong> dell\u2019Institute of Advanced Study a Princeton, Maria Laura Di Tommaso dell\u2019Universit\u00e0 di Torino, Stefano Sacchi del Politecnico di Torino, <strong>Pietro Garibaldi<\/strong> della Torino Local Committee \u2013 TOLC, <strong>Giorgio Barba Navaretti<\/strong> di Fondazione Collegio Carlo Alberto e <strong>Giuseppe Laterza<\/strong>.<\/p>\n<p>Il Festival avr\u00e0 come focus<strong> Merito, diversit\u00e0 e giustizia sociale<\/strong>, un tema che rimanda alle questioni centrali del dibattito pubblico degli ultimi anni, in particolare alla <strong>lotta alle diseguaglianze<\/strong>. Proprio per rispondere all\u2019esigenza di doversi rivolgere a un pubblico plurale la manifestazione si articoler\u00e0 in una serie di formati diversi tra loro.<\/p>\n<p>\u201cTra i relatori \u2013 sottolinea <strong>Tito Boeri<\/strong> \u2013 le tre persone che hanno maggiormente contribuito allo studio della discriminazione di genere: <strong>Marianne Bertrand<\/strong>, <strong>Claudia Goldin<\/strong> e <strong>Shelly Lundberg<\/strong>. Il 42% dei relatori saranno donne, nonostante meno del 20% degli economisti sia di sesso femminile.\u201d<\/p>\n<p>Agli economisti si affiancheranno personalit\u00e0 di spicco, come la <strong>Senatrice Liliana Segre<\/strong>, oltre a studiose e studiosi di alto prestigio di altre discipline, come il giurista <strong>Cass Sunstein<\/strong> o il filosofo di Harvard <strong>Michael Sandel<\/strong>, oggi considerato anche il pi\u00f9 popolare divulgatore di filosofia.<\/p>\n<p>Il calendario degli incontri del Festival sar\u00e0 arricchito dal <strong>Programma Partecipato<\/strong>: eventi organizzati da istituzioni e associazioni, anche locali. La candidatura degli eventi dovr\u00e0 essere presentata <strong>entro il 21 marzo con un modulo apposito che \u00e8 scaricabile dai siti web di <a href=\"https:\/\/www.laterza.it\/2022\/02\/25\/festival-internazionale-delleconomia\/\" target=\"_blank\" rel=\"noopener\">Laterza<\/a><\/strong>\u00a0<strong>e della <a href=\"https:\/\/www.carloalberto.org\/festival-internazionale-delleconomia\/\" target=\"_blank\" rel=\"noopener\">Fondazione Collegio Carlo Alberto<\/a><\/strong>.<\/p>\n<p>Non mancheranno inoltre, nelle giornate della manifestazione, anche incursioni nel mondo del cinema, della musica e dell\u2019arte, con presenze significative che animeranno vari spazi della citt\u00e0.<\/p>\n<p>Leggi il comunicato stampa <strong><a href=\"https:\/\/www.compagniadisanpaolo.it\/it\/comunicati-stampa\/il-concorso-economia-al-festival-internazionale-delleconomia-di-torino-una-nuova-sezione-del-concorso-per-le-scuole-medie\/\" target=\"_blank\" rel=\"noopener\">cliccando qui<\/a><\/strong>.[\/vc_column_text][\/vc_column][\/vc_row][vc_row][vc_column][vc_column_text]<div id=\"kgvid_kgvid_0_wrapper\" class=\"kgvid_wrapper kgvid_wrapper_auto_left kgvid_wrapper_auto_right\">\n\t\t\t<div id=\"video_kgvid_0_div\" class=\"fitvidsignore kgvid_videodiv\" data-id=\"kgvid_0\" data-kgvid_video_vars=\"{&quot;id&quot;:&quot;kgvid_0&quot;,&quot;attachment_id&quot;:0,&quot;player_type&quot;:&quot;Video.js v8&quot;,&quot;width&quot;:&quot;640&quot;,&quot;height&quot;:&quot;360&quot;,&quot;fullwidth&quot;:&quot;true&quot;,&quot;fixed_aspect&quot;:&quot;vertical&quot;,&quot;countable&quot;:false,&quot;count_views&quot;:&quot;start_complete&quot;,&quot;start&quot;:&quot;&quot;,&quot;autoplay&quot;:&quot;false&quot;,&quot;pauseothervideos&quot;:&quot;true&quot;,&quot;set_volume&quot;:&quot;1&quot;,&quot;muted&quot;:&quot;false&quot;,&quot;meta&quot;:false,&quot;endofvideooverlay&quot;:&quot;&quot;,&quot;resize&quot;:&quot;true&quot;,&quot;auto_res&quot;:&quot;automatic&quot;,&quot;pixel_ratio&quot;:&quot;true&quot;,&quot;right_click&quot;:&quot;on&quot;,&quot;playback_rate&quot;:&quot;false&quot;,&quot;title&quot;:&quot;22_02_25_tg3_festival_economia.mp4&quot;,&quot;skip_buttons&quot;:[],&quot;nativecontrolsfortouch&quot;:&quot;false&quot;,&quot;locale&quot;:&quot;it&quot;,&quot;enable_resolutions_plugin&quot;:false}\" itemprop=\"video\" itemscope itemtype=\"https:\/\/schema.org\/VideoObject\"><meta itemprop=\"thumbnailUrl\" content=\"https:\/\/www.compagniadisanpaolo.it\/wp-content\/uploads\/poster-video.jpg\"><meta itemprop=\"embedUrl\" content=\"https:\/\/influxis.gommunity.com\/compagnia\/video\/mp4\/22_02_25_tg3_festival_economia.mp4\"><meta itemprop=\"contentUrl\" content=\"https:\/\/influxis.gommunity.com\/compagnia\/video\/mp4\/22_02_25_tg3_festival_economia.mp4\"><meta itemprop=\"name\" content=\"22_02_25_tg3_festival_economia.mp4\"><meta itemprop=\"description\" content=\"Video\"><meta itemprop=\"uploadDate\" content=\"2022-02-25T17:43:08+01:00\">\n\t\t\t\t<video id=\"video_kgvid_0\" playsinline controls preload=\"metadata\" poster=\"https:\/\/www.compagniadisanpaolo.it\/wp-content\/uploads\/poster-video.jpg\" width=\"640\" height=\"360\" class=\"fitvidsignore video-js kg-video-js-skin\">\n\t\t\t\t\t<source src=\"https:\/\/influxis.gommunity.com\/compagnia\/video\/mp4\/22_02_25_tg3_festival_economia.mp4?id=0\" type=\"video\/mp4\" data-res=\"Full\">\n\t\t\t\t<\/video>\n\t\t\t<\/div>\n\t\t<\/div>[\/vc_column_text][\/vc_column][\/vc_row][vc_row disable_element=&#8221;yes&#8221; el_class=&#8221;sdg-list-wrap&#8221;][vc_column][vc_raw_html]JTVCbW9zdHJhU0RHUyU1RA==[\/vc_raw_html][\/vc_column][\/vc_row][vc_row el_class=&#8221;sdg-list-wrap&#8221;][vc_column][vc_raw_html]JTVCU2V6aW9uZV9Eb2N1bWVudGklNUQ=[\/vc_raw_html][\/vc_column][\/vc_row][vc_row][vc_column]<div class=\"templatera_shortcode\"><div data-vc-full-width=\"true\" data-vc-full-width-temp=\"true\" data-vc-full-width-init=\"false\" class=\"vc_row wpb_row vc_row-fluid newsletter-wrap\"><div class=\"wpb_column vc_column_container vc_col-sm-12\"><div class=\"vc_column-inner\"><div class=\"wpb_wrapper\">\n\t<div class=\"wpb_raw_code wpb_raw_html wpb_content_element\" >\n\t\t<div class=\"wpb_wrapper\">\n\t\t\t    <div class=\"container\">\n      <div class=\"row align-items-center\">\n\t<div class=\"col-12 col-lg-6 col-xl-5 mb-3 mb-lg-0 pr-0\">\n\t  <h2 class=\"title\">Rimani aggiornato sui nostri bandi e sui nostri progetti<\/h2>\n\t<\/div>\n\t<div class=\"col-12 col-lg-6 col-xl-7 pl-xl-4\">\n\t  <a class=\"standard-link-block\" href=\"\/it\/newsletter\/\">\n\t    Compila il form e decidi su quale argomento vuoi ricevere notizie.\t    <strong>\u00a0 ISCRIVITI!<\/strong>\n\t  <\/a>\n\t<\/div>\n      <\/div>\n    <\/div>\n\t\t<\/div>\n\t<\/div>\n<\/div><\/div><\/div><\/div><div class=\"vc_row-full-width vc_clearfix\"><\/div><\/div>[\/vc_column][\/vc_row]\n<\/div>","protected":false},"excerpt":{"rendered":"Presentato oggi, nella conferenza stampa di lancio, il programma della manifestazione diretta da Tito Boeri e organizzata dagli Editori Laterza, con la collaborazione della Fondazione Collegio Carlo Alberto. Condividi: Facebook Twitter Linkedin Whatsapp Mail Data di pubblicazione: 25 Febbraio 2022 Istituzionale TagOltre l'erogazionePartnership con enti istituzionaliSaperi Dal 31 maggio al 4 giugno 2022 la citt\u00e0 di Torino ospiter\u00e0 il Festival Internazionale dell\u2019economia, un\u2019iniziativa pubblica promossa da \u201cLa Stampa\u201d, Media Partner dell\u2019evento. Anche la Fondazione Compagnia di San Paolo sar\u00e0 tra le istituzioni a supporto dell\u2019iniziativa che vedr\u00e0 come protagoniste diverse realt\u00e0 del territorio tra cui: Regione Piemonte, Comune di Torino, Fondazione CRT, Camera di commercio di Torino, Unioncamere Piemonte, Universit\u00e0 degli Studi di Torino, Politecnico di Torino, coordinate dalla Fondazione Collegio Carlo Alberto. La manifestazione, che si terr\u00e0 in alcune delle pi\u00f9 belle sale della citt\u00e0, si avvarr\u00e0 di un comitato editoriale di altissimo profilo, coordinato da Innocenzo Cipolletta e di cui fanno parte il Premio Nobel per l\u2019economia Michael Spence, Francesca Trivellato dell\u2019Institute of Advanced Study a Princeton, Maria Laura Di Tommaso dell\u2019Universit\u00e0 di Torino, Stefano Sacchi del Politecnico di Torino, Pietro Garibaldi della Torino Local Committee \u2013 TOLC, Giorgio Barba Navaretti di Fondazione Collegio Carlo Alberto e Giuseppe Laterza. Il Festival avr\u00e0 come focus Merito, diversit\u00e0 e giustizia sociale, un tema che rimanda alle questioni centrali del dibattito pubblico degli ultimi anni, in particolare alla lotta alle diseguaglianze. Proprio per rispondere all\u2019esigenza di doversi rivolgere a un pubblico plurale la manifestazione si articoler\u00e0 in una serie di formati diversi tra loro. \u201cTra i relatori \u2013 sottolinea Tito Boeri \u2013 le tre persone che hanno maggiormente contribuito allo studio della discriminazione di genere: Marianne Bertrand, Claudia Goldin e Shelly Lundberg. Il 42% dei relatori saranno donne, nonostante meno del 20% degli economisti sia di sesso femminile.\u201d Agli economisti si affiancheranno personalit\u00e0 di spicco, come la Senatrice Liliana Segre, oltre a studiose e studiosi di alto prestigio di altre discipline, come il giurista Cass Sunstein o il filosofo di Harvard Michael Sandel, oggi considerato anche il pi\u00f9 popolare divulgatore di filosofia. Il calendario degli incontri del Festival sar\u00e0 arricchito dal Programma Partecipato: eventi organizzati da istituzioni e associazioni, anche locali. La candidatura degli eventi dovr\u00e0 essere presentata entro il 21 marzo con un modulo apposito che \u00e8 scaricabile dai siti web di Laterza\u00a0e della Fondazione Collegio Carlo Alberto. Non mancheranno inoltre, nelle giornate della manifestazione, anche incursioni nel mondo del cinema, della musica e dell\u2019arte, con presenze significative che animeranno vari spazi della citt\u00e0. Leggi il comunicato stampa cliccando qui. Rimani aggiornato sui nostri bandi e sui nostri progetti Compila il form e decidi su quale argomento vuoi ricevere notizie. \u00a0 ISCRIVITI!","protected":false},"author":19,"featured_media":16865,"comment_status":"closed","ping_status":"closed","sticky":false,"template":"","format":"standard","meta":{"_acf_changed":false,"content-type":"","footnotes":""},"categories":[17],"tags":[69,62,58],"class_list":["post-16864","post","type-post","status-publish","format-standard","has-post-thumbnail","hentry","category-news","tag-oltre-lerogazione","tag-partnership-con-enti-istituzionali","tag-saperi","entry","post-inner"],"acf":[],"yoast_head":"<!-- This site is optimized with the Yoast SEO plugin v27.3 - https:\/\/yoast.com\/product\/yoast-seo-wordpress\/ -->\n<title>Festival Internazionale dell\u2019Economia - Fondazione Compagnia di San Paolo<\/title>\n<meta name=\"description\" content=\"Per favorire la gestione delle attivit\u00e0 degli enti del Terzo Settore \u00e8 stata concessa una proroga per la scadenza della fase 2 del bando Next Generation You.\" \/>\n<meta name=\"robots\" content=\"index, follow, max-snippet:-1, max-image-preview:large, max-video-preview:-1\" \/>\n<link rel=\"canonical\" href=\"https:\/\/www.compagniadisanpaolo.it\/it\/news\/festival-internazionale-delleconomia\/\" \/>\n<meta property=\"og:locale\" content=\"it_IT\" \/>\n<meta property=\"og:type\" content=\"article\" \/>\n<meta property=\"og:title\" content=\"Festival Internazionale dell\u2019Economia - Fondazione Compagnia di San Paolo\" \/>\n<meta property=\"og:description\" content=\"Per favorire la gestione delle attivit\u00e0 degli enti del Terzo Settore \u00e8 stata concessa una proroga per la scadenza della fase 2 del bando Next Generation You.\" \/>\n<meta property=\"og:url\" content=\"https:\/\/www.compagniadisanpaolo.it\/it\/news\/festival-internazionale-delleconomia\/\" \/>\n<meta property=\"og:site_name\" content=\"Fondazione Compagnia di San Paolo\" \/>\n<meta property=\"article:publisher\" content=\"https:\/\/www.facebook.com\/CompagniaDiSanPaolo\" \/>\n<meta property=\"article:published_time\" content=\"2022-02-25T16:43:08+00:00\" \/>\n<meta property=\"article:modified_time\" content=\"2022-03-02T14:25:52+00:00\" \/>\n<meta property=\"og:image\" content=\"https:\/\/www.compagniadisanpaolo.it\/wp-content\/uploads\/festival-economia-head.jpg\" \/>\n\t<meta property=\"og:image:width\" content=\"815\" \/>\n\t<meta property=\"og:image:height\" content=\"350\" \/>\n\t<meta property=\"og:image:type\" content=\"image\/jpeg\" \/>\n<meta name=\"author\" content=\"Federica\" \/>\n<meta name=\"twitter:card\" content=\"summary_large_image\" \/>\n<meta name=\"twitter:creator\" content=\"@CSP_live\" \/>\n<meta name=\"twitter:site\" content=\"@CSP_live\" \/>\n<meta name=\"twitter:label1\" content=\"Scritto da\" \/>\n\t<meta name=\"twitter:data1\" content=\"Federica\" \/>\n\t<meta name=\"twitter:label2\" content=\"Tempo di lettura stimato\" \/>\n\t<meta name=\"twitter:data2\" content=\"3 minuti\" \/>\n<script type=\"application\/ld+json\" class=\"yoast-schema-graph\">{\"@context\":\"https:\\\/\\\/schema.org\",\"@graph\":[{\"@type\":\"Article\",\"@id\":\"https:\\\/\\\/www.compagniadisanpaolo.it\\\/it\\\/news\\\/festival-internazionale-delleconomia\\\/#article\",\"isPartOf\":{\"@id\":\"https:\\\/\\\/www.compagniadisanpaolo.it\\\/it\\\/news\\\/festival-internazionale-delleconomia\\\/\"},\"author\":{\"name\":\"Federica\",\"@id\":\"https:\\\/\\\/www.compagniadisanpaolo.it\\\/it\\\/#\\\/schema\\\/person\\\/b7d5451541c25c82f29c5be1e78456b2\"},\"headline\":\"Festival Internazionale dell\u2019Economia\",\"datePublished\":\"2022-02-25T16:43:08+00:00\",\"dateModified\":\"2022-03-02T14:25:52+00:00\",\"mainEntityOfPage\":{\"@id\":\"https:\\\/\\\/www.compagniadisanpaolo.it\\\/it\\\/news\\\/festival-internazionale-delleconomia\\\/\"},\"wordCount\":557,\"publisher\":{\"@id\":\"https:\\\/\\\/www.compagniadisanpaolo.it\\\/it\\\/#organization\"},\"image\":{\"@id\":\"https:\\\/\\\/www.compagniadisanpaolo.it\\\/it\\\/news\\\/festival-internazionale-delleconomia\\\/#primaryimage\"},\"thumbnailUrl\":\"https:\\\/\\\/www.compagniadisanpaolo.it\\\/wp-content\\\/uploads\\\/festival-economia-head.jpg\",\"keywords\":[\"oltre l'erogazione\",\"partnership con enti istituzionali\",\"saperi\"],\"articleSection\":[\"News\"],\"inLanguage\":\"it-IT\"},{\"@type\":\"WebPage\",\"@id\":\"https:\\\/\\\/www.compagniadisanpaolo.it\\\/it\\\/news\\\/festival-internazionale-delleconomia\\\/\",\"url\":\"https:\\\/\\\/www.compagniadisanpaolo.it\\\/it\\\/news\\\/festival-internazionale-delleconomia\\\/\",\"name\":\"Festival Internazionale dell\u2019Economia - Fondazione Compagnia di San Paolo\",\"isPartOf\":{\"@id\":\"https:\\\/\\\/www.compagniadisanpaolo.it\\\/it\\\/#website\"},\"primaryImageOfPage\":{\"@id\":\"https:\\\/\\\/www.compagniadisanpaolo.it\\\/it\\\/news\\\/festival-internazionale-delleconomia\\\/#primaryimage\"},\"image\":{\"@id\":\"https:\\\/\\\/www.compagniadisanpaolo.it\\\/it\\\/news\\\/festival-internazionale-delleconomia\\\/#primaryimage\"},\"thumbnailUrl\":\"https:\\\/\\\/www.compagniadisanpaolo.it\\\/wp-content\\\/uploads\\\/festival-economia-head.jpg\",\"datePublished\":\"2022-02-25T16:43:08+00:00\",\"dateModified\":\"2022-03-02T14:25:52+00:00\",\"description\":\"Per favorire la gestione delle attivit\u00e0 degli enti del Terzo Settore \u00e8 stata concessa una proroga per la scadenza della fase 2 del bando Next Generation You.\",\"breadcrumb\":{\"@id\":\"https:\\\/\\\/www.compagniadisanpaolo.it\\\/it\\\/news\\\/festival-internazionale-delleconomia\\\/#breadcrumb\"},\"inLanguage\":\"it-IT\",\"potentialAction\":[{\"@type\":\"ReadAction\",\"target\":[\"https:\\\/\\\/www.compagniadisanpaolo.it\\\/it\\\/news\\\/festival-internazionale-delleconomia\\\/\"]}]},{\"@type\":\"ImageObject\",\"inLanguage\":\"it-IT\",\"@id\":\"https:\\\/\\\/www.compagniadisanpaolo.it\\\/it\\\/news\\\/festival-internazionale-delleconomia\\\/#primaryimage\",\"url\":\"https:\\\/\\\/www.compagniadisanpaolo.it\\\/wp-content\\\/uploads\\\/festival-economia-head.jpg\",\"contentUrl\":\"https:\\\/\\\/www.compagniadisanpaolo.it\\\/wp-content\\\/uploads\\\/festival-economia-head.jpg\",\"width\":815,\"height\":350},{\"@type\":\"BreadcrumbList\",\"@id\":\"https:\\\/\\\/www.compagniadisanpaolo.it\\\/it\\\/news\\\/festival-internazionale-delleconomia\\\/#breadcrumb\",\"itemListElement\":[{\"@type\":\"ListItem\",\"position\":1,\"name\":\"Home\",\"item\":\"https:\\\/\\\/www.compagniadisanpaolo.it\\\/it\\\/\"},{\"@type\":\"ListItem\",\"position\":2,\"name\":\"Festival Internazionale dell\u2019Economia\"}]},{\"@type\":\"WebSite\",\"@id\":\"https:\\\/\\\/www.compagniadisanpaolo.it\\\/it\\\/#website\",\"url\":\"https:\\\/\\\/www.compagniadisanpaolo.it\\\/it\\\/\",\"name\":\"Fondazione Compagnia di San Paolo\",\"description\":\"\",\"publisher\":{\"@id\":\"https:\\\/\\\/www.compagniadisanpaolo.it\\\/it\\\/#organization\"},\"potentialAction\":[{\"@type\":\"SearchAction\",\"target\":{\"@type\":\"EntryPoint\",\"urlTemplate\":\"https:\\\/\\\/www.compagniadisanpaolo.it\\\/it\\\/?s={search_term_string}\"},\"query-input\":{\"@type\":\"PropertyValueSpecification\",\"valueRequired\":true,\"valueName\":\"search_term_string\"}}],\"inLanguage\":\"it-IT\"},{\"@type\":\"Organization\",\"@id\":\"https:\\\/\\\/www.compagniadisanpaolo.it\\\/it\\\/#organization\",\"name\":\"Fondazione Compagnia di San Paolo\",\"url\":\"https:\\\/\\\/www.compagniadisanpaolo.it\\\/it\\\/\",\"logo\":{\"@type\":\"ImageObject\",\"inLanguage\":\"it-IT\",\"@id\":\"https:\\\/\\\/www.compagniadisanpaolo.it\\\/it\\\/#\\\/schema\\\/logo\\\/image\\\/\",\"url\":\"https:\\\/\\\/www.compagniadisanpaolo.it\\\/wp-content\\\/uploads\\\/logo.svg\",\"contentUrl\":\"https:\\\/\\\/www.compagniadisanpaolo.it\\\/wp-content\\\/uploads\\\/logo.svg\",\"width\":769,\"height\":323,\"caption\":\"Fondazione Compagnia di San Paolo\"},\"image\":{\"@id\":\"https:\\\/\\\/www.compagniadisanpaolo.it\\\/it\\\/#\\\/schema\\\/logo\\\/image\\\/\"},\"sameAs\":[\"https:\\\/\\\/www.facebook.com\\\/CompagniaDiSanPaolo\",\"https:\\\/\\\/x.com\\\/CSP_live\",\"http:\\\/\\\/instagram.com\\\/compagniadisanpaolo?ref=badge\",\"https:\\\/\\\/www.linkedin.com\\\/company\\\/compagnia-di-san-paolo\",\"https:\\\/\\\/www.youtube.com\\\/user\\\/compagniadisanpaolo\",\"https:\\\/\\\/it.wikipedia.org\\\/wiki\\\/Compagnia_di_San_Paolo\"]},{\"@type\":\"Person\",\"@id\":\"https:\\\/\\\/www.compagniadisanpaolo.it\\\/it\\\/#\\\/schema\\\/person\\\/b7d5451541c25c82f29c5be1e78456b2\",\"name\":\"Federica\",\"image\":{\"@type\":\"ImageObject\",\"inLanguage\":\"it-IT\",\"@id\":\"https:\\\/\\\/secure.gravatar.com\\\/avatar\\\/b5698fa13ac389b1f1fb1263a4626e219d853d7ccf112e854aea8c9c087d24ae?s=96&d=mm&r=g\",\"url\":\"https:\\\/\\\/secure.gravatar.com\\\/avatar\\\/b5698fa13ac389b1f1fb1263a4626e219d853d7ccf112e854aea8c9c087d24ae?s=96&d=mm&r=g\",\"contentUrl\":\"https:\\\/\\\/secure.gravatar.com\\\/avatar\\\/b5698fa13ac389b1f1fb1263a4626e219d853d7ccf112e854aea8c9c087d24ae?s=96&d=mm&r=g\",\"caption\":\"Federica\"}}]}<\/script>\n<!-- \/ Yoast SEO plugin. -->","yoast_head_json":{"title":"Festival Internazionale dell\u2019Economia - Fondazione Compagnia di San Paolo","description":"Per favorire la gestione delle attivit\u00e0 degli enti del Terzo Settore \u00e8 stata concessa una proroga per la scadenza della fase 2 del bando Next Generation You.","robots":{"index":"index","follow":"follow","max-snippet":"max-snippet:-1","max-image-preview":"max-image-preview:large","max-video-preview":"max-video-preview:-1"},"canonical":"https:\/\/www.compagniadisanpaolo.it\/it\/news\/festival-internazionale-delleconomia\/","og_locale":"it_IT","og_type":"article","og_title":"Festival Internazionale dell\u2019Economia - Fondazione Compagnia di San Paolo","og_description":"Per favorire la gestione delle attivit\u00e0 degli enti del Terzo Settore \u00e8 stata concessa una proroga per la scadenza della fase 2 del bando Next Generation You.","og_url":"https:\/\/www.compagniadisanpaolo.it\/it\/news\/festival-internazionale-delleconomia\/","og_site_name":"Fondazione Compagnia di San Paolo","article_publisher":"https:\/\/www.facebook.com\/CompagniaDiSanPaolo","article_published_time":"2022-02-25T16:43:08+00:00","article_modified_time":"2022-03-02T14:25:52+00:00","og_image":[{"width":815,"height":350,"url":"https:\/\/www.compagniadisanpaolo.it\/wp-content\/uploads\/festival-economia-head.jpg","type":"image\/jpeg"}],"author":"Federica","twitter_card":"summary_large_image","twitter_creator":"@CSP_live","twitter_site":"@CSP_live","twitter_misc":{"Scritto da":"Federica","Tempo di lettura stimato":"3 minuti"},"schema":{"@context":"https:\/\/schema.org","@graph":[{"@type":"Article","@id":"https:\/\/www.compagniadisanpaolo.it\/it\/news\/festival-internazionale-delleconomia\/#article","isPartOf":{"@id":"https:\/\/www.compagniadisanpaolo.it\/it\/news\/festival-internazionale-delleconomia\/"},"author":{"name":"Federica","@id":"https:\/\/www.compagniadisanpaolo.it\/it\/#\/schema\/person\/b7d5451541c25c82f29c5be1e78456b2"},"headline":"Festival Internazionale dell\u2019Economia","datePublished":"2022-02-25T16:43:08+00:00","dateModified":"2022-03-02T14:25:52+00:00","mainEntityOfPage":{"@id":"https:\/\/www.compagniadisanpaolo.it\/it\/news\/festival-internazionale-delleconomia\/"},"wordCount":557,"publisher":{"@id":"https:\/\/www.compagniadisanpaolo.it\/it\/#organization"},"image":{"@id":"https:\/\/www.compagniadisanpaolo.it\/it\/news\/festival-internazionale-delleconomia\/#primaryimage"},"thumbnailUrl":"https:\/\/www.compagniadisanpaolo.it\/wp-content\/uploads\/festival-economia-head.jpg","keywords":["oltre l'erogazione","partnership con enti istituzionali","saperi"],"articleSection":["News"],"inLanguage":"it-IT"},{"@type":"WebPage","@id":"https:\/\/www.compagniadisanpaolo.it\/it\/news\/festival-internazionale-delleconomia\/","url":"https:\/\/www.compagniadisanpaolo.it\/it\/news\/festival-internazionale-delleconomia\/","name":"Festival Internazionale dell\u2019Economia - Fondazione Compagnia di San Paolo","isPartOf":{"@id":"https:\/\/www.compagniadisanpaolo.it\/it\/#website"},"primaryImageOfPage":{"@id":"https:\/\/www.compagniadisanpaolo.it\/it\/news\/festival-internazionale-delleconomia\/#primaryimage"},"image":{"@id":"https:\/\/www.compagniadisanpaolo.it\/it\/news\/festival-internazionale-delleconomia\/#primaryimage"},"thumbnailUrl":"https:\/\/www.compagniadisanpaolo.it\/wp-content\/uploads\/festival-economia-head.jpg","datePublished":"2022-02-25T16:43:08+00:00","dateModified":"2022-03-02T14:25:52+00:00","description":"Per favorire la gestione delle attivit\u00e0 degli enti del Terzo Settore \u00e8 stata concessa una proroga per la scadenza della fase 2 del bando Next Generation You.","breadcrumb":{"@id":"https:\/\/www.compagniadisanpaolo.it\/it\/news\/festival-internazionale-delleconomia\/#breadcrumb"},"inLanguage":"it-IT","potentialAction":[{"@type":"ReadAction","target":["https:\/\/www.compagniadisanpaolo.it\/it\/news\/festival-internazionale-delleconomia\/"]}]},{"@type":"ImageObject","inLanguage":"it-IT","@id":"https:\/\/www.compagniadisanpaolo.it\/it\/news\/festival-internazionale-delleconomia\/#primaryimage","url":"https:\/\/www.compagniadisanpaolo.it\/wp-content\/uploads\/festival-economia-head.jpg","contentUrl":"https:\/\/www.compagniadisanpaolo.it\/wp-content\/uploads\/festival-economia-head.jpg","width":815,"height":350},{"@type":"BreadcrumbList","@id":"https:\/\/www.compagniadisanpaolo.it\/it\/news\/festival-internazionale-delleconomia\/#breadcrumb","itemListElement":[{"@type":"ListItem","position":1,"name":"Home","item":"https:\/\/www.compagniadisanpaolo.it\/it\/"},{"@type":"ListItem","position":2,"name":"Festival Internazionale dell\u2019Economia"}]},{"@type":"WebSite","@id":"https:\/\/www.compagniadisanpaolo.it\/it\/#website","url":"https:\/\/www.compagniadisanpaolo.it\/it\/","name":"Fondazione Compagnia di San Paolo","description":"","publisher":{"@id":"https:\/\/www.compagniadisanpaolo.it\/it\/#organization"},"potentialAction":[{"@type":"SearchAction","target":{"@type":"EntryPoint","urlTemplate":"https:\/\/www.compagniadisanpaolo.it\/it\/?s={search_term_string}"},"query-input":{"@type":"PropertyValueSpecification","valueRequired":true,"valueName":"search_term_string"}}],"inLanguage":"it-IT"},{"@type":"Organization","@id":"https:\/\/www.compagniadisanpaolo.it\/it\/#organization","name":"Fondazione Compagnia di San Paolo","url":"https:\/\/www.compagniadisanpaolo.it\/it\/","logo":{"@type":"ImageObject","inLanguage":"it-IT","@id":"https:\/\/www.compagniadisanpaolo.it\/it\/#\/schema\/logo\/image\/","url":"https:\/\/www.compagniadisanpaolo.it\/wp-content\/uploads\/logo.svg","contentUrl":"https:\/\/www.compagniadisanpaolo.it\/wp-content\/uploads\/logo.svg","width":769,"height":323,"caption":"Fondazione Compagnia di San Paolo"},"image":{"@id":"https:\/\/www.compagniadisanpaolo.it\/it\/#\/schema\/logo\/image\/"},"sameAs":["https:\/\/www.facebook.com\/CompagniaDiSanPaolo","https:\/\/x.com\/CSP_live","http:\/\/instagram.com\/compagniadisanpaolo?ref=badge","https:\/\/www.linkedin.com\/company\/compagnia-di-san-paolo","https:\/\/www.youtube.com\/user\/compagniadisanpaolo","https:\/\/it.wikipedia.org\/wiki\/Compagnia_di_San_Paolo"]},{"@type":"Person","@id":"https:\/\/www.compagniadisanpaolo.it\/it\/#\/schema\/person\/b7d5451541c25c82f29c5be1e78456b2","name":"Federica","image":{"@type":"ImageObject","inLanguage":"it-IT","@id":"https:\/\/secure.gravatar.com\/avatar\/b5698fa13ac389b1f1fb1263a4626e219d853d7ccf112e854aea8c9c087d24ae?s=96&d=mm&r=g","url":"https:\/\/secure.gravatar.com\/avatar\/b5698fa13ac389b1f1fb1263a4626e219d853d7ccf112e854aea8c9c087d24ae?s=96&d=mm&r=g","contentUrl":"https:\/\/secure.gravatar.com\/avatar\/b5698fa13ac389b1f1fb1263a4626e219d853d7ccf112e854aea8c9c087d24ae?s=96&d=mm&r=g","caption":"Federica"}}]}},"amp_enabled":true,"_links":{"self":[{"href":"https:\/\/www.compagniadisanpaolo.it\/it\/wp-json\/wp\/v2\/posts\/16864","targetHints":{"allow":["GET"]}}],"collection":[{"href":"https:\/\/www.compagniadisanpaolo.it\/it\/wp-json\/wp\/v2\/posts"}],"about":[{"href":"https:\/\/www.compagniadisanpaolo.it\/it\/wp-json\/wp\/v2\/types\/post"}],"author":[{"embeddable":true,"href":"https:\/\/www.compagniadisanpaolo.it\/it\/wp-json\/wp\/v2\/users\/19"}],"replies":[{"embeddable":true,"href":"https:\/\/www.compagniadisanpaolo.it\/it\/wp-json\/wp\/v2\/comments?post=16864"}],"version-history":[{"count":4,"href":"https:\/\/www.compagniadisanpaolo.it\/it\/wp-json\/wp\/v2\/posts\/16864\/revisions"}],"predecessor-version":[{"id":16897,"href":"https:\/\/www.compagniadisanpaolo.it\/it\/wp-json\/wp\/v2\/posts\/16864\/revisions\/16897"}],"wp:featuredmedia":[{"embeddable":true,"href":"https:\/\/www.compagniadisanpaolo.it\/it\/wp-json\/wp\/v2\/media\/16865"}],"wp:attachment":[{"href":"https:\/\/www.compagniadisanpaolo.it\/it\/wp-json\/wp\/v2\/media?parent=16864"}],"wp:term":[{"taxonomy":"category","embeddable":true,"href":"https:\/\/www.compagniadisanpaolo.it\/it\/wp-json\/wp\/v2\/categories?post=16864"},{"taxonomy":"post_tag","embeddable":true,"href":"https:\/\/www.compagniadisanpaolo.it\/it\/wp-json\/wp\/v2\/tags?post=16864"}],"curies":[{"name":"wp","href":"https:\/\/api.w.org\/{rel}","templated":true}]}}