{"id":16815,"date":"2022-02-23T16:33:23","date_gmt":"2022-02-23T15:33:23","guid":{"rendered":"https:\/\/www.compagniadisanpaolo.it\/?p=16815"},"modified":"2022-02-23T16:35:09","modified_gmt":"2022-02-23T15:35:09","slug":"un-nuovo-accordo-per-far-fronte-allemergenza-abitativa","status":"publish","type":"post","link":"https:\/\/www.compagniadisanpaolo.it\/it\/news\/un-nuovo-accordo-per-far-fronte-allemergenza-abitativa\/","title":{"rendered":"Un nuovo accordo per far fronte all\u2019emergenza abitativa"},"content":{"rendered":"<div class=\"wpb-content-wrapper\">[vc_row][vc_column][vc_column_text el_class=&#8221;text-headline2&#8243;]La Citt\u00e0 di Torino e Intesa Sanpaolo danno il via a una nuova collaborazione volta a riqualificare nuovi spazi abitativi. [\/vc_column_text][\/vc_column][\/vc_row][vc_row][vc_column][vc_column_text]\n<div class=\"info-box mission\">\n\t\t<div class=\"info-box-wrap info-box-hor row pb-0\">\n\n\t\t      \n\t\t      <div class=\"spalla col-12 col-md-12\">\n\t\t\t<div class=\"info-box sharing-box\">\n\t\t\t  <span class=\"label\">Condividi:<\/span>\n\t\t\t  <div class=\"social-sharing\">\n\t\t\t    <span class=\"box\">\n\t\t\t      <a class=\"fb\" href=\"https:\/\/www.facebook.com\/sharer.php?u=https:\/\/www.compagniadisanpaolo.it\/it\/news\/un-nuovo-accordo-per-far-fronte-allemergenza-abitativa\/\" target=\"_blank\">\n\t\t\t\t<span class=\"sr-only\">Facebook<\/span>\n\t\t\t\t<i class=\"fab fa-facebook-f\"><\/i>\n\t\t\t      <\/a>\n\t\t\t    <\/span>\n\t\t\t    \n\t\t\t    <style>\n.twitter, .twitter:hover{\ncolor:#000000 !important;}\n<\/style>\n\n\n\t\t\t    <span class=\"box\">\n\t\t\t      <a class=\"twitter\" href=\"https:\/\/twitter.com\/intent\/tweet?url=https:\/\/www.compagniadisanpaolo.it\/it\/news\/un-nuovo-accordo-per-far-fronte-allemergenza-abitativa\/\">\n\t\t\t\t<span class=\"sr-only\">Twitter<\/span>\n\t\t\t\t<i class=\"fa-brands fa-x-twitter\"><\/i>\n\t\t\t      <\/a>\n\t\t\t    <\/span>\n\n\t\t\t    \n\t\t\t    <span class=\"box\">\n\t\t\t      <a class=\"linkedin\" href=\"https:\/\/www.linkedin.com\/shareArticle?mini=true&url=https:\/\/www.compagniadisanpaolo.it\/it\/news\/un-nuovo-accordo-per-far-fronte-allemergenza-abitativa\/\">\n\t\t\t\t<span class=\"sr-only\">Linkedin<\/span>\n\t\t\t\t  <i class=\"fa-brands fa-linkedin-in\"><\/i>\n\t\t\t      <\/a>\n\t\t\t    <\/span>\n\n\t\t\t    <span class=\"box\">\n\t\t\t      <a class=\"whatsapp\" href=\"whatsapp:\/\/send?text=https:\/\/www.compagniadisanpaolo.it\/it\/news\/un-nuovo-accordo-per-far-fronte-allemergenza-abitativa\/\" data-action=\"share\/whatsapp\/share\">\n\t\t\t\t<span class=\"sr-only\">Whatsapp<\/span>\n\t\t\t\t<i class=\"fa-brands fa-whatsapp\"><\/i>\n\t\t\t      <\/a>\n\t\t\t    <\/span>\n\n\t\t\t    <span class=\"box\">\n\t\t\t      <a class=\"mail\" href=\"mailto:?subject=Un nuovo accordo per far fronte all\u2019emergenza abitativa&body=https:\/\/www.compagniadisanpaolo.it\/it\/news\/un-nuovo-accordo-per-far-fronte-allemergenza-abitativa\/\">\n\t\t\t\t<span class=\"sr-only\">Mail<\/span>\n\t\t\t\t <i class=\"fa-solid fa-envelope\"><\/i>\n\t\t\t      <\/a>\n\t\t\t    <\/span>\n\t\t\t    \n\t\t\t  <\/div>\n\t\t\t<\/div>\n\t      <\/div>\n\t    <\/div><\/div>\n[\/vc_column_text][\/vc_column][\/vc_row][vc_row][vc_column width=&#8221;1\/4&#8243;][vc_column_text]\n\n\n\t\t<div class=\"info-box-wrap\">\n\n\t  <div class=\"info-box date-pub\">\n\t  \t<span class=\"label\">Data di pubblicazione:<\/span>\n\t    <span class=\"value\">23 Febbraio 2022<\/span>\n\t  <\/div>\n\t\t\t\t  <div class=\"info-box obj-people\">\n\t\t\t\t\t  <div class=\"info-box obj\"><span class=\"label\">Obiettivo<\/span>\n\t\t\t\t\t    <div class=\"obj-small-box\">\n\t\t\t\t\t      <span>Persone.<\/span>\n\t\t\t\t\t    <\/div>\n\t\t\t\t\t  <\/div>\n\t\t\t\t  <\/div>\n\t\t\t  <div class=\"info-box mission\"><span class=\"label\">Tag<\/span><a href=\"https:\/\/www.compagniadisanpaolo.it\/it\/tags\/risultati\/?_sft_post_tag=conservazione-del-patrimonio\" class=\"tag-element\">Conservazione del patrimonio<\/a><a href=\"https:\/\/www.compagniadisanpaolo.it\/it\/tags\/risultati\/?_sft_post_tag=housing-collaborativo\" class=\"tag-element\">Housing collaborativo<\/a><a href=\"https:\/\/www.compagniadisanpaolo.it\/it\/tags\/risultati\/?_sft_post_tag=oltre-lerogazione\" class=\"tag-element\">Oltre l'erogazione<\/a><a href=\"https:\/\/www.compagniadisanpaolo.it\/it\/tags\/risultati\/?_sft_post_tag=piena-cittadinanza-e-diritti\" class=\"tag-element\">Piena cittadinanza e diritti<\/a><a href=\"https:\/\/www.compagniadisanpaolo.it\/it\/tags\/risultati\/?_sft_post_tag=rigenerazione-urbana\" class=\"tag-element\">Rigenerazione urbana<\/a><\/div>\t  \n\t<\/div>\n[\/vc_column_text][\/vc_column][vc_column width=&#8221;3\/4&#8243; el_class=&#8221;page-content&#8221;][vc_column_text el_class=&#8221;text&#8221;]La Citt\u00e0 di Torino e Intesa Sanpaolo hanno sottoscritto, nella giornata di oggi, una nuova convenzione che prevede il recupero dell\u2019immobile di via Fiesole 15 a Torino e la sua nuova destinazione per far fronte all\u2019<strong>emergenza abitativa<\/strong>.<\/p>\n<p>Il progetto prevede la trasformazione dell\u2019immobile in due nuclei di ospitalit\u00e0: uno dedicato <strong>all\u2019abitare condiviso<\/strong>, in grado di ospitare pi\u00f9 nuclei familiari per periodi medio-lunghi, per un massimo di <strong>69 posti<\/strong>, e un altro destinato all\u2019<strong>accoglienza temporanea di famiglie<\/strong>, con tempi brevi di ospitalit\u00e0, per un massimo di <strong>19 persone<\/strong>.<\/p>\n<p>Quello della casa \u00e8 senza dubbio tra le principali criticit\u00e0 della Citt\u00e0. Proprio per questo l\u2019Amministrazione vuole intervenire con una serie di interventi che hanno l\u2019obiettivo prioritario di sostenere le famiglie pi\u00f9 in difficolt\u00e0 sia in emergenza abitativa sia con sistemazioni di medio lungo periodo con unit\u00e0 abitative indipendenti. Il progetto di via Fiesole, inoltre, oltre a diversificare e aumentare i servizi sociali a Torino, \u00e8 il risultato di un&#8217;importante collaborazione tra la Citt\u00e0 e il settore privato&#8221;. dichiara il Sindaco di Torino, Stefano Lo Russo.<\/p>\n<p>\u201cQuesto intervento di riqualificazione \u2013 dichiara Gian Maria Gros-Pietro, Presidente di Intesa Sanpaolo &#8211; testimonia dello spirito di attenzione al territorio e di partecipazione alla vita delle comunit\u00e0 che impegna la Banca, soprattutto nelle citt\u00e0 che storicamente l\u2019hanno vista crescere e prosperare, come Torino. Uno spirito di partecipazione che \u00e8 pienamente confermato anche per i prossimi anni e integrato, con l\u2019inserimento nel nostro Piano di impresa, nella vita stessa della Banca\u201d.<\/p>\n<p>La Fondazione Compagnia di San Paolo era presente per il suo ruolo di ente filantropico, impegnato con la Citt\u00e0 ad <strong>accompagnare le persone pi\u00f9 fragili<\/strong> e per il suo impegno sul tema dell\u2019<strong>abitare sociale<\/strong>.<\/p>\n<p>\u201cLa Fondazione Compagnia di San Paolo lavora in sinergia con la Citt\u00e0 di Torino per trovare soluzioni abitative innovative e adeguate per persone in condizione di fragilit\u00e0: l\u2019abitare sociale, insieme al lavoro \u00e8 per noi una leva fondamentale per accompagnare le persone a scegliere la propria traiettoria di vita. Ogni giorno insieme agli enti pubblici e privati del territorio lavoriamo per un obiettivo comune: costruire la societ\u00e0 che vogliamo, una societ\u00e0 pi\u00f9 equa e coesa, in grado di garantire uguali opportunit\u00e0 per tutte e per tutti\u201d. Dichiara <a href=\"https:\/\/www.compagniadisanpaolo.it\/it\/fondazione\/organi\/francesco-profumo-presidente\/\" target=\"_blank\" rel=\"noopener\"><strong>Francesco Profumo<\/strong><\/a>, presidente della Fondazione Compagnia di San Paolo.[\/vc_column_text][\/vc_column][\/vc_row][vc_row][vc_column]<style type='text\/css'>\n\t\t\t\t#gallery-1 {\n\t\t\t\t\tmargin: auto;\n\t\t\t\t}\n\t\t\t\t#gallery-1.FGM-Collage .fg-gallery-item {\n\t\t\t\t\ttext-align: center;\t\t\t\n\t\t\t\t}\n\t\t\t\t#gallery-1 .fg-gallery-caption {\n\t\t\t\t\tmargin-left: 0;\n\t\t\t\t}\n\t\t\t\t#gallery-1.fastgallery_mosaic .fg-gallery-caption, \n\t\t\t\t#gallery-1.fastgallery_mosaic .fg-gallery-caption:hover {\n\t\t\t\t\tbackground-color:rgba( 4 , 106 , 56 , 1);\n\t\t\t\t}\n\t\t\t\t#gallery-1.fastgallery_mosaic.gallery .gallery-icon .fg_zoom a, \n\t\t\t\t#gallery-1.fastgallery_mosaic.gallery .gallery-icon .fg_zoom a:hover {\n\t\t\t\t\tcolor:#046a38;\n\t\t\t\t}\n\t\t\t\t#gallery-1.fastgallery_mosaic.fg_style1 .fg-gallery-caption {\n\t\t\t\t\tcolor:#ffffff;\t\n\t\t\t\t}\n\t\t\t\t#gallery-1.fastgallery_mosaic.gallery.fg_style2 .gallery-icon .fg_zoom a {\n\t\t\t\t\tbackground:rgba( 255 , 255 , 255 , 0.3);\n\t\t\t\t}\n\t\t\t\t#gallery-1.fastgallery_mosaic.fg_style2 .fg-gallery-caption {\n\t\t\t\t\tcolor:#ffffff;\t\n\t\t\t\t}\t\t\t\n\t\t\t\t#gallery-1.fastgallery_mosaic.gallery.fg_style3 .fg_zoom, #gallery-1.fastgallery_mosaic.gallery.fg_style3 .fg_zoom:hover {\n\t\t\t\t\tbackground:rgba( 4 , 106 , 56 , 1);\n\t\t\t\t}\n\t\t\t\t#gallery-1.fastgallery_mosaic.fg_style3 .fg-gallery-caption {\n\t\t\t\t\tcolor:#ffffff;\t\n\t\t\t\t}\t\t\t\t\n\t\t\t\t#gallery-1.fastgallery_mosaic.fg_style4 .fg-gallery-caption,\t\t\t\n\t\t\t\t#gallery-1.fastgallery_mosaic.gallery.fg_style4 .gallery-icon .fg_zoom a, \n\t\t\t\t#gallery-1.fastgallery_mosaic.gallery.fg_style4 .gallery-icon .fg_zoom a:hover {\n\t\t\t\t\tcolor:#ffffff;\n\t\t\t\t}\n\t\t\t\t#gallery-1.fastgallery_mosaic.gallery.fg_style4 .gallery-icon .fg_zoom a, \n\t\t\t\t#gallery-1.fastgallery_mosaic.gallery.fg_style4 .gallery-icon .fg_zoom a:hover\t{\n\t\t\t\t\tbackground:rgba( 4 , 106 , 56 , 1);\n\t\t\t\t}\t\t\t\n\t\t\t\t#gallery-1.fastgallery_mosaic.gallery.fg_style5 .gallery-icon .fg_zoom a, \n\t\t\t\t#gallery-1.fastgallery_mosaic.gallery.fg_style5 .gallery-icon .fg_zoom a:hover\t{\n\t\t\t\t\tcolor:#ffffff;\n\t\t\t\t\tbackground-color:rgba( 4 , 106 , 56 , 1);\n\t\t\t\t}\t\t\t\t\t\n\t\t\t\t#gallery-1.fastgallery_mosaic.gallery.fg_style6 .gallery-icon .fg_zoom a,\n\t\t\t\t#gallery-1.fastgallery_mosaic.gallery.fg_style6 .gallery-icon .fg_zoom a:hover {\n\t\t\t\t\tcolor:#ffffff;\n\t\t\t\t\tbackground:rgba( 4 , 106 , 56 , 1);\t\t\t\t\n\t\t\t\t}\n\t\t\t\n\t\t\t\t#gallery-1.fastgallery_mosaic.fg_style6 .fg-gallery-caption {\n\t\t\t\t\tcolor:#ffffff;\t\n\t\t\t\t}\n\t\t\t\t#gallery-1.fastgallery_mosaic.gallery.fg_style7 .gallery-icon .fg_zoom a,\n\t\t\t\t#gallery-1.fastgallery_mosaic.gallery.fg_style7 .gallery-icon .fg_zoom a:hover {\n\t\t\t\t\tcolor:#ffffff;\n\t\t\t\t\tbackground:rgba( 4 , 106 , 56 , 1);\t\t\t\t\n\t\t\t\t}\t\t\n\t\t\t\t#gallery-1.fastgallery_mosaic.fg_style7 .fg-gallery-caption {\n\t\t\t\t\tcolor:#ffffff;\t\n\t\t\t\t}\n\t\t\t\t\n\t\t\t\t#gallery-1.fastgallery_mosaic.gallery.fg_style8 .gallery-icon .fg_zoom a,\n\t\t\t\t#gallery-1.fastgallery_mosaic.gallery.fg_style8 .gallery-icon .fg_zoom a:hover {\n\t\t\t\t\tcolor:#ffffff;\n\t\t\t\t\tbackground:rgba( 4 , 106 , 56 , 1);\t\t\t\t\n\t\t\t\t}\n\t\t\t\n\t\t\t\t#gallery-1.fastgallery_mosaic.fg_style8 .fg-gallery-caption {\n\t\t\t\t\tcolor:#ffffff;\t\n\t\t\t\t}\n\t\t\t\t\n\t\t\t\t#gallery-1.fastgallery_mosaic.gallery.fg_style9 .gallery-icon .fg_zoom a,\n\t\t\t\t#gallery-1.fastgallery_mosaic.gallery.fg_style9 .gallery-icon .fg_zoom a:hover {\n\t\t\t\t\tcolor:#ffffff;\n\t\t\t\t\tbackground:rgba( 4 , 106 , 56 , 1);\t\t\t\t\n\t\t\t\t}\t\t\n\t\t\t\t#gallery-1.fastgallery_mosaic.fg_style9 .fg-gallery-caption {\n\t\t\t\t\tcolor:#ffffff;\t\n\t\t\t\t}\n\t\t\t\t\n\t\t\t\t#gallery-1.fastgallery_mosaic.gallery.fg_style10 .gallery-icon .fg_zoom a,\n\t\t\t\t#gallery-1.fastgallery_mosaic.gallery.fg_style10 .gallery-icon .fg_zoom a:hover {\n\t\t\t\t\tcolor:#ffffff;\n\t\t\t\t\tbackground:rgba( 4 , 106 , 56 , 1);\t\t\t\t\n\t\t\t\t}\t\t\n\t\t\t\t#gallery-1.fastgallery_mosaic.fg_style10 .fg-gallery-caption {\n\t\t\t\t\tcolor:#ffffff;\t\n\t\t\t\t}#gallery-1.fastgallery_mosaic.gallery .gallery-icon .icon-plus:before {\t\n\t\t\t\t\t\t\t\t\t\tcontent: \"\\e6ef\"!important;\n\t\t\t\t\t}#gallery-1.fastgallery_mosaic.gallery span {\n\t\t\t\t\t\t\t\t\t\tfont-size:20px!important;\n\t\t\t\t\t}\n\t\t\t\t\t#gallery-1.fastgallery_mosaic.gallery .gallery-icon .fg-zoom-icon {\n\t\t\t\t\t\t\t\t\t\tmargin-left:-10px!important;\n\t\t\t\t\t\t\t\t\t\tmargin-top:-40px;\n\t\t\t\t\t}\n\t\t\t\t\t#gallery-1.fastgallery_mosaic.gallery.fg_style2 .gallery-icon .fg-zoom-icon,\n\t\t\t\t\t#gallery-1.fastgallery_mosaic.gallery.fg_style5 .gallery-icon .fg-zoom-icon  {\n\t\t\t\t\t\t\t\t\t\tmargin-top:-10px;\n\t\t\t\t\t}\t\t\n\t\t\t\t\t#gallery-1.fastgallery_mosaic.gallery .gallery-icon.no-caption .fg-zoom-icon {\n\t\t\t\t\t\t\t\t\t\tmargin-top:-10px!important;\n\t\t\t\t\t}\n\t\t\t\t\t#gallery-1.fastgallery_mosaic.fg_style7 .fg-gallery-caption,\n\t\t\t\t\t#gallery-1.fastgallery_mosaic.fg_style8 .fg-gallery-caption {\n\t\t\t\t\t\t\t\t\t\ttop:55%;\n\t\t\t\t\t}\n\t\t\t\t\t<\/style>\n\t\t<script type=\"text\/javascript\">jQuery(function($){\n\t\t\t\t\t\t$(window).load(function () {\n\t\t\t\t\t\t\t\t\t$(document).ready(function(){\n\t\t\t\t\t\t\t\t\t\tcollage();\n\t\t\t\t\t\t\t\t\t});\n\t\t\t\t\t\t\t\t\tfunction collage() {\n\t\t\t\t\t\t\t\t\t\t$('#gallery-1.FGM-Collage').removeWhitespace().collagePlus(\n\t\t\t\t\t\t\t\t\t\t{\n\t\t\t\t\t\t\t\t\t\t\t\t'targetHeight'  \t\t: 300,\n\t\t\t\t\t\t\t\t\t\t\t\t'padding'\t\t\t\t: 20,\n\t\t\t\t\t\t\t\t\t\t\t\t'allowPartialLastRow'   : true\n\t\t\t\t\t\t\t\t\t\t\t}\n\t\t\t\t\t\t\t\t\t\t);\n\t\t\t\t\t\t\t\t\t};\t\n\t\t\t\t\t\t\t\t\tvar resizeTimer = null;\n\t\t\t\t\t\t\t\t\t$(window).bind('resize', function() {\n\t\t\t\t\t\t\t\t\t\t$('.FGM-Collage .fg-gallery-item').css(\"opacity\", 0);\n\t\t\t\t\t\t\t\t\t\tif (resizeTimer) clearTimeout(resizeTimer);\n\t\t\t\t\t\t\t\t\t\tresizeTimer = setTimeout(collage, 200);\n\t\t\t\t\t\t\t\t\t});\t\n\t\t\t\t\t});\n\t\t\t\t\t});<\/script><script type=\"text\/javascript\">\n\t\t\t\t\t\tjQuery(function($){\n\t\t\t\t\t\t\t$('#gallery-1.gallery.fastgallery_mosaic').lightGallery({\n\t\t\t\t\t\t\t\tmode:'slide',\n\t\t\t\t\t\t\t\tspeed: 2000,\n\t\t\t\t\t\t\t\tthumbnail: true,\n\t\t\t\t\t\t\t\tcontrols: true\t\t\t\t\t\t\t\t\n\t\t\t\t\t\t\t});\n\t\t\t\t\t\t});\t\t\n\t\t\t\t\t<\/script>\n\t\t<div id='gallery-1' class='FGM-Collage gallery galleryid-1 gallery-size-fg_layout1 fastgallery_mosaic fg_responsive fg_style1 fg_over_image_off fg_layout1'><div data-src='https:\/\/www.compagniadisanpaolo.it\/wp-content\/uploads\/ISP_ViaFiesole15_0009_l-1000x800.jpg' class='fg-gallery-item  '><div class='gallery-icon landscape no-caption'><div class='fg_zoom'><img loading=\"lazy\" decoding=\"async\" width=\"1000\" height=\"800\" src=\"https:\/\/www.compagniadisanpaolo.it\/wp-content\/uploads\/ISP_ViaFiesole15_0009_l-1000x800.jpg\" class=\"attachment-fgm-2-6 size-fgm-2-6\" alt=\"Via Fiesole 15\" \/><a href='https:\/\/www.compagniadisanpaolo.it\/wp-content\/uploads\/ISP_ViaFiesole15_0009_l-1000x800.jpg'><span class='fg-zoom-icon icon-plus'><\/span><\/a><\/div><\/div><\/div><div data-src='https:\/\/www.compagniadisanpaolo.it\/wp-content\/uploads\/ISP_ViaFiesole15_0012_l-1000x800.jpg' class='fg-gallery-item  '><div class='gallery-icon landscape no-caption'><div class='fg_zoom'><img loading=\"lazy\" decoding=\"async\" width=\"1400\" height=\"800\" src=\"https:\/\/www.compagniadisanpaolo.it\/wp-content\/uploads\/ISP_ViaFiesole15_0012_l-1400x800.jpg\" class=\"attachment-fgm-1-6 size-fgm-1-6\" alt=\"Via Fiesole 15\" srcset=\"https:\/\/www.compagniadisanpaolo.it\/wp-content\/uploads\/ISP_ViaFiesole15_0012_l-1400x800.jpg 1400w, https:\/\/www.compagniadisanpaolo.it\/wp-content\/uploads\/ISP_ViaFiesole15_0012_l-540x310.jpg 540w\" sizes=\"auto, (max-width: 1400px) 100vw, 1400px\" \/><a href='https:\/\/www.compagniadisanpaolo.it\/wp-content\/uploads\/ISP_ViaFiesole15_0012_l-1000x800.jpg'><span class='fg-zoom-icon icon-plus'><\/span><\/a><\/div><\/div><\/div><div data-src='https:\/\/www.compagniadisanpaolo.it\/wp-content\/uploads\/ISP_ViaFiesole15_0022-1000x800.jpg' class='fg-gallery-item  '><div class='gallery-icon landscape no-caption'><div class='fg_zoom'><img loading=\"lazy\" decoding=\"async\" width=\"1200\" height=\"800\" src=\"https:\/\/www.compagniadisanpaolo.it\/wp-content\/uploads\/ISP_ViaFiesole15_0022-1200x800.jpg\" class=\"attachment-fgm-3-6 size-fgm-3-6\" alt=\"Via Fiesole 15\" srcset=\"https:\/\/www.compagniadisanpaolo.it\/wp-content\/uploads\/ISP_ViaFiesole15_0022-1200x800.jpg 1200w, https:\/\/www.compagniadisanpaolo.it\/wp-content\/uploads\/ISP_ViaFiesole15_0022-300x200.jpg 300w, https:\/\/www.compagniadisanpaolo.it\/wp-content\/uploads\/ISP_ViaFiesole15_0022-1024x683.jpg 1024w, https:\/\/www.compagniadisanpaolo.it\/wp-content\/uploads\/ISP_ViaFiesole15_0022-768x512.jpg 768w, https:\/\/www.compagniadisanpaolo.it\/wp-content\/uploads\/ISP_ViaFiesole15_0022-1536x1024.jpg 1536w, https:\/\/www.compagniadisanpaolo.it\/wp-content\/uploads\/ISP_ViaFiesole15_0022-2048x1365.jpg 2048w, https:\/\/www.compagniadisanpaolo.it\/wp-content\/uploads\/ISP_ViaFiesole15_0022-500x333.jpg 500w\" sizes=\"auto, (max-width: 1200px) 100vw, 1200px\" \/><a href='https:\/\/www.compagniadisanpaolo.it\/wp-content\/uploads\/ISP_ViaFiesole15_0022-1000x800.jpg'><span class='fg-zoom-icon icon-plus'><\/span><\/a><\/div><\/div><\/div><div data-src='https:\/\/www.compagniadisanpaolo.it\/wp-content\/uploads\/ISP_ViaFiesole15_0061_l-1000x800.jpg' class='fg-gallery-item  '><div class='gallery-icon landscape no-caption'><div class='fg_zoom'><img loading=\"lazy\" decoding=\"async\" width=\"1400\" height=\"800\" src=\"https:\/\/www.compagniadisanpaolo.it\/wp-content\/uploads\/ISP_ViaFiesole15_0061_l-1400x800.jpg\" class=\"attachment-fgm-1-6 size-fgm-1-6\" alt=\"Via Fiesole 15\" srcset=\"https:\/\/www.compagniadisanpaolo.it\/wp-content\/uploads\/ISP_ViaFiesole15_0061_l-1400x800.jpg 1400w, https:\/\/www.compagniadisanpaolo.it\/wp-content\/uploads\/ISP_ViaFiesole15_0061_l-540x310.jpg 540w\" sizes=\"auto, (max-width: 1400px) 100vw, 1400px\" \/><a href='https:\/\/www.compagniadisanpaolo.it\/wp-content\/uploads\/ISP_ViaFiesole15_0061_l-1000x800.jpg'><span class='fg-zoom-icon icon-plus'><\/span><\/a><\/div><\/div><\/div>\n\t\t\t\t\t<\/div>\n[\/vc_column][\/vc_row][vc_row el_class=&#8221;sdg-list-wrap&#8221;][vc_column][vc_raw_html]JTVCbW9zdHJhU0RHUyU1RA==[\/vc_raw_html][\/vc_column][\/vc_row][vc_row disable_element=&#8221;yes&#8221; el_class=&#8221;sdg-list-wrap&#8221;][vc_column][vc_raw_html]JTVCU2V6aW9uZV9Eb2N1bWVudGklNUQ=[\/vc_raw_html][\/vc_column][\/vc_row][vc_row][vc_column]<div class=\"templatera_shortcode\"><div data-vc-full-width=\"true\" data-vc-full-width-temp=\"true\" data-vc-full-width-init=\"false\" class=\"vc_row wpb_row vc_row-fluid newsletter-wrap\"><div class=\"wpb_column vc_column_container vc_col-sm-12\"><div class=\"vc_column-inner\"><div class=\"wpb_wrapper\">\n\t<div class=\"wpb_raw_code wpb_raw_html wpb_content_element\" >\n\t\t<div class=\"wpb_wrapper\">\n\t\t\t    <div class=\"container\">\n      <div class=\"row align-items-center\">\n\t<div class=\"col-12 col-lg-6 col-xl-5 mb-3 mb-lg-0 pr-0\">\n\t  <h2 class=\"title\">Rimani aggiornato sui nostri bandi e sui nostri progetti<\/h2>\n\t<\/div>\n\t<div class=\"col-12 col-lg-6 col-xl-7 pl-xl-4\">\n\t  <a class=\"standard-link-block\" href=\"\/it\/newsletter\/\">\n\t    Compila il form e decidi su quale argomento vuoi ricevere notizie.\t    <strong>\u00a0 ISCRIVITI!<\/strong>\n\t  <\/a>\n\t<\/div>\n      <\/div>\n    <\/div>\n\t\t<\/div>\n\t<\/div>\n<\/div><\/div><\/div><\/div><div class=\"vc_row-full-width vc_clearfix\"><\/div><\/div>[\/vc_column][\/vc_row]\n<\/div>","protected":false},"excerpt":{"rendered":"La Citt\u00e0 di Torino e Intesa Sanpaolo danno il via a una nuova collaborazione volta a riqualificare nuovi spazi abitativi. Condividi: Facebook Twitter Linkedin Whatsapp Mail Data di pubblicazione: 23 Febbraio 2022 Obiettivo Persone. TagConservazione del patrimonioHousing collaborativoOltre l'erogazionePiena cittadinanza e dirittiRigenerazione urbana La Citt\u00e0 di Torino e Intesa Sanpaolo hanno sottoscritto, nella giornata di oggi, una nuova convenzione che prevede il recupero dell\u2019immobile di via Fiesole 15 a Torino e la sua nuova destinazione per far fronte all\u2019emergenza abitativa. Il progetto prevede la trasformazione dell\u2019immobile in due nuclei di ospitalit\u00e0: uno dedicato all\u2019abitare condiviso, in grado di ospitare pi\u00f9 nuclei familiari per periodi medio-lunghi, per un massimo di 69 posti, e un altro destinato all\u2019accoglienza temporanea di famiglie, con tempi brevi di ospitalit\u00e0, per un massimo di 19 persone. Quello della casa \u00e8 senza dubbio tra le principali criticit\u00e0 della Citt\u00e0. Proprio per questo l\u2019Amministrazione vuole intervenire con una serie di interventi che hanno l\u2019obiettivo prioritario di sostenere le famiglie pi\u00f9 in difficolt\u00e0 sia in emergenza abitativa sia con sistemazioni di medio lungo periodo con unit\u00e0 abitative indipendenti. Il progetto di via Fiesole, inoltre, oltre a diversificare e aumentare i servizi sociali a Torino, \u00e8 il risultato di un'importante collaborazione tra la Citt\u00e0 e il settore privato\". dichiara il Sindaco di Torino, Stefano Lo Russo. \u201cQuesto intervento di riqualificazione \u2013 dichiara Gian Maria Gros-Pietro, Presidente di Intesa Sanpaolo - testimonia dello spirito di attenzione al territorio e di partecipazione alla vita delle comunit\u00e0 che impegna la Banca, soprattutto nelle citt\u00e0 che storicamente l\u2019hanno vista crescere e prosperare, come Torino. Uno spirito di partecipazione che \u00e8 pienamente confermato anche per i prossimi anni e integrato, con l\u2019inserimento nel nostro Piano di impresa, nella vita stessa della Banca\u201d. La Fondazione Compagnia di San Paolo era presente per il suo ruolo di ente filantropico, impegnato con la Citt\u00e0 ad accompagnare le persone pi\u00f9 fragili e per il suo impegno sul tema dell\u2019abitare sociale. \u201cLa Fondazione Compagnia di San Paolo lavora in sinergia con la Citt\u00e0 di Torino per trovare soluzioni abitative innovative e adeguate per persone in condizione di fragilit\u00e0: l\u2019abitare sociale, insieme al lavoro \u00e8 per noi una leva fondamentale per accompagnare le persone a scegliere la propria traiettoria di vita. Ogni giorno insieme agli enti pubblici e privati del territorio lavoriamo per un obiettivo comune: costruire la societ\u00e0 che vogliamo, una societ\u00e0 pi\u00f9 equa e coesa, in grado di garantire uguali opportunit\u00e0 per tutte e per tutti\u201d. Dichiara Francesco Profumo, presidente della Fondazione Compagnia di San Paolo. Questa iniziativa contribuisce al raggiungimento dei seguenti Obiettivi di Sviluppo Sostenibile Rimani aggiornato sui nostri bandi e sui nostri progetti Compila il form e decidi su quale argomento vuoi ricevere notizie. \u00a0 ISCRIVITI!","protected":false},"author":19,"featured_media":16816,"comment_status":"closed","ping_status":"closed","sticky":false,"template":"","format":"standard","meta":{"_acf_changed":false,"content-type":"","footnotes":""},"categories":[17],"tags":[91,76,69,93,77],"class_list":["post-16815","post","type-post","status-publish","format-standard","has-post-thumbnail","hentry","category-news","tag-conservazione-del-patrimonio","tag-housing-collaborativo","tag-oltre-lerogazione","tag-piena-cittadinanza-e-diritti","tag-rigenerazione-urbana","entry","post-inner"],"acf":[],"yoast_head":"<!-- This site is optimized with the Yoast SEO plugin v27.3 - https:\/\/yoast.com\/product\/yoast-seo-wordpress\/ -->\n<title>Un nuovo accordo per far fronte all\u2019emergenza abitativa - Fondazione Compagnia di San Paolo<\/title>\n<meta name=\"description\" content=\"La Citt\u00e0 di Torino e Intesa Sanpaolo danno il via a una nuova collaborazione volta a riqualificare nuovi spazi abitativi.\" \/>\n<meta name=\"robots\" content=\"index, follow, max-snippet:-1, max-image-preview:large, max-video-preview:-1\" \/>\n<link rel=\"canonical\" href=\"https:\/\/www.compagniadisanpaolo.it\/it\/news\/un-nuovo-accordo-per-far-fronte-allemergenza-abitativa\/\" \/>\n<meta property=\"og:locale\" content=\"it_IT\" \/>\n<meta property=\"og:type\" content=\"article\" \/>\n<meta property=\"og:title\" content=\"Un nuovo accordo per far fronte all\u2019emergenza abitativa - Fondazione Compagnia di San Paolo\" \/>\n<meta property=\"og:description\" content=\"La Citt\u00e0 di Torino e Intesa Sanpaolo danno il via a una nuova collaborazione volta a riqualificare nuovi spazi abitativi.\" \/>\n<meta property=\"og:url\" content=\"https:\/\/www.compagniadisanpaolo.it\/it\/news\/un-nuovo-accordo-per-far-fronte-allemergenza-abitativa\/\" \/>\n<meta property=\"og:site_name\" content=\"Fondazione Compagnia di San Paolo\" \/>\n<meta property=\"article:publisher\" content=\"https:\/\/www.facebook.com\/CompagniaDiSanPaolo\" \/>\n<meta property=\"article:published_time\" content=\"2022-02-23T15:33:23+00:00\" \/>\n<meta property=\"article:modified_time\" content=\"2022-02-23T15:35:09+00:00\" \/>\n<meta property=\"og:image\" content=\"https:\/\/www.compagniadisanpaolo.it\/wp-content\/uploads\/via-fiesole-head.jpg\" \/>\n\t<meta property=\"og:image:width\" content=\"815\" \/>\n\t<meta property=\"og:image:height\" content=\"350\" \/>\n\t<meta property=\"og:image:type\" content=\"image\/jpeg\" \/>\n<meta name=\"author\" content=\"Federica\" \/>\n<meta name=\"twitter:card\" content=\"summary_large_image\" \/>\n<meta name=\"twitter:creator\" content=\"@CSP_live\" \/>\n<meta name=\"twitter:site\" content=\"@CSP_live\" \/>\n<meta name=\"twitter:label1\" content=\"Scritto da\" \/>\n\t<meta name=\"twitter:data1\" content=\"Federica\" \/>\n\t<meta name=\"twitter:label2\" content=\"Tempo di lettura stimato\" \/>\n\t<meta name=\"twitter:data2\" content=\"3 minuti\" \/>\n<script type=\"application\/ld+json\" class=\"yoast-schema-graph\">{\"@context\":\"https:\\\/\\\/schema.org\",\"@graph\":[{\"@type\":\"Article\",\"@id\":\"https:\\\/\\\/www.compagniadisanpaolo.it\\\/it\\\/news\\\/un-nuovo-accordo-per-far-fronte-allemergenza-abitativa\\\/#article\",\"isPartOf\":{\"@id\":\"https:\\\/\\\/www.compagniadisanpaolo.it\\\/it\\\/news\\\/un-nuovo-accordo-per-far-fronte-allemergenza-abitativa\\\/\"},\"author\":{\"name\":\"Federica\",\"@id\":\"https:\\\/\\\/www.compagniadisanpaolo.it\\\/it\\\/#\\\/schema\\\/person\\\/b7d5451541c25c82f29c5be1e78456b2\"},\"headline\":\"Un nuovo accordo per far fronte all\u2019emergenza abitativa\",\"datePublished\":\"2022-02-23T15:33:23+00:00\",\"dateModified\":\"2022-02-23T15:35:09+00:00\",\"mainEntityOfPage\":{\"@id\":\"https:\\\/\\\/www.compagniadisanpaolo.it\\\/it\\\/news\\\/un-nuovo-accordo-per-far-fronte-allemergenza-abitativa\\\/\"},\"wordCount\":568,\"publisher\":{\"@id\":\"https:\\\/\\\/www.compagniadisanpaolo.it\\\/it\\\/#organization\"},\"image\":{\"@id\":\"https:\\\/\\\/www.compagniadisanpaolo.it\\\/it\\\/news\\\/un-nuovo-accordo-per-far-fronte-allemergenza-abitativa\\\/#primaryimage\"},\"thumbnailUrl\":\"https:\\\/\\\/www.compagniadisanpaolo.it\\\/wp-content\\\/uploads\\\/via-fiesole-head.jpg\",\"keywords\":[\"conservazione del patrimonio\",\"housing collaborativo\",\"oltre l'erogazione\",\"piena cittadinanza e diritti\",\"rigenerazione urbana\"],\"articleSection\":[\"News\"],\"inLanguage\":\"it-IT\"},{\"@type\":\"WebPage\",\"@id\":\"https:\\\/\\\/www.compagniadisanpaolo.it\\\/it\\\/news\\\/un-nuovo-accordo-per-far-fronte-allemergenza-abitativa\\\/\",\"url\":\"https:\\\/\\\/www.compagniadisanpaolo.it\\\/it\\\/news\\\/un-nuovo-accordo-per-far-fronte-allemergenza-abitativa\\\/\",\"name\":\"Un nuovo accordo per far fronte all\u2019emergenza abitativa - Fondazione Compagnia di San Paolo\",\"isPartOf\":{\"@id\":\"https:\\\/\\\/www.compagniadisanpaolo.it\\\/it\\\/#website\"},\"primaryImageOfPage\":{\"@id\":\"https:\\\/\\\/www.compagniadisanpaolo.it\\\/it\\\/news\\\/un-nuovo-accordo-per-far-fronte-allemergenza-abitativa\\\/#primaryimage\"},\"image\":{\"@id\":\"https:\\\/\\\/www.compagniadisanpaolo.it\\\/it\\\/news\\\/un-nuovo-accordo-per-far-fronte-allemergenza-abitativa\\\/#primaryimage\"},\"thumbnailUrl\":\"https:\\\/\\\/www.compagniadisanpaolo.it\\\/wp-content\\\/uploads\\\/via-fiesole-head.jpg\",\"datePublished\":\"2022-02-23T15:33:23+00:00\",\"dateModified\":\"2022-02-23T15:35:09+00:00\",\"description\":\"La Citt\u00e0 di Torino e Intesa Sanpaolo danno il via a una nuova collaborazione volta a riqualificare nuovi spazi abitativi.\",\"breadcrumb\":{\"@id\":\"https:\\\/\\\/www.compagniadisanpaolo.it\\\/it\\\/news\\\/un-nuovo-accordo-per-far-fronte-allemergenza-abitativa\\\/#breadcrumb\"},\"inLanguage\":\"it-IT\",\"potentialAction\":[{\"@type\":\"ReadAction\",\"target\":[\"https:\\\/\\\/www.compagniadisanpaolo.it\\\/it\\\/news\\\/un-nuovo-accordo-per-far-fronte-allemergenza-abitativa\\\/\"]}]},{\"@type\":\"ImageObject\",\"inLanguage\":\"it-IT\",\"@id\":\"https:\\\/\\\/www.compagniadisanpaolo.it\\\/it\\\/news\\\/un-nuovo-accordo-per-far-fronte-allemergenza-abitativa\\\/#primaryimage\",\"url\":\"https:\\\/\\\/www.compagniadisanpaolo.it\\\/wp-content\\\/uploads\\\/via-fiesole-head.jpg\",\"contentUrl\":\"https:\\\/\\\/www.compagniadisanpaolo.it\\\/wp-content\\\/uploads\\\/via-fiesole-head.jpg\",\"width\":815,\"height\":350,\"caption\":\"via Fiesole Torino\"},{\"@type\":\"BreadcrumbList\",\"@id\":\"https:\\\/\\\/www.compagniadisanpaolo.it\\\/it\\\/news\\\/un-nuovo-accordo-per-far-fronte-allemergenza-abitativa\\\/#breadcrumb\",\"itemListElement\":[{\"@type\":\"ListItem\",\"position\":1,\"name\":\"Home\",\"item\":\"https:\\\/\\\/www.compagniadisanpaolo.it\\\/it\\\/\"},{\"@type\":\"ListItem\",\"position\":2,\"name\":\"Un nuovo accordo per far fronte all\u2019emergenza abitativa\"}]},{\"@type\":\"WebSite\",\"@id\":\"https:\\\/\\\/www.compagniadisanpaolo.it\\\/it\\\/#website\",\"url\":\"https:\\\/\\\/www.compagniadisanpaolo.it\\\/it\\\/\",\"name\":\"Fondazione Compagnia di San Paolo\",\"description\":\"\",\"publisher\":{\"@id\":\"https:\\\/\\\/www.compagniadisanpaolo.it\\\/it\\\/#organization\"},\"potentialAction\":[{\"@type\":\"SearchAction\",\"target\":{\"@type\":\"EntryPoint\",\"urlTemplate\":\"https:\\\/\\\/www.compagniadisanpaolo.it\\\/it\\\/?s={search_term_string}\"},\"query-input\":{\"@type\":\"PropertyValueSpecification\",\"valueRequired\":true,\"valueName\":\"search_term_string\"}}],\"inLanguage\":\"it-IT\"},{\"@type\":\"Organization\",\"@id\":\"https:\\\/\\\/www.compagniadisanpaolo.it\\\/it\\\/#organization\",\"name\":\"Fondazione Compagnia di San Paolo\",\"url\":\"https:\\\/\\\/www.compagniadisanpaolo.it\\\/it\\\/\",\"logo\":{\"@type\":\"ImageObject\",\"inLanguage\":\"it-IT\",\"@id\":\"https:\\\/\\\/www.compagniadisanpaolo.it\\\/it\\\/#\\\/schema\\\/logo\\\/image\\\/\",\"url\":\"https:\\\/\\\/www.compagniadisanpaolo.it\\\/wp-content\\\/uploads\\\/logo.svg\",\"contentUrl\":\"https:\\\/\\\/www.compagniadisanpaolo.it\\\/wp-content\\\/uploads\\\/logo.svg\",\"width\":769,\"height\":323,\"caption\":\"Fondazione Compagnia di San Paolo\"},\"image\":{\"@id\":\"https:\\\/\\\/www.compagniadisanpaolo.it\\\/it\\\/#\\\/schema\\\/logo\\\/image\\\/\"},\"sameAs\":[\"https:\\\/\\\/www.facebook.com\\\/CompagniaDiSanPaolo\",\"https:\\\/\\\/x.com\\\/CSP_live\",\"http:\\\/\\\/instagram.com\\\/compagniadisanpaolo?ref=badge\",\"https:\\\/\\\/www.linkedin.com\\\/company\\\/compagnia-di-san-paolo\",\"https:\\\/\\\/www.youtube.com\\\/user\\\/compagniadisanpaolo\",\"https:\\\/\\\/it.wikipedia.org\\\/wiki\\\/Compagnia_di_San_Paolo\"]},{\"@type\":\"Person\",\"@id\":\"https:\\\/\\\/www.compagniadisanpaolo.it\\\/it\\\/#\\\/schema\\\/person\\\/b7d5451541c25c82f29c5be1e78456b2\",\"name\":\"Federica\",\"image\":{\"@type\":\"ImageObject\",\"inLanguage\":\"it-IT\",\"@id\":\"https:\\\/\\\/secure.gravatar.com\\\/avatar\\\/b5698fa13ac389b1f1fb1263a4626e219d853d7ccf112e854aea8c9c087d24ae?s=96&d=mm&r=g\",\"url\":\"https:\\\/\\\/secure.gravatar.com\\\/avatar\\\/b5698fa13ac389b1f1fb1263a4626e219d853d7ccf112e854aea8c9c087d24ae?s=96&d=mm&r=g\",\"contentUrl\":\"https:\\\/\\\/secure.gravatar.com\\\/avatar\\\/b5698fa13ac389b1f1fb1263a4626e219d853d7ccf112e854aea8c9c087d24ae?s=96&d=mm&r=g\",\"caption\":\"Federica\"}}]}<\/script>\n<!-- \/ Yoast SEO plugin. -->","yoast_head_json":{"title":"Un nuovo accordo per far fronte all\u2019emergenza abitativa - Fondazione Compagnia di San Paolo","description":"La Citt\u00e0 di Torino e Intesa Sanpaolo danno il via a una nuova collaborazione volta a riqualificare nuovi spazi abitativi.","robots":{"index":"index","follow":"follow","max-snippet":"max-snippet:-1","max-image-preview":"max-image-preview:large","max-video-preview":"max-video-preview:-1"},"canonical":"https:\/\/www.compagniadisanpaolo.it\/it\/news\/un-nuovo-accordo-per-far-fronte-allemergenza-abitativa\/","og_locale":"it_IT","og_type":"article","og_title":"Un nuovo accordo per far fronte all\u2019emergenza abitativa - Fondazione Compagnia di San Paolo","og_description":"La Citt\u00e0 di Torino e Intesa Sanpaolo danno il via a una nuova collaborazione volta a riqualificare nuovi spazi abitativi.","og_url":"https:\/\/www.compagniadisanpaolo.it\/it\/news\/un-nuovo-accordo-per-far-fronte-allemergenza-abitativa\/","og_site_name":"Fondazione Compagnia di San Paolo","article_publisher":"https:\/\/www.facebook.com\/CompagniaDiSanPaolo","article_published_time":"2022-02-23T15:33:23+00:00","article_modified_time":"2022-02-23T15:35:09+00:00","og_image":[{"width":815,"height":350,"url":"https:\/\/www.compagniadisanpaolo.it\/wp-content\/uploads\/via-fiesole-head.jpg","type":"image\/jpeg"}],"author":"Federica","twitter_card":"summary_large_image","twitter_creator":"@CSP_live","twitter_site":"@CSP_live","twitter_misc":{"Scritto da":"Federica","Tempo di lettura stimato":"3 minuti"},"schema":{"@context":"https:\/\/schema.org","@graph":[{"@type":"Article","@id":"https:\/\/www.compagniadisanpaolo.it\/it\/news\/un-nuovo-accordo-per-far-fronte-allemergenza-abitativa\/#article","isPartOf":{"@id":"https:\/\/www.compagniadisanpaolo.it\/it\/news\/un-nuovo-accordo-per-far-fronte-allemergenza-abitativa\/"},"author":{"name":"Federica","@id":"https:\/\/www.compagniadisanpaolo.it\/it\/#\/schema\/person\/b7d5451541c25c82f29c5be1e78456b2"},"headline":"Un nuovo accordo per far fronte all\u2019emergenza abitativa","datePublished":"2022-02-23T15:33:23+00:00","dateModified":"2022-02-23T15:35:09+00:00","mainEntityOfPage":{"@id":"https:\/\/www.compagniadisanpaolo.it\/it\/news\/un-nuovo-accordo-per-far-fronte-allemergenza-abitativa\/"},"wordCount":568,"publisher":{"@id":"https:\/\/www.compagniadisanpaolo.it\/it\/#organization"},"image":{"@id":"https:\/\/www.compagniadisanpaolo.it\/it\/news\/un-nuovo-accordo-per-far-fronte-allemergenza-abitativa\/#primaryimage"},"thumbnailUrl":"https:\/\/www.compagniadisanpaolo.it\/wp-content\/uploads\/via-fiesole-head.jpg","keywords":["conservazione del patrimonio","housing collaborativo","oltre l'erogazione","piena cittadinanza e diritti","rigenerazione urbana"],"articleSection":["News"],"inLanguage":"it-IT"},{"@type":"WebPage","@id":"https:\/\/www.compagniadisanpaolo.it\/it\/news\/un-nuovo-accordo-per-far-fronte-allemergenza-abitativa\/","url":"https:\/\/www.compagniadisanpaolo.it\/it\/news\/un-nuovo-accordo-per-far-fronte-allemergenza-abitativa\/","name":"Un nuovo accordo per far fronte all\u2019emergenza abitativa - Fondazione Compagnia di San Paolo","isPartOf":{"@id":"https:\/\/www.compagniadisanpaolo.it\/it\/#website"},"primaryImageOfPage":{"@id":"https:\/\/www.compagniadisanpaolo.it\/it\/news\/un-nuovo-accordo-per-far-fronte-allemergenza-abitativa\/#primaryimage"},"image":{"@id":"https:\/\/www.compagniadisanpaolo.it\/it\/news\/un-nuovo-accordo-per-far-fronte-allemergenza-abitativa\/#primaryimage"},"thumbnailUrl":"https:\/\/www.compagniadisanpaolo.it\/wp-content\/uploads\/via-fiesole-head.jpg","datePublished":"2022-02-23T15:33:23+00:00","dateModified":"2022-02-23T15:35:09+00:00","description":"La Citt\u00e0 di Torino e Intesa Sanpaolo danno il via a una nuova collaborazione volta a riqualificare nuovi spazi abitativi.","breadcrumb":{"@id":"https:\/\/www.compagniadisanpaolo.it\/it\/news\/un-nuovo-accordo-per-far-fronte-allemergenza-abitativa\/#breadcrumb"},"inLanguage":"it-IT","potentialAction":[{"@type":"ReadAction","target":["https:\/\/www.compagniadisanpaolo.it\/it\/news\/un-nuovo-accordo-per-far-fronte-allemergenza-abitativa\/"]}]},{"@type":"ImageObject","inLanguage":"it-IT","@id":"https:\/\/www.compagniadisanpaolo.it\/it\/news\/un-nuovo-accordo-per-far-fronte-allemergenza-abitativa\/#primaryimage","url":"https:\/\/www.compagniadisanpaolo.it\/wp-content\/uploads\/via-fiesole-head.jpg","contentUrl":"https:\/\/www.compagniadisanpaolo.it\/wp-content\/uploads\/via-fiesole-head.jpg","width":815,"height":350,"caption":"via Fiesole Torino"},{"@type":"BreadcrumbList","@id":"https:\/\/www.compagniadisanpaolo.it\/it\/news\/un-nuovo-accordo-per-far-fronte-allemergenza-abitativa\/#breadcrumb","itemListElement":[{"@type":"ListItem","position":1,"name":"Home","item":"https:\/\/www.compagniadisanpaolo.it\/it\/"},{"@type":"ListItem","position":2,"name":"Un nuovo accordo per far fronte all\u2019emergenza abitativa"}]},{"@type":"WebSite","@id":"https:\/\/www.compagniadisanpaolo.it\/it\/#website","url":"https:\/\/www.compagniadisanpaolo.it\/it\/","name":"Fondazione Compagnia di San Paolo","description":"","publisher":{"@id":"https:\/\/www.compagniadisanpaolo.it\/it\/#organization"},"potentialAction":[{"@type":"SearchAction","target":{"@type":"EntryPoint","urlTemplate":"https:\/\/www.compagniadisanpaolo.it\/it\/?s={search_term_string}"},"query-input":{"@type":"PropertyValueSpecification","valueRequired":true,"valueName":"search_term_string"}}],"inLanguage":"it-IT"},{"@type":"Organization","@id":"https:\/\/www.compagniadisanpaolo.it\/it\/#organization","name":"Fondazione Compagnia di San Paolo","url":"https:\/\/www.compagniadisanpaolo.it\/it\/","logo":{"@type":"ImageObject","inLanguage":"it-IT","@id":"https:\/\/www.compagniadisanpaolo.it\/it\/#\/schema\/logo\/image\/","url":"https:\/\/www.compagniadisanpaolo.it\/wp-content\/uploads\/logo.svg","contentUrl":"https:\/\/www.compagniadisanpaolo.it\/wp-content\/uploads\/logo.svg","width":769,"height":323,"caption":"Fondazione Compagnia di San Paolo"},"image":{"@id":"https:\/\/www.compagniadisanpaolo.it\/it\/#\/schema\/logo\/image\/"},"sameAs":["https:\/\/www.facebook.com\/CompagniaDiSanPaolo","https:\/\/x.com\/CSP_live","http:\/\/instagram.com\/compagniadisanpaolo?ref=badge","https:\/\/www.linkedin.com\/company\/compagnia-di-san-paolo","https:\/\/www.youtube.com\/user\/compagniadisanpaolo","https:\/\/it.wikipedia.org\/wiki\/Compagnia_di_San_Paolo"]},{"@type":"Person","@id":"https:\/\/www.compagniadisanpaolo.it\/it\/#\/schema\/person\/b7d5451541c25c82f29c5be1e78456b2","name":"Federica","image":{"@type":"ImageObject","inLanguage":"it-IT","@id":"https:\/\/secure.gravatar.com\/avatar\/b5698fa13ac389b1f1fb1263a4626e219d853d7ccf112e854aea8c9c087d24ae?s=96&d=mm&r=g","url":"https:\/\/secure.gravatar.com\/avatar\/b5698fa13ac389b1f1fb1263a4626e219d853d7ccf112e854aea8c9c087d24ae?s=96&d=mm&r=g","contentUrl":"https:\/\/secure.gravatar.com\/avatar\/b5698fa13ac389b1f1fb1263a4626e219d853d7ccf112e854aea8c9c087d24ae?s=96&d=mm&r=g","caption":"Federica"}}]}},"amp_enabled":true,"_links":{"self":[{"href":"https:\/\/www.compagniadisanpaolo.it\/it\/wp-json\/wp\/v2\/posts\/16815","targetHints":{"allow":["GET"]}}],"collection":[{"href":"https:\/\/www.compagniadisanpaolo.it\/it\/wp-json\/wp\/v2\/posts"}],"about":[{"href":"https:\/\/www.compagniadisanpaolo.it\/it\/wp-json\/wp\/v2\/types\/post"}],"author":[{"embeddable":true,"href":"https:\/\/www.compagniadisanpaolo.it\/it\/wp-json\/wp\/v2\/users\/19"}],"replies":[{"embeddable":true,"href":"https:\/\/www.compagniadisanpaolo.it\/it\/wp-json\/wp\/v2\/comments?post=16815"}],"version-history":[{"count":4,"href":"https:\/\/www.compagniadisanpaolo.it\/it\/wp-json\/wp\/v2\/posts\/16815\/revisions"}],"predecessor-version":[{"id":16829,"href":"https:\/\/www.compagniadisanpaolo.it\/it\/wp-json\/wp\/v2\/posts\/16815\/revisions\/16829"}],"wp:featuredmedia":[{"embeddable":true,"href":"https:\/\/www.compagniadisanpaolo.it\/it\/wp-json\/wp\/v2\/media\/16816"}],"wp:attachment":[{"href":"https:\/\/www.compagniadisanpaolo.it\/it\/wp-json\/wp\/v2\/media?parent=16815"}],"wp:term":[{"taxonomy":"category","embeddable":true,"href":"https:\/\/www.compagniadisanpaolo.it\/it\/wp-json\/wp\/v2\/categories?post=16815"},{"taxonomy":"post_tag","embeddable":true,"href":"https:\/\/www.compagniadisanpaolo.it\/it\/wp-json\/wp\/v2\/tags?post=16815"}],"curies":[{"name":"wp","href":"https:\/\/api.w.org\/{rel}","templated":true}]}}