{"id":16757,"date":"2022-02-09T12:49:43","date_gmt":"2022-02-09T11:49:43","guid":{"rendered":"https:\/\/www.compagniadisanpaolo.it\/?p=16757"},"modified":"2022-02-09T12:49:43","modified_gmt":"2022-02-09T11:49:43","slug":"webinar-di-presentazione-del-bando-simbiosi-insieme-alla-natura-per-il-futuro-del-pianeta","status":"publish","type":"post","link":"https:\/\/www.compagniadisanpaolo.it\/it\/news\/webinar-di-presentazione-del-bando-simbiosi-insieme-alla-natura-per-il-futuro-del-pianeta\/","title":{"rendered":"Webinar di presentazione del Bando \u201cSimbiosi \u2013 Insieme alla natura per il futuro del Pianeta\u201d"},"content":{"rendered":"<div class=\"wpb-content-wrapper\">[vc_row][vc_column][vc_column_text el_class=&#8221;text-headline2&#8243;]Appuntamento online il prossimo 18 febbraio per scoprire un nuovo bando volto a proteggere, valorizzare e ripristinare gli ecosistemi naturali di Piemonte e Liguria.[\/vc_column_text][\/vc_column][\/vc_row][vc_row][vc_column][vc_column_text]\n<div class=\"info-box mission\">\n\t\t<div class=\"info-box-wrap info-box-hor row pb-0\">\n\n\t\t      \n\t\t      <div class=\"spalla col-12 col-md-12\">\n\t\t\t<div class=\"info-box sharing-box\">\n\t\t\t  <span class=\"label\">Condividi:<\/span>\n\t\t\t  <div class=\"social-sharing\">\n\t\t\t    <span class=\"box\">\n\t\t\t      <a class=\"fb\" href=\"https:\/\/www.facebook.com\/sharer.php?u=https:\/\/www.compagniadisanpaolo.it\/it\/news\/webinar-di-presentazione-del-bando-simbiosi-insieme-alla-natura-per-il-futuro-del-pianeta\/\" target=\"_blank\">\n\t\t\t\t<span class=\"sr-only\">Facebook<\/span>\n\t\t\t\t<i class=\"fab fa-facebook-f\"><\/i>\n\t\t\t      <\/a>\n\t\t\t    <\/span>\n\t\t\t    \n\t\t\t    <style>\n.twitter, .twitter:hover{\ncolor:#000000 !important;}\n<\/style>\n\n\n\t\t\t    <span class=\"box\">\n\t\t\t      <a class=\"twitter\" href=\"https:\/\/twitter.com\/intent\/tweet?url=https:\/\/www.compagniadisanpaolo.it\/it\/news\/webinar-di-presentazione-del-bando-simbiosi-insieme-alla-natura-per-il-futuro-del-pianeta\/\">\n\t\t\t\t<span class=\"sr-only\">Twitter<\/span>\n\t\t\t\t<i class=\"fa-brands fa-x-twitter\"><\/i>\n\t\t\t      <\/a>\n\t\t\t    <\/span>\n\n\t\t\t    \n\t\t\t    <span class=\"box\">\n\t\t\t      <a class=\"linkedin\" href=\"https:\/\/www.linkedin.com\/shareArticle?mini=true&url=https:\/\/www.compagniadisanpaolo.it\/it\/news\/webinar-di-presentazione-del-bando-simbiosi-insieme-alla-natura-per-il-futuro-del-pianeta\/\">\n\t\t\t\t<span class=\"sr-only\">Linkedin<\/span>\n\t\t\t\t  <i class=\"fa-brands fa-linkedin-in\"><\/i>\n\t\t\t      <\/a>\n\t\t\t    <\/span>\n\n\t\t\t    <span class=\"box\">\n\t\t\t      <a class=\"whatsapp\" href=\"whatsapp:\/\/send?text=https:\/\/www.compagniadisanpaolo.it\/it\/news\/webinar-di-presentazione-del-bando-simbiosi-insieme-alla-natura-per-il-futuro-del-pianeta\/\" data-action=\"share\/whatsapp\/share\">\n\t\t\t\t<span class=\"sr-only\">Whatsapp<\/span>\n\t\t\t\t<i class=\"fa-brands fa-whatsapp\"><\/i>\n\t\t\t      <\/a>\n\t\t\t    <\/span>\n\n\t\t\t    <span class=\"box\">\n\t\t\t      <a class=\"mail\" href=\"mailto:?subject=Webinar di presentazione del Bando \u201cSimbiosi \u2013 Insieme alla natura per il futuro del Pianeta\u201d&body=https:\/\/www.compagniadisanpaolo.it\/it\/news\/webinar-di-presentazione-del-bando-simbiosi-insieme-alla-natura-per-il-futuro-del-pianeta\/\">\n\t\t\t\t<span class=\"sr-only\">Mail<\/span>\n\t\t\t\t <i class=\"fa-solid fa-envelope\"><\/i>\n\t\t\t      <\/a>\n\t\t\t    <\/span>\n\t\t\t    \n\t\t\t  <\/div>\n\t\t\t<\/div>\n\t      <\/div>\n\t    <\/div><\/div>\n[\/vc_column_text][\/vc_column][\/vc_row][vc_row][vc_column width=&#8221;1\/4&#8243;][vc_column_text]\n\n\n\t\t<div class=\"info-box-wrap\">\n\n\t  <div class=\"info-box date-pub\">\n\t  \t<span class=\"label\">Data di pubblicazione:<\/span>\n\t    <span class=\"value\">9 Febbraio 2022<\/span>\n\t  <\/div>\n\t\t\t\t  <div class=\"info-box obj-planet\">\n\t\t\t\t\t  <div class=\"info-box obj\"><span class=\"label\">Obiettivo<\/span>\n\t\t\t\t\t    <div class=\"obj-small-box\">\n\t\t\t\t\t      <span>Pianeta.<\/span>\n\t\t\t\t\t    <\/div>\n\t\t\t\t\t  <\/div>\n\t\t\t\t  <\/div>\n\t\t\t  <div class=\"info-box mission\"><span class=\"label\">Tag<\/span><a href=\"https:\/\/www.compagniadisanpaolo.it\/it\/tags\/risultati\/?_sft_post_tag=biodiversita\" class=\"tag-element\">Biodiversit\u00e0<\/a><a href=\"https:\/\/www.compagniadisanpaolo.it\/it\/tags\/risultati\/?_sft_post_tag=capitale-naturale\" class=\"tag-element\">Capitale naturale<\/a><a href=\"https:\/\/www.compagniadisanpaolo.it\/it\/tags\/risultati\/?_sft_post_tag=sviluppo-sostenibile\" class=\"tag-element\">Sviluppo sostenibile<\/a><a href=\"https:\/\/www.compagniadisanpaolo.it\/it\/tags\/risultati\/?_sft_post_tag=svolta-green\" class=\"tag-element\">Svolta green<\/a><\/div>\t  \n\t<\/div>\n[\/vc_column_text][\/vc_column][vc_column width=&#8221;3\/4&#8243; el_class=&#8221;page-content&#8221;][vc_column_text el_class=&#8221;text&#8221;]Il 2021 ha segnato l\u2019inizio del \u201c<strong>Decennio per il Ripristino dell\u2019Ecosistema<\/strong>\u201d, un periodo cruciale per invertire concretamente il degrado degli ecosistemi, dei paesaggi, delle acque interne e degli oceani, con l\u2019obiettivo di <strong>ristabilire la loro funzionalit\u00e0 ecologica<\/strong> e <strong>migliorare la sostenibilit\u00e0 dell\u2019ecosistema antropizzato<\/strong>.<\/p>\n<p>In questo contesto, la Fondazione Compagnia di San Paolo ha lanciato il bando \u201c<a href=\"https:\/\/www.compagniadisanpaolo.it\/it\/contributi\/simbiosi-insieme-alla-natura-per-il-futuro-del-pianeta\/\" target=\"_blank\" rel=\"noopener\"><strong>Simbiosi \u2013 Insieme alla natura per il futuro del Pianeta<\/strong><\/a>\u201d che mira a stimolare progettualit\u00e0 concrete e sostenibili volte a migliorare la quantit\u00e0 e la qualit\u00e0 del capitale naturale, proteggere, valorizzare e ripristinare gli ecosistemi marini e terrestri e contrastare la perdita di biodiversit\u00e0, nei territori di Piemonte e Liguria.<\/p>\n<p><strong>Il bando verr\u00e0 presentato nel corso di un webinar dedicato<\/strong> il prossimo <strong>18 febbraio<\/strong> dalle ore 9:30 alle ore 11:00. Nel corso dell\u2019evento scopriremo gli obiettivi che il progetto mira a perseguire tra cui:<\/p>\n<ul>\n<li><strong>favorire iniziative di rinaturalizzazione<\/strong> e di restituzione di capitale naturale nei centri urbani;<\/li>\n<li>contribuire a <strong>proteggere e recuperare gli ecosistemi<\/strong> terrestri, fluviali e marini;<\/li>\n<li>contribuire a <strong>proteggere la biodiversit\u00e0<\/strong>;<\/li>\n<li>promuovere il <strong>miglioramento ambientale degli agro-ecosistemi e delle produzioni agricole<\/strong>;<\/li>\n<li><strong>rafforzare il ruolo del capitale naturale <\/strong>nelle strategie di pianificazione e dello sviluppo territoriale;<\/li>\n<li>promuovere <strong>modelli di gestione sostenibile<\/strong> delle risorse ambientali;<\/li>\n<li><strong>favorire la consapevolezza pubblica e individuale<\/strong> riguardo ai benefici dell\u2019investimento in capitale naturale, anche per le sue ricadute sull\u2019economia e la societ\u00e0.<\/li>\n<\/ul>\n<p>Tra i relatori del webinar sar\u00e0 presente anche il Segretario Generale della Fondazione Compagnia di San Paolo <a href=\"https:\/\/www.compagniadisanpaolo.it\/it\/fondazione\/organi\/alberto-anfossi-segretario-generale\/\" target=\"_blank\" rel=\"noopener\">Alberto Anfossi<\/a>.<\/p>\n<p>Per partecipare all\u2019evento online \u00e8 necessario iscriversi a <a href=\"https:\/\/actingout-it.zoom.us\/meeting\/register\/tZwpce-qrDgoE9bLW7vRfQNje3FWIY-i0hS0\" target=\"_blank\" rel=\"noopener\"><strong>questo link.<\/strong><\/a>[\/vc_column_text][\/vc_column][\/vc_row][vc_row el_class=&#8221;sdg-list-wrap&#8221;][vc_column][vc_raw_html]JTVCbW9zdHJhU0RHUyU1RA==[\/vc_raw_html][\/vc_column][\/vc_row][vc_row][vc_column]<div class=\"templatera_shortcode\"><div data-vc-full-width=\"true\" data-vc-full-width-temp=\"true\" data-vc-full-width-init=\"false\" class=\"vc_row wpb_row vc_row-fluid newsletter-wrap\"><div class=\"wpb_column vc_column_container vc_col-sm-12\"><div class=\"vc_column-inner\"><div class=\"wpb_wrapper\">\n\t<div class=\"wpb_raw_code wpb_raw_html wpb_content_element\" >\n\t\t<div class=\"wpb_wrapper\">\n\t\t\t    <div class=\"container\">\n      <div class=\"row align-items-center\">\n\t<div class=\"col-12 col-lg-6 col-xl-5 mb-3 mb-lg-0 pr-0\">\n\t  <h2 class=\"title\">Rimani aggiornato sui nostri bandi e sui nostri progetti<\/h2>\n\t<\/div>\n\t<div class=\"col-12 col-lg-6 col-xl-7 pl-xl-4\">\n\t  <a class=\"standard-link-block\" href=\"\/it\/newsletter\/\">\n\t    Compila il form e decidi su quale argomento vuoi ricevere notizie.\t    <strong>\u00a0 ISCRIVITI!<\/strong>\n\t  <\/a>\n\t<\/div>\n      <\/div>\n    <\/div>\n\t\t<\/div>\n\t<\/div>\n<\/div><\/div><\/div><\/div><div class=\"vc_row-full-width vc_clearfix\"><\/div><\/div>[\/vc_column][\/vc_row]\n<\/div>","protected":false},"excerpt":{"rendered":"Appuntamento online il prossimo 18 febbraio per scoprire un nuovo bando volto a proteggere, valorizzare e ripristinare gli ecosistemi naturali di Piemonte e Liguria. Condividi: Facebook Twitter Linkedin Whatsapp Mail Data di pubblicazione: 9 Febbraio 2022 Obiettivo Pianeta. TagBiodiversit\u00e0Capitale naturaleSviluppo sostenibileSvolta green Il 2021 ha segnato l\u2019inizio del \u201cDecennio per il Ripristino dell\u2019Ecosistema\u201d, un periodo cruciale per invertire concretamente il degrado degli ecosistemi, dei paesaggi, delle acque interne e degli oceani, con l\u2019obiettivo di ristabilire la loro funzionalit\u00e0 ecologica e migliorare la sostenibilit\u00e0 dell\u2019ecosistema antropizzato. In questo contesto, la Fondazione Compagnia di San Paolo ha lanciato il bando \u201cSimbiosi \u2013 Insieme alla natura per il futuro del Pianeta\u201d che mira a stimolare progettualit\u00e0 concrete e sostenibili volte a migliorare la quantit\u00e0 e la qualit\u00e0 del capitale naturale, proteggere, valorizzare e ripristinare gli ecosistemi marini e terrestri e contrastare la perdita di biodiversit\u00e0, nei territori di Piemonte e Liguria. Il bando verr\u00e0 presentato nel corso di un webinar dedicato il prossimo 18 febbraio dalle ore 9:30 alle ore 11:00. Nel corso dell\u2019evento scopriremo gli obiettivi che il progetto mira a perseguire tra cui: favorire iniziative di rinaturalizzazione e di restituzione di capitale naturale nei centri urbani; contribuire a proteggere e recuperare gli ecosistemi terrestri, fluviali e marini; contribuire a proteggere la biodiversit\u00e0; promuovere il miglioramento ambientale degli agro-ecosistemi e delle produzioni agricole; rafforzare il ruolo del capitale naturale nelle strategie di pianificazione e dello sviluppo territoriale; promuovere modelli di gestione sostenibile delle risorse ambientali; favorire la consapevolezza pubblica e individuale riguardo ai benefici dell\u2019investimento in capitale naturale, anche per le sue ricadute sull\u2019economia e la societ\u00e0. Tra i relatori del webinar sar\u00e0 presente anche il Segretario Generale della Fondazione Compagnia di San Paolo Alberto Anfossi. Per partecipare all\u2019evento online \u00e8 necessario iscriversi a questo link. Questo progetto contribuisce al raggiungimento dei seguenti Obiettivi di Sviluppo Sostenibile Rimani aggiornato sui nostri bandi e sui nostri progetti Compila il form e decidi su quale argomento vuoi ricevere notizie. \u00a0 ISCRIVITI!","protected":false},"author":19,"featured_media":16315,"comment_status":"closed","ping_status":"closed","sticky":false,"template":"","format":"standard","meta":{"_acf_changed":false,"content-type":"","footnotes":""},"categories":[17],"tags":[99,100,68,72],"class_list":["post-16757","post","type-post","status-publish","format-standard","has-post-thumbnail","hentry","category-news","tag-biodiversita","tag-capitale-naturale","tag-sviluppo-sostenibile","tag-svolta-green","entry","post-inner"],"acf":[],"yoast_head":"<!-- This site is optimized with the Yoast SEO plugin v27.3 - https:\/\/yoast.com\/product\/yoast-seo-wordpress\/ -->\n<title>Webinar di presentazione del Bando \u201cSimbiosi \u2013 Insieme alla natura per il futuro del Pianeta\u201d - Fondazione Compagnia di San Paolo<\/title>\n<meta name=\"description\" content=\"Appuntamento online il prossimo 18 febbraio per scoprire un nuovo bando volto a proteggere, valorizzare e ripristinare gli ecosistemi naturali di Piemonte e Liguria.\" \/>\n<meta name=\"robots\" content=\"index, follow, max-snippet:-1, max-image-preview:large, max-video-preview:-1\" \/>\n<link rel=\"canonical\" href=\"https:\/\/www.compagniadisanpaolo.it\/it\/news\/webinar-di-presentazione-del-bando-simbiosi-insieme-alla-natura-per-il-futuro-del-pianeta\/\" \/>\n<meta property=\"og:locale\" content=\"it_IT\" \/>\n<meta property=\"og:type\" content=\"article\" \/>\n<meta property=\"og:title\" content=\"Webinar di presentazione del Bando \u201cSimbiosi \u2013 Insieme alla natura per il futuro del Pianeta\u201d - Fondazione Compagnia di San Paolo\" \/>\n<meta property=\"og:description\" content=\"Appuntamento online il prossimo 18 febbraio per scoprire un nuovo bando volto a proteggere, valorizzare e ripristinare gli ecosistemi naturali di Piemonte e Liguria.\" \/>\n<meta property=\"og:url\" content=\"https:\/\/www.compagniadisanpaolo.it\/it\/news\/webinar-di-presentazione-del-bando-simbiosi-insieme-alla-natura-per-il-futuro-del-pianeta\/\" \/>\n<meta property=\"og:site_name\" content=\"Fondazione Compagnia di San Paolo\" \/>\n<meta property=\"article:publisher\" content=\"https:\/\/www.facebook.com\/CompagniaDiSanPaolo\" \/>\n<meta property=\"article:published_time\" content=\"2022-02-09T11:49:43+00:00\" \/>\n<meta property=\"og:image\" content=\"https:\/\/www.compagniadisanpaolo.it\/wp-content\/uploads\/simbiosi-head.jpg\" \/>\n\t<meta property=\"og:image:width\" content=\"815\" \/>\n\t<meta property=\"og:image:height\" content=\"350\" \/>\n\t<meta property=\"og:image:type\" content=\"image\/jpeg\" \/>\n<meta name=\"author\" content=\"Federica\" \/>\n<meta name=\"twitter:card\" content=\"summary_large_image\" \/>\n<meta name=\"twitter:creator\" content=\"@CSP_live\" \/>\n<meta name=\"twitter:site\" content=\"@CSP_live\" \/>\n<meta name=\"twitter:label1\" content=\"Scritto da\" \/>\n\t<meta name=\"twitter:data1\" content=\"Federica\" \/>\n\t<meta name=\"twitter:label2\" content=\"Tempo di lettura stimato\" \/>\n\t<meta name=\"twitter:data2\" content=\"2 minuti\" \/>\n<script type=\"application\/ld+json\" class=\"yoast-schema-graph\">{\"@context\":\"https:\\\/\\\/schema.org\",\"@graph\":[{\"@type\":\"Article\",\"@id\":\"https:\\\/\\\/www.compagniadisanpaolo.it\\\/it\\\/news\\\/webinar-di-presentazione-del-bando-simbiosi-insieme-alla-natura-per-il-futuro-del-pianeta\\\/#article\",\"isPartOf\":{\"@id\":\"https:\\\/\\\/www.compagniadisanpaolo.it\\\/it\\\/news\\\/webinar-di-presentazione-del-bando-simbiosi-insieme-alla-natura-per-il-futuro-del-pianeta\\\/\"},\"author\":{\"name\":\"Federica\",\"@id\":\"https:\\\/\\\/www.compagniadisanpaolo.it\\\/it\\\/#\\\/schema\\\/person\\\/b7d5451541c25c82f29c5be1e78456b2\"},\"headline\":\"Webinar di presentazione del Bando \u201cSimbiosi \u2013 Insieme alla natura per il futuro del Pianeta\u201d\",\"datePublished\":\"2022-02-09T11:49:43+00:00\",\"mainEntityOfPage\":{\"@id\":\"https:\\\/\\\/www.compagniadisanpaolo.it\\\/it\\\/news\\\/webinar-di-presentazione-del-bando-simbiosi-insieme-alla-natura-per-il-futuro-del-pianeta\\\/\"},\"wordCount\":388,\"publisher\":{\"@id\":\"https:\\\/\\\/www.compagniadisanpaolo.it\\\/it\\\/#organization\"},\"image\":{\"@id\":\"https:\\\/\\\/www.compagniadisanpaolo.it\\\/it\\\/news\\\/webinar-di-presentazione-del-bando-simbiosi-insieme-alla-natura-per-il-futuro-del-pianeta\\\/#primaryimage\"},\"thumbnailUrl\":\"https:\\\/\\\/www.compagniadisanpaolo.it\\\/wp-content\\\/uploads\\\/simbiosi-head.jpg\",\"keywords\":[\"biodiversit\u00e0\",\"capitale naturale\",\"sviluppo sostenibile\",\"svolta green\"],\"articleSection\":[\"News\"],\"inLanguage\":\"it-IT\"},{\"@type\":\"WebPage\",\"@id\":\"https:\\\/\\\/www.compagniadisanpaolo.it\\\/it\\\/news\\\/webinar-di-presentazione-del-bando-simbiosi-insieme-alla-natura-per-il-futuro-del-pianeta\\\/\",\"url\":\"https:\\\/\\\/www.compagniadisanpaolo.it\\\/it\\\/news\\\/webinar-di-presentazione-del-bando-simbiosi-insieme-alla-natura-per-il-futuro-del-pianeta\\\/\",\"name\":\"Webinar di presentazione del Bando \u201cSimbiosi \u2013 Insieme alla natura per il futuro del Pianeta\u201d - Fondazione Compagnia di San Paolo\",\"isPartOf\":{\"@id\":\"https:\\\/\\\/www.compagniadisanpaolo.it\\\/it\\\/#website\"},\"primaryImageOfPage\":{\"@id\":\"https:\\\/\\\/www.compagniadisanpaolo.it\\\/it\\\/news\\\/webinar-di-presentazione-del-bando-simbiosi-insieme-alla-natura-per-il-futuro-del-pianeta\\\/#primaryimage\"},\"image\":{\"@id\":\"https:\\\/\\\/www.compagniadisanpaolo.it\\\/it\\\/news\\\/webinar-di-presentazione-del-bando-simbiosi-insieme-alla-natura-per-il-futuro-del-pianeta\\\/#primaryimage\"},\"thumbnailUrl\":\"https:\\\/\\\/www.compagniadisanpaolo.it\\\/wp-content\\\/uploads\\\/simbiosi-head.jpg\",\"datePublished\":\"2022-02-09T11:49:43+00:00\",\"description\":\"Appuntamento online il prossimo 18 febbraio per scoprire un nuovo bando volto a proteggere, valorizzare e ripristinare gli ecosistemi naturali di Piemonte e Liguria.\",\"breadcrumb\":{\"@id\":\"https:\\\/\\\/www.compagniadisanpaolo.it\\\/it\\\/news\\\/webinar-di-presentazione-del-bando-simbiosi-insieme-alla-natura-per-il-futuro-del-pianeta\\\/#breadcrumb\"},\"inLanguage\":\"it-IT\",\"potentialAction\":[{\"@type\":\"ReadAction\",\"target\":[\"https:\\\/\\\/www.compagniadisanpaolo.it\\\/it\\\/news\\\/webinar-di-presentazione-del-bando-simbiosi-insieme-alla-natura-per-il-futuro-del-pianeta\\\/\"]}]},{\"@type\":\"ImageObject\",\"inLanguage\":\"it-IT\",\"@id\":\"https:\\\/\\\/www.compagniadisanpaolo.it\\\/it\\\/news\\\/webinar-di-presentazione-del-bando-simbiosi-insieme-alla-natura-per-il-futuro-del-pianeta\\\/#primaryimage\",\"url\":\"https:\\\/\\\/www.compagniadisanpaolo.it\\\/wp-content\\\/uploads\\\/simbiosi-head.jpg\",\"contentUrl\":\"https:\\\/\\\/www.compagniadisanpaolo.it\\\/wp-content\\\/uploads\\\/simbiosi-head.jpg\",\"width\":815,\"height\":350},{\"@type\":\"BreadcrumbList\",\"@id\":\"https:\\\/\\\/www.compagniadisanpaolo.it\\\/it\\\/news\\\/webinar-di-presentazione-del-bando-simbiosi-insieme-alla-natura-per-il-futuro-del-pianeta\\\/#breadcrumb\",\"itemListElement\":[{\"@type\":\"ListItem\",\"position\":1,\"name\":\"Home\",\"item\":\"https:\\\/\\\/www.compagniadisanpaolo.it\\\/it\\\/\"},{\"@type\":\"ListItem\",\"position\":2,\"name\":\"Webinar di presentazione del Bando \u201cSimbiosi \u2013 Insieme alla natura per il futuro del Pianeta\u201d\"}]},{\"@type\":\"WebSite\",\"@id\":\"https:\\\/\\\/www.compagniadisanpaolo.it\\\/it\\\/#website\",\"url\":\"https:\\\/\\\/www.compagniadisanpaolo.it\\\/it\\\/\",\"name\":\"Fondazione Compagnia di San Paolo\",\"description\":\"\",\"publisher\":{\"@id\":\"https:\\\/\\\/www.compagniadisanpaolo.it\\\/it\\\/#organization\"},\"potentialAction\":[{\"@type\":\"SearchAction\",\"target\":{\"@type\":\"EntryPoint\",\"urlTemplate\":\"https:\\\/\\\/www.compagniadisanpaolo.it\\\/it\\\/?s={search_term_string}\"},\"query-input\":{\"@type\":\"PropertyValueSpecification\",\"valueRequired\":true,\"valueName\":\"search_term_string\"}}],\"inLanguage\":\"it-IT\"},{\"@type\":\"Organization\",\"@id\":\"https:\\\/\\\/www.compagniadisanpaolo.it\\\/it\\\/#organization\",\"name\":\"Fondazione Compagnia di San Paolo\",\"url\":\"https:\\\/\\\/www.compagniadisanpaolo.it\\\/it\\\/\",\"logo\":{\"@type\":\"ImageObject\",\"inLanguage\":\"it-IT\",\"@id\":\"https:\\\/\\\/www.compagniadisanpaolo.it\\\/it\\\/#\\\/schema\\\/logo\\\/image\\\/\",\"url\":\"https:\\\/\\\/www.compagniadisanpaolo.it\\\/wp-content\\\/uploads\\\/logo.svg\",\"contentUrl\":\"https:\\\/\\\/www.compagniadisanpaolo.it\\\/wp-content\\\/uploads\\\/logo.svg\",\"width\":769,\"height\":323,\"caption\":\"Fondazione Compagnia di San Paolo\"},\"image\":{\"@id\":\"https:\\\/\\\/www.compagniadisanpaolo.it\\\/it\\\/#\\\/schema\\\/logo\\\/image\\\/\"},\"sameAs\":[\"https:\\\/\\\/www.facebook.com\\\/CompagniaDiSanPaolo\",\"https:\\\/\\\/x.com\\\/CSP_live\",\"http:\\\/\\\/instagram.com\\\/compagniadisanpaolo?ref=badge\",\"https:\\\/\\\/www.linkedin.com\\\/company\\\/compagnia-di-san-paolo\",\"https:\\\/\\\/www.youtube.com\\\/user\\\/compagniadisanpaolo\",\"https:\\\/\\\/it.wikipedia.org\\\/wiki\\\/Compagnia_di_San_Paolo\"]},{\"@type\":\"Person\",\"@id\":\"https:\\\/\\\/www.compagniadisanpaolo.it\\\/it\\\/#\\\/schema\\\/person\\\/b7d5451541c25c82f29c5be1e78456b2\",\"name\":\"Federica\",\"image\":{\"@type\":\"ImageObject\",\"inLanguage\":\"it-IT\",\"@id\":\"https:\\\/\\\/secure.gravatar.com\\\/avatar\\\/b5698fa13ac389b1f1fb1263a4626e219d853d7ccf112e854aea8c9c087d24ae?s=96&d=mm&r=g\",\"url\":\"https:\\\/\\\/secure.gravatar.com\\\/avatar\\\/b5698fa13ac389b1f1fb1263a4626e219d853d7ccf112e854aea8c9c087d24ae?s=96&d=mm&r=g\",\"contentUrl\":\"https:\\\/\\\/secure.gravatar.com\\\/avatar\\\/b5698fa13ac389b1f1fb1263a4626e219d853d7ccf112e854aea8c9c087d24ae?s=96&d=mm&r=g\",\"caption\":\"Federica\"}}]}<\/script>\n<!-- \/ Yoast SEO plugin. -->","yoast_head_json":{"title":"Webinar di presentazione del Bando \u201cSimbiosi \u2013 Insieme alla natura per il futuro del Pianeta\u201d - Fondazione Compagnia di San Paolo","description":"Appuntamento online il prossimo 18 febbraio per scoprire un nuovo bando volto a proteggere, valorizzare e ripristinare gli ecosistemi naturali di Piemonte e Liguria.","robots":{"index":"index","follow":"follow","max-snippet":"max-snippet:-1","max-image-preview":"max-image-preview:large","max-video-preview":"max-video-preview:-1"},"canonical":"https:\/\/www.compagniadisanpaolo.it\/it\/news\/webinar-di-presentazione-del-bando-simbiosi-insieme-alla-natura-per-il-futuro-del-pianeta\/","og_locale":"it_IT","og_type":"article","og_title":"Webinar di presentazione del Bando \u201cSimbiosi \u2013 Insieme alla natura per il futuro del Pianeta\u201d - Fondazione Compagnia di San Paolo","og_description":"Appuntamento online il prossimo 18 febbraio per scoprire un nuovo bando volto a proteggere, valorizzare e ripristinare gli ecosistemi naturali di Piemonte e Liguria.","og_url":"https:\/\/www.compagniadisanpaolo.it\/it\/news\/webinar-di-presentazione-del-bando-simbiosi-insieme-alla-natura-per-il-futuro-del-pianeta\/","og_site_name":"Fondazione Compagnia di San Paolo","article_publisher":"https:\/\/www.facebook.com\/CompagniaDiSanPaolo","article_published_time":"2022-02-09T11:49:43+00:00","og_image":[{"width":815,"height":350,"url":"https:\/\/www.compagniadisanpaolo.it\/wp-content\/uploads\/simbiosi-head.jpg","type":"image\/jpeg"}],"author":"Federica","twitter_card":"summary_large_image","twitter_creator":"@CSP_live","twitter_site":"@CSP_live","twitter_misc":{"Scritto da":"Federica","Tempo di lettura stimato":"2 minuti"},"schema":{"@context":"https:\/\/schema.org","@graph":[{"@type":"Article","@id":"https:\/\/www.compagniadisanpaolo.it\/it\/news\/webinar-di-presentazione-del-bando-simbiosi-insieme-alla-natura-per-il-futuro-del-pianeta\/#article","isPartOf":{"@id":"https:\/\/www.compagniadisanpaolo.it\/it\/news\/webinar-di-presentazione-del-bando-simbiosi-insieme-alla-natura-per-il-futuro-del-pianeta\/"},"author":{"name":"Federica","@id":"https:\/\/www.compagniadisanpaolo.it\/it\/#\/schema\/person\/b7d5451541c25c82f29c5be1e78456b2"},"headline":"Webinar di presentazione del Bando \u201cSimbiosi \u2013 Insieme alla natura per il futuro del Pianeta\u201d","datePublished":"2022-02-09T11:49:43+00:00","mainEntityOfPage":{"@id":"https:\/\/www.compagniadisanpaolo.it\/it\/news\/webinar-di-presentazione-del-bando-simbiosi-insieme-alla-natura-per-il-futuro-del-pianeta\/"},"wordCount":388,"publisher":{"@id":"https:\/\/www.compagniadisanpaolo.it\/it\/#organization"},"image":{"@id":"https:\/\/www.compagniadisanpaolo.it\/it\/news\/webinar-di-presentazione-del-bando-simbiosi-insieme-alla-natura-per-il-futuro-del-pianeta\/#primaryimage"},"thumbnailUrl":"https:\/\/www.compagniadisanpaolo.it\/wp-content\/uploads\/simbiosi-head.jpg","keywords":["biodiversit\u00e0","capitale naturale","sviluppo sostenibile","svolta green"],"articleSection":["News"],"inLanguage":"it-IT"},{"@type":"WebPage","@id":"https:\/\/www.compagniadisanpaolo.it\/it\/news\/webinar-di-presentazione-del-bando-simbiosi-insieme-alla-natura-per-il-futuro-del-pianeta\/","url":"https:\/\/www.compagniadisanpaolo.it\/it\/news\/webinar-di-presentazione-del-bando-simbiosi-insieme-alla-natura-per-il-futuro-del-pianeta\/","name":"Webinar di presentazione del Bando \u201cSimbiosi \u2013 Insieme alla natura per il futuro del Pianeta\u201d - Fondazione Compagnia di San Paolo","isPartOf":{"@id":"https:\/\/www.compagniadisanpaolo.it\/it\/#website"},"primaryImageOfPage":{"@id":"https:\/\/www.compagniadisanpaolo.it\/it\/news\/webinar-di-presentazione-del-bando-simbiosi-insieme-alla-natura-per-il-futuro-del-pianeta\/#primaryimage"},"image":{"@id":"https:\/\/www.compagniadisanpaolo.it\/it\/news\/webinar-di-presentazione-del-bando-simbiosi-insieme-alla-natura-per-il-futuro-del-pianeta\/#primaryimage"},"thumbnailUrl":"https:\/\/www.compagniadisanpaolo.it\/wp-content\/uploads\/simbiosi-head.jpg","datePublished":"2022-02-09T11:49:43+00:00","description":"Appuntamento online il prossimo 18 febbraio per scoprire un nuovo bando volto a proteggere, valorizzare e ripristinare gli ecosistemi naturali di Piemonte e Liguria.","breadcrumb":{"@id":"https:\/\/www.compagniadisanpaolo.it\/it\/news\/webinar-di-presentazione-del-bando-simbiosi-insieme-alla-natura-per-il-futuro-del-pianeta\/#breadcrumb"},"inLanguage":"it-IT","potentialAction":[{"@type":"ReadAction","target":["https:\/\/www.compagniadisanpaolo.it\/it\/news\/webinar-di-presentazione-del-bando-simbiosi-insieme-alla-natura-per-il-futuro-del-pianeta\/"]}]},{"@type":"ImageObject","inLanguage":"it-IT","@id":"https:\/\/www.compagniadisanpaolo.it\/it\/news\/webinar-di-presentazione-del-bando-simbiosi-insieme-alla-natura-per-il-futuro-del-pianeta\/#primaryimage","url":"https:\/\/www.compagniadisanpaolo.it\/wp-content\/uploads\/simbiosi-head.jpg","contentUrl":"https:\/\/www.compagniadisanpaolo.it\/wp-content\/uploads\/simbiosi-head.jpg","width":815,"height":350},{"@type":"BreadcrumbList","@id":"https:\/\/www.compagniadisanpaolo.it\/it\/news\/webinar-di-presentazione-del-bando-simbiosi-insieme-alla-natura-per-il-futuro-del-pianeta\/#breadcrumb","itemListElement":[{"@type":"ListItem","position":1,"name":"Home","item":"https:\/\/www.compagniadisanpaolo.it\/it\/"},{"@type":"ListItem","position":2,"name":"Webinar di presentazione del Bando \u201cSimbiosi \u2013 Insieme alla natura per il futuro del Pianeta\u201d"}]},{"@type":"WebSite","@id":"https:\/\/www.compagniadisanpaolo.it\/it\/#website","url":"https:\/\/www.compagniadisanpaolo.it\/it\/","name":"Fondazione Compagnia di San Paolo","description":"","publisher":{"@id":"https:\/\/www.compagniadisanpaolo.it\/it\/#organization"},"potentialAction":[{"@type":"SearchAction","target":{"@type":"EntryPoint","urlTemplate":"https:\/\/www.compagniadisanpaolo.it\/it\/?s={search_term_string}"},"query-input":{"@type":"PropertyValueSpecification","valueRequired":true,"valueName":"search_term_string"}}],"inLanguage":"it-IT"},{"@type":"Organization","@id":"https:\/\/www.compagniadisanpaolo.it\/it\/#organization","name":"Fondazione Compagnia di San Paolo","url":"https:\/\/www.compagniadisanpaolo.it\/it\/","logo":{"@type":"ImageObject","inLanguage":"it-IT","@id":"https:\/\/www.compagniadisanpaolo.it\/it\/#\/schema\/logo\/image\/","url":"https:\/\/www.compagniadisanpaolo.it\/wp-content\/uploads\/logo.svg","contentUrl":"https:\/\/www.compagniadisanpaolo.it\/wp-content\/uploads\/logo.svg","width":769,"height":323,"caption":"Fondazione Compagnia di San Paolo"},"image":{"@id":"https:\/\/www.compagniadisanpaolo.it\/it\/#\/schema\/logo\/image\/"},"sameAs":["https:\/\/www.facebook.com\/CompagniaDiSanPaolo","https:\/\/x.com\/CSP_live","http:\/\/instagram.com\/compagniadisanpaolo?ref=badge","https:\/\/www.linkedin.com\/company\/compagnia-di-san-paolo","https:\/\/www.youtube.com\/user\/compagniadisanpaolo","https:\/\/it.wikipedia.org\/wiki\/Compagnia_di_San_Paolo"]},{"@type":"Person","@id":"https:\/\/www.compagniadisanpaolo.it\/it\/#\/schema\/person\/b7d5451541c25c82f29c5be1e78456b2","name":"Federica","image":{"@type":"ImageObject","inLanguage":"it-IT","@id":"https:\/\/secure.gravatar.com\/avatar\/b5698fa13ac389b1f1fb1263a4626e219d853d7ccf112e854aea8c9c087d24ae?s=96&d=mm&r=g","url":"https:\/\/secure.gravatar.com\/avatar\/b5698fa13ac389b1f1fb1263a4626e219d853d7ccf112e854aea8c9c087d24ae?s=96&d=mm&r=g","contentUrl":"https:\/\/secure.gravatar.com\/avatar\/b5698fa13ac389b1f1fb1263a4626e219d853d7ccf112e854aea8c9c087d24ae?s=96&d=mm&r=g","caption":"Federica"}}]}},"amp_enabled":true,"_links":{"self":[{"href":"https:\/\/www.compagniadisanpaolo.it\/it\/wp-json\/wp\/v2\/posts\/16757","targetHints":{"allow":["GET"]}}],"collection":[{"href":"https:\/\/www.compagniadisanpaolo.it\/it\/wp-json\/wp\/v2\/posts"}],"about":[{"href":"https:\/\/www.compagniadisanpaolo.it\/it\/wp-json\/wp\/v2\/types\/post"}],"author":[{"embeddable":true,"href":"https:\/\/www.compagniadisanpaolo.it\/it\/wp-json\/wp\/v2\/users\/19"}],"replies":[{"embeddable":true,"href":"https:\/\/www.compagniadisanpaolo.it\/it\/wp-json\/wp\/v2\/comments?post=16757"}],"version-history":[{"count":1,"href":"https:\/\/www.compagniadisanpaolo.it\/it\/wp-json\/wp\/v2\/posts\/16757\/revisions"}],"predecessor-version":[{"id":16758,"href":"https:\/\/www.compagniadisanpaolo.it\/it\/wp-json\/wp\/v2\/posts\/16757\/revisions\/16758"}],"wp:featuredmedia":[{"embeddable":true,"href":"https:\/\/www.compagniadisanpaolo.it\/it\/wp-json\/wp\/v2\/media\/16315"}],"wp:attachment":[{"href":"https:\/\/www.compagniadisanpaolo.it\/it\/wp-json\/wp\/v2\/media?parent=16757"}],"wp:term":[{"taxonomy":"category","embeddable":true,"href":"https:\/\/www.compagniadisanpaolo.it\/it\/wp-json\/wp\/v2\/categories?post=16757"},{"taxonomy":"post_tag","embeddable":true,"href":"https:\/\/www.compagniadisanpaolo.it\/it\/wp-json\/wp\/v2\/tags?post=16757"}],"curies":[{"name":"wp","href":"https:\/\/api.w.org\/{rel}","templated":true}]}}