{"id":16707,"date":"2022-02-08T12:32:58","date_gmt":"2022-02-08T11:32:58","guid":{"rendered":"https:\/\/www.compagniadisanpaolo.it\/?p=16707"},"modified":"2022-02-08T12:53:02","modified_gmt":"2022-02-08T11:53:02","slug":"richiesta-di-manifestazione-di-interesse-benefficientiamo","status":"publish","type":"post","link":"https:\/\/www.compagniadisanpaolo.it\/it\/news\/richiesta-di-manifestazione-di-interesse-benefficientiamo\/","title":{"rendered":"Richiesta di manifestazione di interesse: benEfficientiamo"},"content":{"rendered":"<div class=\"wpb-content-wrapper\">[vc_row][vc_column][vc_column_text el_class=&#8221;text-headline2&#8243;]Una nuova iniziativa volta a sostenere gli Enti del Terzo Settore e gli Enti Religiosi nella realizzazione di interventi di riqualificazione energetica e di adeguamento edilizio e per sensibilizzare sulle tematiche del risparmio energetico.[\/vc_column_text][\/vc_column][\/vc_row][vc_row][vc_column][vc_column_text]\n<div class=\"info-box mission\">\n\t\t<div class=\"info-box-wrap info-box-hor row pb-0\">\n\n\t\t      \n\t\t      <div class=\"spalla col-12 col-md-12\">\n\t\t\t<div class=\"info-box sharing-box\">\n\t\t\t  <span class=\"label\">Condividi:<\/span>\n\t\t\t  <div class=\"social-sharing\">\n\t\t\t    <span class=\"box\">\n\t\t\t      <a class=\"fb\" href=\"https:\/\/www.facebook.com\/sharer.php?u=https:\/\/www.compagniadisanpaolo.it\/it\/news\/richiesta-di-manifestazione-di-interesse-benefficientiamo\/\" target=\"_blank\">\n\t\t\t\t<span class=\"sr-only\">Facebook<\/span>\n\t\t\t\t<i class=\"fab fa-facebook-f\"><\/i>\n\t\t\t      <\/a>\n\t\t\t    <\/span>\n\t\t\t    \n\t\t\t    <style>\n.twitter, .twitter:hover{\ncolor:#000000 !important;}\n<\/style>\n\n\n\t\t\t    <span class=\"box\">\n\t\t\t      <a class=\"twitter\" href=\"https:\/\/twitter.com\/intent\/tweet?url=https:\/\/www.compagniadisanpaolo.it\/it\/news\/richiesta-di-manifestazione-di-interesse-benefficientiamo\/\">\n\t\t\t\t<span class=\"sr-only\">Twitter<\/span>\n\t\t\t\t<i class=\"fa-brands fa-x-twitter\"><\/i>\n\t\t\t      <\/a>\n\t\t\t    <\/span>\n\n\t\t\t    \n\t\t\t    <span class=\"box\">\n\t\t\t      <a class=\"linkedin\" href=\"https:\/\/www.linkedin.com\/shareArticle?mini=true&url=https:\/\/www.compagniadisanpaolo.it\/it\/news\/richiesta-di-manifestazione-di-interesse-benefficientiamo\/\">\n\t\t\t\t<span class=\"sr-only\">Linkedin<\/span>\n\t\t\t\t  <i class=\"fa-brands fa-linkedin-in\"><\/i>\n\t\t\t      <\/a>\n\t\t\t    <\/span>\n\n\t\t\t    <span class=\"box\">\n\t\t\t      <a class=\"whatsapp\" href=\"whatsapp:\/\/send?text=https:\/\/www.compagniadisanpaolo.it\/it\/news\/richiesta-di-manifestazione-di-interesse-benefficientiamo\/\" data-action=\"share\/whatsapp\/share\">\n\t\t\t\t<span class=\"sr-only\">Whatsapp<\/span>\n\t\t\t\t<i class=\"fa-brands fa-whatsapp\"><\/i>\n\t\t\t      <\/a>\n\t\t\t    <\/span>\n\n\t\t\t    <span class=\"box\">\n\t\t\t      <a class=\"mail\" href=\"mailto:?subject=Richiesta di manifestazione di interesse: benEfficientiamo&body=https:\/\/www.compagniadisanpaolo.it\/it\/news\/richiesta-di-manifestazione-di-interesse-benefficientiamo\/\">\n\t\t\t\t<span class=\"sr-only\">Mail<\/span>\n\t\t\t\t <i class=\"fa-solid fa-envelope\"><\/i>\n\t\t\t      <\/a>\n\t\t\t    <\/span>\n\t\t\t    \n\t\t\t  <\/div>\n\t\t\t<\/div>\n\t      <\/div>\n\t    <\/div><\/div>\n[\/vc_column_text][\/vc_column][\/vc_row][vc_row][vc_column width=&#8221;1\/4&#8243;][vc_column_text]\n\n\n\t\t<div class=\"info-box-wrap\">\n\n\t  <div class=\"info-box date-pub\">\n\t  \t<span class=\"label\">Data di pubblicazione:<\/span>\n\t    <span class=\"value\">8 Febbraio 2022<\/span>\n\t  <\/div>\n\t\t\t\t  <div class=\"info-box obj-people\">\n\t\t\t\t\t  <div class=\"info-box obj\"><span class=\"label\">Obiettivo<\/span>\n\t\t\t\t\t    <div class=\"obj-small-box\">\n\t\t\t\t\t      <span>Persone.<\/span>\n\t\t\t\t\t    <\/div>\n\t\t\t\t\t  <\/div>\n\t\t\t\t  <\/div>\n\t\t\t  <div class=\"info-box mission\"><span class=\"label\">Tag<\/span><a href=\"https:\/\/www.compagniadisanpaolo.it\/it\/tags\/risultati\/?_sft_post_tag=comunita-educanti\" class=\"tag-element\">Comunit\u00e0 educanti<\/a><a href=\"https:\/\/www.compagniadisanpaolo.it\/it\/tags\/risultati\/?_sft_post_tag=housing-collaborativo\" class=\"tag-element\">Housing collaborativo<\/a><a href=\"https:\/\/www.compagniadisanpaolo.it\/it\/tags\/risultati\/?_sft_post_tag=innovazione\" class=\"tag-element\">Innovazione<\/a><a href=\"https:\/\/www.compagniadisanpaolo.it\/it\/tags\/risultati\/?_sft_post_tag=poverta-energetica\" class=\"tag-element\">Povert\u00e0 energetica<\/a><a href=\"https:\/\/www.compagniadisanpaolo.it\/it\/tags\/risultati\/?_sft_post_tag=svolta-green\" class=\"tag-element\">Svolta green<\/a><\/div>\t  \n\t<\/div>\n[\/vc_column_text][\/vc_column][vc_column width=&#8221;3\/4&#8243; el_class=&#8221;page-content&#8221;][vc_column_text el_class=&#8221;text&#8221;]Sostenibilit\u00e0 ambientale e transizione ecologica sono entrati sempre di pi\u00f9 nelle agende degli <strong>Enti del Terzo Settore<\/strong> (<strong>ETS<\/strong>) e degli <strong>Enti Religiosi<\/strong> (<strong>ER<\/strong>), consapevoli delle condizioni di \u201cpovert\u00e0 energetica\u201d in cui spesso versano i destinatari della loro azione sociale, ma anche interessati ai <strong>risvolti di efficienza economica ed ambientale resi possibili dalla tecnologia<\/strong>.<\/p>\n<p>Rendere pi\u00f9 efficienti e sicure le strutture di <em>social housing<\/em> (abitazioni e spazi comuni) e gli spazi a uso sociale gestiti da ETS ed ER, <strong>effettuando lavori a costo zero<\/strong>, o prossimi allo zero, grazie a vari tipi di facilitazione, \u00e8 quindi una strada da perseguire e promuovere.<\/p>\n<p>Questi interventi, infatti, consentono di <strong>ridurre i costi di esercizio per il gestore<\/strong> nonch\u00e9 l\u2019housing cost per gli abitanti (ovvero la spesa legata al riscaldamento, all\u2019acqua calda sanitaria, al raffrescamento e in generale al consumo di energia elettrica) con l\u2019effetto secondario di <strong>liberare risorse economiche<\/strong> a favore di azioni di miglioramento della qualit\u00e0 dell\u2019abitare, nella sua dimensione individuale e collettiva.<\/p>\n<p>Con \u201c<strong>benEfficientiamo\u201d<\/strong>, promosso nell\u2019ambito della <a href=\"https:\/\/www.compagniadisanpaolo.it\/it\/le-nostre-sfide\/obiettivo-persone\/abitare-tra-casa-e-territorio\/\" target=\"_blank\" rel=\"noopener\"><strong>Missione Abitare<\/strong> <strong>tra casa e territorio<\/strong><\/a>\u00a0dell\u2019<a href=\"https:\/\/www.compagniadisanpaolo.it\/it\/le-nostre-sfide\/obiettivo-persone\/\" target=\"_blank\" rel=\"noopener\"><strong>Obiettivo Persone<\/strong><\/a>, si intende offrire un supporto operativo a tali Enti per accompagnarli e sostenerli in questo processo, che pu\u00f2 consentire, direttamente e indirettamente, un miglioramento della qualit\u00e0 della vita dei fruitori degli spazi a uso sociale, della fascia di popolazione vulnerabile che vive o cerca un\u2019abitazione in strutture di <em>social housing<\/em>, nonch\u00e9 dei gestori degli immobili.<\/p>\n<p>Attraverso la collaborazione con <a href=\"http:\/\/www.fratellosole.org\/fratello-sole-energie-solidali\/\" target=\"_blank\" rel=\"noopener\"><strong>Fratello Sole Energie Solidali<\/strong><\/a>, il processo dell\u2019iniziativa sar\u00e0 strutturato in <strong>due fasi selettive<\/strong>: in una prima fase <strong>saranno selezionate<\/strong> proposte meritevoli sotto il duplice profilo tecnico e sociale &#8211; ovvero <strong>proposte in grado di coniugare le necessit\u00e0 di riqualificazione energetica<\/strong> <strong>e adeguamento<\/strong> del\/degli immobile\/i con il miglioramento qualitativo e il <strong>benessere del tessuto sociale<\/strong> di riferimento \u2013 che <strong>beneficeranno di analisi preliminari sulle strutture candidate<\/strong>.<\/p>\n<p>Le proposte idonee potranno accedere alla successiva fase di <strong>realizzazione dei lavori<\/strong> e della messa in opera del cosiddetto \u201c<strong>cantiere sociale<\/strong>\u201d \u2013 consistente nella formazione e sensibilizzazione alle tematiche ambientali degli abitanti della struttura e\/o della comunit\u00e0 che beneficer\u00e0 della riqualificazione degli edifici.<\/p>\n<p>Attraverso questa iniziativa la Fondazione Compagnia di San Paolo intende raggiungere i seguenti obiettivi:<\/p>\n<ul>\n<li><strong>rendere pi\u00f9 efficiente e sicuro il patrimonio immobiliare degli ETS\/ER<\/strong><\/li>\n<li><strong>riqualificare il patrimonio edilizio<\/strong> avvalendosi dei bonus fiscali attualmente esistenti;<\/li>\n<li><strong>abbassare i costi di esercizio degli immobili per i gestori nonch\u00e9 l\u2019housing cost<\/strong> per gli abitanti delle strutture;<\/li>\n<li><strong>liberare, tramite i risparmi gestionali realizzati, risorse economiche<\/strong> e indirizzarle alla pianificazione di iniziative e servizi di pubblico interesse che concorrano alla funzione di presidio sociale degli edifici e alla rigenerazione sociale del territorio di riferimento;<\/li>\n<li><strong>contribuire alla sensibilizzazione <\/strong>e alla formazione della popolazione rispetto a tematiche inerenti alla <strong>sostenibilit\u00e0 ambientale<\/strong> e all\u2019efficientamento energetico;<\/li>\n<li><strong>contribuire al benessere<\/strong> &#8211;<strong> fisico, sociale, ambientale ed economico<\/strong> &#8211; delle persone che vivono e\/o utilizzano questi edifici.<\/li>\n<\/ul>\n<p>Gli esiti della selezione degli Enti che beneficeranno delle analisi preliminari degli immobili candidati (prima fase) verranno comunicati dalla Fondazione Compagnia di San Paolo <strong>entro il mese di maggio 2022<\/strong>.<\/p>\n<p>Le proposte in risposta alla Richiesta di manifestazione di interesse dovranno essere inviate alla Fondazione Compagnia di San Paolo tramite PEC entro le <strong>ore 13.00 del 6 aprile 2022<\/strong>.<\/p>\n<p>Per scoprire i criteri di selezione e le modalit\u00e0 di presentazione delle domande consulta il testo completo dell\u2019iniziativa nella sezione <a href=\"https:\/\/www.compagniadisanpaolo.it\/it\/contributi\/benefficientiamo-riqualificazione-energetica-per-il-sociale\/\" target=\"_blank\" rel=\"noopener\">Contributi<\/a>. Informazioni e chiarimenti potranno essere richiesti all\u2019indirizzo email <a href=\"mailto:missioneabitare@compagniadisanpaolo.it\" target=\"_blank\" rel=\"noopener\">missioneabitare@compagniadisanpaolo.it<\/a>[\/vc_column_text][\/vc_column][\/vc_row][vc_row el_class=&#8221;sdg-list-wrap&#8221;][vc_column][vc_raw_html]JTVCbW9zdHJhU0RHUyU1RA==[\/vc_raw_html][\/vc_column][\/vc_row][vc_row el_class=&#8221;sdg-list-wrap&#8221;][vc_column][vc_raw_html]JTVCU2V6aW9uZV9Eb2N1bWVudGklNUQ=[\/vc_raw_html][\/vc_column][\/vc_row][vc_row][vc_column]<div class=\"templatera_shortcode\"><div data-vc-full-width=\"true\" data-vc-full-width-temp=\"true\" data-vc-full-width-init=\"false\" class=\"vc_row wpb_row vc_row-fluid newsletter-wrap\"><div class=\"wpb_column vc_column_container vc_col-sm-12\"><div class=\"vc_column-inner\"><div class=\"wpb_wrapper\">\n\t<div class=\"wpb_raw_code wpb_raw_html wpb_content_element\" >\n\t\t<div class=\"wpb_wrapper\">\n\t\t\t    <div class=\"container\">\n      <div class=\"row align-items-center\">\n\t<div class=\"col-12 col-lg-6 col-xl-5 mb-3 mb-lg-0 pr-0\">\n\t  <h2 class=\"title\">Rimani aggiornato sui nostri bandi e sui nostri progetti<\/h2>\n\t<\/div>\n\t<div class=\"col-12 col-lg-6 col-xl-7 pl-xl-4\">\n\t  <a class=\"standard-link-block\" href=\"\/it\/newsletter\/\">\n\t    Compila il form e decidi su quale argomento vuoi ricevere notizie.\t    <strong>\u00a0 ISCRIVITI!<\/strong>\n\t  <\/a>\n\t<\/div>\n      <\/div>\n    <\/div>\n\t\t<\/div>\n\t<\/div>\n<\/div><\/div><\/div><\/div><div class=\"vc_row-full-width vc_clearfix\"><\/div><\/div>[\/vc_column][\/vc_row]\n<\/div>","protected":false},"excerpt":{"rendered":"Una nuova iniziativa volta a sostenere gli Enti del Terzo Settore e gli Enti Religiosi nella realizzazione di interventi di riqualificazione energetica e di adeguamento edilizio e per sensibilizzare sulle tematiche del risparmio energetico. Condividi: Facebook Twitter Linkedin Whatsapp Mail Data di pubblicazione: 8 Febbraio 2022 Obiettivo Persone. TagComunit\u00e0 educantiHousing collaborativoInnovazionePovert\u00e0 energeticaSvolta green Sostenibilit\u00e0 ambientale e transizione ecologica sono entrati sempre di pi\u00f9 nelle agende degli Enti del Terzo Settore (ETS) e degli Enti Religiosi (ER), consapevoli delle condizioni di \u201cpovert\u00e0 energetica\u201d in cui spesso versano i destinatari della loro azione sociale, ma anche interessati ai risvolti di efficienza economica ed ambientale resi possibili dalla tecnologia. Rendere pi\u00f9 efficienti e sicure le strutture di social housing (abitazioni e spazi comuni) e gli spazi a uso sociale gestiti da ETS ed ER, effettuando lavori a costo zero, o prossimi allo zero, grazie a vari tipi di facilitazione, \u00e8 quindi una strada da perseguire e promuovere. Questi interventi, infatti, consentono di ridurre i costi di esercizio per il gestore nonch\u00e9 l\u2019housing cost per gli abitanti (ovvero la spesa legata al riscaldamento, all\u2019acqua calda sanitaria, al raffrescamento e in generale al consumo di energia elettrica) con l\u2019effetto secondario di liberare risorse economiche a favore di azioni di miglioramento della qualit\u00e0 dell\u2019abitare, nella sua dimensione individuale e collettiva. Con \u201cbenEfficientiamo\u201d, promosso nell\u2019ambito della Missione Abitare tra casa e territorio\u00a0dell\u2019Obiettivo Persone, si intende offrire un supporto operativo a tali Enti per accompagnarli e sostenerli in questo processo, che pu\u00f2 consentire, direttamente e indirettamente, un miglioramento della qualit\u00e0 della vita dei fruitori degli spazi a uso sociale, della fascia di popolazione vulnerabile che vive o cerca un\u2019abitazione in strutture di social housing, nonch\u00e9 dei gestori degli immobili. Attraverso la collaborazione con Fratello Sole Energie Solidali, il processo dell\u2019iniziativa sar\u00e0 strutturato in due fasi selettive: in una prima fase saranno selezionate proposte meritevoli sotto il duplice profilo tecnico e sociale - ovvero proposte in grado di coniugare le necessit\u00e0 di riqualificazione energetica e adeguamento del\/degli immobile\/i con il miglioramento qualitativo e il benessere del tessuto sociale di riferimento \u2013 che beneficeranno di analisi preliminari sulle strutture candidate. Le proposte idonee potranno accedere alla successiva fase di realizzazione dei lavori e della messa in opera del cosiddetto \u201ccantiere sociale\u201d \u2013 consistente nella formazione e sensibilizzazione alle tematiche ambientali degli abitanti della struttura e\/o della comunit\u00e0 che beneficer\u00e0 della riqualificazione degli edifici. Attraverso questa iniziativa la Fondazione Compagnia di San Paolo intende raggiungere i seguenti obiettivi: rendere pi\u00f9 efficiente e sicuro il patrimonio immobiliare degli ETS\/ER riqualificare il patrimonio edilizio avvalendosi dei bonus fiscali attualmente esistenti; abbassare i costi di esercizio degli immobili per i gestori nonch\u00e9 l\u2019housing cost per gli abitanti delle strutture; liberare, tramite i risparmi gestionali realizzati, risorse economiche e indirizzarle alla pianificazione di iniziative e servizi di pubblico interesse che concorrano alla funzione di presidio sociale degli edifici e alla rigenerazione sociale del territorio di riferimento; contribuire alla sensibilizzazione e alla formazione della popolazione rispetto a tematiche inerenti alla sostenibilit\u00e0 ambientale e all\u2019efficientamento energetico; contribuire al benessere - fisico, sociale, ambientale ed economico - delle persone che vivono e\/o utilizzano questi edifici. Gli esiti della selezione degli Enti che beneficeranno delle analisi preliminari degli immobili candidati (prima fase) verranno comunicati dalla Fondazione Compagnia di San Paolo entro il mese di maggio 2022. Le proposte in risposta alla Richiesta di manifestazione di interesse dovranno essere inviate alla Fondazione Compagnia di San Paolo tramite PEC entro le ore 13.00 del 6 aprile 2022. Per scoprire i criteri di selezione e le modalit\u00e0 di presentazione delle domande consulta il testo completo dell\u2019iniziativa nella sezione Contributi. Informazioni e chiarimenti potranno essere richiesti all\u2019indirizzo email missioneabitare@compagniadisanpaolo.it Questa iniziativa contribuisce al raggiungimento dei seguenti Obiettivi di Sviluppo Sostenibile Rimani aggiornato sui nostri bandi e sui nostri progetti Compila il form e decidi su quale argomento vuoi ricevere notizie. \u00a0 ISCRIVITI!","protected":false},"author":19,"featured_media":16716,"comment_status":"closed","ping_status":"closed","sticky":false,"template":"","format":"standard","meta":{"_acf_changed":false,"content-type":"","footnotes":""},"categories":[17],"tags":[81,76,59,103,72],"class_list":["post-16707","post","type-post","status-publish","format-standard","has-post-thumbnail","hentry","category-news","tag-comunita-educanti","tag-housing-collaborativo","tag-innovazione","tag-poverta-energetica","tag-svolta-green","entry","post-inner"],"acf":[],"yoast_head":"<!-- This site is optimized with the Yoast SEO plugin v27.3 - https:\/\/yoast.com\/product\/yoast-seo-wordpress\/ -->\n<title>Richiesta di manifestazione di interesse: benEfficientiamo - Fondazione Compagnia di San Paolo<\/title>\n<meta name=\"description\" content=\"Una nuova iniziativa volta a sostenere gli Enti del Terzo Settore e gli Enti Religiosi nella realizzazione di interventi di riqualificazione energetica e di adeguamento edilizio e per sensibilizzare sulle tematiche del risparmio energetico.\" \/>\n<meta name=\"robots\" content=\"index, follow, max-snippet:-1, max-image-preview:large, max-video-preview:-1\" \/>\n<link rel=\"canonical\" href=\"https:\/\/www.compagniadisanpaolo.it\/it\/news\/richiesta-di-manifestazione-di-interesse-benefficientiamo\/\" \/>\n<meta property=\"og:locale\" content=\"it_IT\" \/>\n<meta property=\"og:type\" content=\"article\" \/>\n<meta property=\"og:title\" content=\"Richiesta di manifestazione di interesse: benEfficientiamo - Fondazione Compagnia di San Paolo\" \/>\n<meta property=\"og:description\" content=\"Una nuova iniziativa volta a sostenere gli Enti del Terzo Settore e gli Enti Religiosi nella realizzazione di interventi di riqualificazione energetica e di adeguamento edilizio e per sensibilizzare sulle tematiche del risparmio energetico.\" \/>\n<meta property=\"og:url\" content=\"https:\/\/www.compagniadisanpaolo.it\/it\/news\/richiesta-di-manifestazione-di-interesse-benefficientiamo\/\" \/>\n<meta property=\"og:site_name\" content=\"Fondazione Compagnia di San Paolo\" \/>\n<meta property=\"article:publisher\" content=\"https:\/\/www.facebook.com\/CompagniaDiSanPaolo\" \/>\n<meta property=\"article:published_time\" content=\"2022-02-08T11:32:58+00:00\" \/>\n<meta property=\"article:modified_time\" content=\"2022-02-08T11:53:02+00:00\" \/>\n<meta property=\"og:image\" content=\"https:\/\/www.compagniadisanpaolo.it\/wp-content\/uploads\/head-efficientiamoci-2.jpg\" \/>\n\t<meta property=\"og:image:width\" content=\"815\" \/>\n\t<meta property=\"og:image:height\" content=\"350\" \/>\n\t<meta property=\"og:image:type\" content=\"image\/jpeg\" \/>\n<meta name=\"author\" content=\"Federica\" \/>\n<meta name=\"twitter:card\" content=\"summary_large_image\" \/>\n<meta name=\"twitter:creator\" content=\"@CSP_live\" \/>\n<meta name=\"twitter:site\" content=\"@CSP_live\" \/>\n<meta name=\"twitter:label1\" content=\"Scritto da\" \/>\n\t<meta name=\"twitter:data1\" content=\"Federica\" \/>\n\t<meta name=\"twitter:label2\" content=\"Tempo di lettura stimato\" \/>\n\t<meta name=\"twitter:data2\" content=\"4 minuti\" \/>\n<script type=\"application\/ld+json\" class=\"yoast-schema-graph\">{\"@context\":\"https:\\\/\\\/schema.org\",\"@graph\":[{\"@type\":\"Article\",\"@id\":\"https:\\\/\\\/www.compagniadisanpaolo.it\\\/it\\\/news\\\/richiesta-di-manifestazione-di-interesse-benefficientiamo\\\/#article\",\"isPartOf\":{\"@id\":\"https:\\\/\\\/www.compagniadisanpaolo.it\\\/it\\\/news\\\/richiesta-di-manifestazione-di-interesse-benefficientiamo\\\/\"},\"author\":{\"name\":\"Federica\",\"@id\":\"https:\\\/\\\/www.compagniadisanpaolo.it\\\/it\\\/#\\\/schema\\\/person\\\/b7d5451541c25c82f29c5be1e78456b2\"},\"headline\":\"Richiesta di manifestazione di interesse: benEfficientiamo\",\"datePublished\":\"2022-02-08T11:32:58+00:00\",\"dateModified\":\"2022-02-08T11:53:02+00:00\",\"mainEntityOfPage\":{\"@id\":\"https:\\\/\\\/www.compagniadisanpaolo.it\\\/it\\\/news\\\/richiesta-di-manifestazione-di-interesse-benefficientiamo\\\/\"},\"wordCount\":727,\"publisher\":{\"@id\":\"https:\\\/\\\/www.compagniadisanpaolo.it\\\/it\\\/#organization\"},\"image\":{\"@id\":\"https:\\\/\\\/www.compagniadisanpaolo.it\\\/it\\\/news\\\/richiesta-di-manifestazione-di-interesse-benefficientiamo\\\/#primaryimage\"},\"thumbnailUrl\":\"https:\\\/\\\/www.compagniadisanpaolo.it\\\/wp-content\\\/uploads\\\/head-efficientiamoci-2.jpg\",\"keywords\":[\"comunit\u00e0 educanti\",\"housing collaborativo\",\"innovazione\",\"povert\u00e0 energetica\",\"svolta green\"],\"articleSection\":[\"News\"],\"inLanguage\":\"it-IT\"},{\"@type\":\"WebPage\",\"@id\":\"https:\\\/\\\/www.compagniadisanpaolo.it\\\/it\\\/news\\\/richiesta-di-manifestazione-di-interesse-benefficientiamo\\\/\",\"url\":\"https:\\\/\\\/www.compagniadisanpaolo.it\\\/it\\\/news\\\/richiesta-di-manifestazione-di-interesse-benefficientiamo\\\/\",\"name\":\"Richiesta di manifestazione di interesse: benEfficientiamo - Fondazione Compagnia di San Paolo\",\"isPartOf\":{\"@id\":\"https:\\\/\\\/www.compagniadisanpaolo.it\\\/it\\\/#website\"},\"primaryImageOfPage\":{\"@id\":\"https:\\\/\\\/www.compagniadisanpaolo.it\\\/it\\\/news\\\/richiesta-di-manifestazione-di-interesse-benefficientiamo\\\/#primaryimage\"},\"image\":{\"@id\":\"https:\\\/\\\/www.compagniadisanpaolo.it\\\/it\\\/news\\\/richiesta-di-manifestazione-di-interesse-benefficientiamo\\\/#primaryimage\"},\"thumbnailUrl\":\"https:\\\/\\\/www.compagniadisanpaolo.it\\\/wp-content\\\/uploads\\\/head-efficientiamoci-2.jpg\",\"datePublished\":\"2022-02-08T11:32:58+00:00\",\"dateModified\":\"2022-02-08T11:53:02+00:00\",\"description\":\"Una nuova iniziativa volta a sostenere gli Enti del Terzo Settore e gli Enti Religiosi nella realizzazione di interventi di riqualificazione energetica e di adeguamento edilizio e per sensibilizzare sulle tematiche del risparmio energetico.\",\"breadcrumb\":{\"@id\":\"https:\\\/\\\/www.compagniadisanpaolo.it\\\/it\\\/news\\\/richiesta-di-manifestazione-di-interesse-benefficientiamo\\\/#breadcrumb\"},\"inLanguage\":\"it-IT\",\"potentialAction\":[{\"@type\":\"ReadAction\",\"target\":[\"https:\\\/\\\/www.compagniadisanpaolo.it\\\/it\\\/news\\\/richiesta-di-manifestazione-di-interesse-benefficientiamo\\\/\"]}]},{\"@type\":\"ImageObject\",\"inLanguage\":\"it-IT\",\"@id\":\"https:\\\/\\\/www.compagniadisanpaolo.it\\\/it\\\/news\\\/richiesta-di-manifestazione-di-interesse-benefficientiamo\\\/#primaryimage\",\"url\":\"https:\\\/\\\/www.compagniadisanpaolo.it\\\/wp-content\\\/uploads\\\/head-efficientiamoci-2.jpg\",\"contentUrl\":\"https:\\\/\\\/www.compagniadisanpaolo.it\\\/wp-content\\\/uploads\\\/head-efficientiamoci-2.jpg\",\"width\":815,\"height\":350,\"caption\":\"Bando ebenEfficientiamo\"},{\"@type\":\"BreadcrumbList\",\"@id\":\"https:\\\/\\\/www.compagniadisanpaolo.it\\\/it\\\/news\\\/richiesta-di-manifestazione-di-interesse-benefficientiamo\\\/#breadcrumb\",\"itemListElement\":[{\"@type\":\"ListItem\",\"position\":1,\"name\":\"Home\",\"item\":\"https:\\\/\\\/www.compagniadisanpaolo.it\\\/it\\\/\"},{\"@type\":\"ListItem\",\"position\":2,\"name\":\"Richiesta di manifestazione di interesse: benEfficientiamo\"}]},{\"@type\":\"WebSite\",\"@id\":\"https:\\\/\\\/www.compagniadisanpaolo.it\\\/it\\\/#website\",\"url\":\"https:\\\/\\\/www.compagniadisanpaolo.it\\\/it\\\/\",\"name\":\"Fondazione Compagnia di San Paolo\",\"description\":\"\",\"publisher\":{\"@id\":\"https:\\\/\\\/www.compagniadisanpaolo.it\\\/it\\\/#organization\"},\"potentialAction\":[{\"@type\":\"SearchAction\",\"target\":{\"@type\":\"EntryPoint\",\"urlTemplate\":\"https:\\\/\\\/www.compagniadisanpaolo.it\\\/it\\\/?s={search_term_string}\"},\"query-input\":{\"@type\":\"PropertyValueSpecification\",\"valueRequired\":true,\"valueName\":\"search_term_string\"}}],\"inLanguage\":\"it-IT\"},{\"@type\":\"Organization\",\"@id\":\"https:\\\/\\\/www.compagniadisanpaolo.it\\\/it\\\/#organization\",\"name\":\"Fondazione Compagnia di San Paolo\",\"url\":\"https:\\\/\\\/www.compagniadisanpaolo.it\\\/it\\\/\",\"logo\":{\"@type\":\"ImageObject\",\"inLanguage\":\"it-IT\",\"@id\":\"https:\\\/\\\/www.compagniadisanpaolo.it\\\/it\\\/#\\\/schema\\\/logo\\\/image\\\/\",\"url\":\"https:\\\/\\\/www.compagniadisanpaolo.it\\\/wp-content\\\/uploads\\\/logo.svg\",\"contentUrl\":\"https:\\\/\\\/www.compagniadisanpaolo.it\\\/wp-content\\\/uploads\\\/logo.svg\",\"width\":769,\"height\":323,\"caption\":\"Fondazione Compagnia di San Paolo\"},\"image\":{\"@id\":\"https:\\\/\\\/www.compagniadisanpaolo.it\\\/it\\\/#\\\/schema\\\/logo\\\/image\\\/\"},\"sameAs\":[\"https:\\\/\\\/www.facebook.com\\\/CompagniaDiSanPaolo\",\"https:\\\/\\\/x.com\\\/CSP_live\",\"http:\\\/\\\/instagram.com\\\/compagniadisanpaolo?ref=badge\",\"https:\\\/\\\/www.linkedin.com\\\/company\\\/compagnia-di-san-paolo\",\"https:\\\/\\\/www.youtube.com\\\/user\\\/compagniadisanpaolo\",\"https:\\\/\\\/it.wikipedia.org\\\/wiki\\\/Compagnia_di_San_Paolo\"]},{\"@type\":\"Person\",\"@id\":\"https:\\\/\\\/www.compagniadisanpaolo.it\\\/it\\\/#\\\/schema\\\/person\\\/b7d5451541c25c82f29c5be1e78456b2\",\"name\":\"Federica\",\"image\":{\"@type\":\"ImageObject\",\"inLanguage\":\"it-IT\",\"@id\":\"https:\\\/\\\/secure.gravatar.com\\\/avatar\\\/b5698fa13ac389b1f1fb1263a4626e219d853d7ccf112e854aea8c9c087d24ae?s=96&d=mm&r=g\",\"url\":\"https:\\\/\\\/secure.gravatar.com\\\/avatar\\\/b5698fa13ac389b1f1fb1263a4626e219d853d7ccf112e854aea8c9c087d24ae?s=96&d=mm&r=g\",\"contentUrl\":\"https:\\\/\\\/secure.gravatar.com\\\/avatar\\\/b5698fa13ac389b1f1fb1263a4626e219d853d7ccf112e854aea8c9c087d24ae?s=96&d=mm&r=g\",\"caption\":\"Federica\"}}]}<\/script>\n<!-- \/ Yoast SEO plugin. -->","yoast_head_json":{"title":"Richiesta di manifestazione di interesse: benEfficientiamo - Fondazione Compagnia di San Paolo","description":"Una nuova iniziativa volta a sostenere gli Enti del Terzo Settore e gli Enti Religiosi nella realizzazione di interventi di riqualificazione energetica e di adeguamento edilizio e per sensibilizzare sulle tematiche del risparmio energetico.","robots":{"index":"index","follow":"follow","max-snippet":"max-snippet:-1","max-image-preview":"max-image-preview:large","max-video-preview":"max-video-preview:-1"},"canonical":"https:\/\/www.compagniadisanpaolo.it\/it\/news\/richiesta-di-manifestazione-di-interesse-benefficientiamo\/","og_locale":"it_IT","og_type":"article","og_title":"Richiesta di manifestazione di interesse: benEfficientiamo - Fondazione Compagnia di San Paolo","og_description":"Una nuova iniziativa volta a sostenere gli Enti del Terzo Settore e gli Enti Religiosi nella realizzazione di interventi di riqualificazione energetica e di adeguamento edilizio e per sensibilizzare sulle tematiche del risparmio energetico.","og_url":"https:\/\/www.compagniadisanpaolo.it\/it\/news\/richiesta-di-manifestazione-di-interesse-benefficientiamo\/","og_site_name":"Fondazione Compagnia di San Paolo","article_publisher":"https:\/\/www.facebook.com\/CompagniaDiSanPaolo","article_published_time":"2022-02-08T11:32:58+00:00","article_modified_time":"2022-02-08T11:53:02+00:00","og_image":[{"width":815,"height":350,"url":"https:\/\/www.compagniadisanpaolo.it\/wp-content\/uploads\/head-efficientiamoci-2.jpg","type":"image\/jpeg"}],"author":"Federica","twitter_card":"summary_large_image","twitter_creator":"@CSP_live","twitter_site":"@CSP_live","twitter_misc":{"Scritto da":"Federica","Tempo di lettura stimato":"4 minuti"},"schema":{"@context":"https:\/\/schema.org","@graph":[{"@type":"Article","@id":"https:\/\/www.compagniadisanpaolo.it\/it\/news\/richiesta-di-manifestazione-di-interesse-benefficientiamo\/#article","isPartOf":{"@id":"https:\/\/www.compagniadisanpaolo.it\/it\/news\/richiesta-di-manifestazione-di-interesse-benefficientiamo\/"},"author":{"name":"Federica","@id":"https:\/\/www.compagniadisanpaolo.it\/it\/#\/schema\/person\/b7d5451541c25c82f29c5be1e78456b2"},"headline":"Richiesta di manifestazione di interesse: benEfficientiamo","datePublished":"2022-02-08T11:32:58+00:00","dateModified":"2022-02-08T11:53:02+00:00","mainEntityOfPage":{"@id":"https:\/\/www.compagniadisanpaolo.it\/it\/news\/richiesta-di-manifestazione-di-interesse-benefficientiamo\/"},"wordCount":727,"publisher":{"@id":"https:\/\/www.compagniadisanpaolo.it\/it\/#organization"},"image":{"@id":"https:\/\/www.compagniadisanpaolo.it\/it\/news\/richiesta-di-manifestazione-di-interesse-benefficientiamo\/#primaryimage"},"thumbnailUrl":"https:\/\/www.compagniadisanpaolo.it\/wp-content\/uploads\/head-efficientiamoci-2.jpg","keywords":["comunit\u00e0 educanti","housing collaborativo","innovazione","povert\u00e0 energetica","svolta green"],"articleSection":["News"],"inLanguage":"it-IT"},{"@type":"WebPage","@id":"https:\/\/www.compagniadisanpaolo.it\/it\/news\/richiesta-di-manifestazione-di-interesse-benefficientiamo\/","url":"https:\/\/www.compagniadisanpaolo.it\/it\/news\/richiesta-di-manifestazione-di-interesse-benefficientiamo\/","name":"Richiesta di manifestazione di interesse: benEfficientiamo - Fondazione Compagnia di San Paolo","isPartOf":{"@id":"https:\/\/www.compagniadisanpaolo.it\/it\/#website"},"primaryImageOfPage":{"@id":"https:\/\/www.compagniadisanpaolo.it\/it\/news\/richiesta-di-manifestazione-di-interesse-benefficientiamo\/#primaryimage"},"image":{"@id":"https:\/\/www.compagniadisanpaolo.it\/it\/news\/richiesta-di-manifestazione-di-interesse-benefficientiamo\/#primaryimage"},"thumbnailUrl":"https:\/\/www.compagniadisanpaolo.it\/wp-content\/uploads\/head-efficientiamoci-2.jpg","datePublished":"2022-02-08T11:32:58+00:00","dateModified":"2022-02-08T11:53:02+00:00","description":"Una nuova iniziativa volta a sostenere gli Enti del Terzo Settore e gli Enti Religiosi nella realizzazione di interventi di riqualificazione energetica e di adeguamento edilizio e per sensibilizzare sulle tematiche del risparmio energetico.","breadcrumb":{"@id":"https:\/\/www.compagniadisanpaolo.it\/it\/news\/richiesta-di-manifestazione-di-interesse-benefficientiamo\/#breadcrumb"},"inLanguage":"it-IT","potentialAction":[{"@type":"ReadAction","target":["https:\/\/www.compagniadisanpaolo.it\/it\/news\/richiesta-di-manifestazione-di-interesse-benefficientiamo\/"]}]},{"@type":"ImageObject","inLanguage":"it-IT","@id":"https:\/\/www.compagniadisanpaolo.it\/it\/news\/richiesta-di-manifestazione-di-interesse-benefficientiamo\/#primaryimage","url":"https:\/\/www.compagniadisanpaolo.it\/wp-content\/uploads\/head-efficientiamoci-2.jpg","contentUrl":"https:\/\/www.compagniadisanpaolo.it\/wp-content\/uploads\/head-efficientiamoci-2.jpg","width":815,"height":350,"caption":"Bando ebenEfficientiamo"},{"@type":"BreadcrumbList","@id":"https:\/\/www.compagniadisanpaolo.it\/it\/news\/richiesta-di-manifestazione-di-interesse-benefficientiamo\/#breadcrumb","itemListElement":[{"@type":"ListItem","position":1,"name":"Home","item":"https:\/\/www.compagniadisanpaolo.it\/it\/"},{"@type":"ListItem","position":2,"name":"Richiesta di manifestazione di interesse: benEfficientiamo"}]},{"@type":"WebSite","@id":"https:\/\/www.compagniadisanpaolo.it\/it\/#website","url":"https:\/\/www.compagniadisanpaolo.it\/it\/","name":"Fondazione Compagnia di San Paolo","description":"","publisher":{"@id":"https:\/\/www.compagniadisanpaolo.it\/it\/#organization"},"potentialAction":[{"@type":"SearchAction","target":{"@type":"EntryPoint","urlTemplate":"https:\/\/www.compagniadisanpaolo.it\/it\/?s={search_term_string}"},"query-input":{"@type":"PropertyValueSpecification","valueRequired":true,"valueName":"search_term_string"}}],"inLanguage":"it-IT"},{"@type":"Organization","@id":"https:\/\/www.compagniadisanpaolo.it\/it\/#organization","name":"Fondazione Compagnia di San Paolo","url":"https:\/\/www.compagniadisanpaolo.it\/it\/","logo":{"@type":"ImageObject","inLanguage":"it-IT","@id":"https:\/\/www.compagniadisanpaolo.it\/it\/#\/schema\/logo\/image\/","url":"https:\/\/www.compagniadisanpaolo.it\/wp-content\/uploads\/logo.svg","contentUrl":"https:\/\/www.compagniadisanpaolo.it\/wp-content\/uploads\/logo.svg","width":769,"height":323,"caption":"Fondazione Compagnia di San Paolo"},"image":{"@id":"https:\/\/www.compagniadisanpaolo.it\/it\/#\/schema\/logo\/image\/"},"sameAs":["https:\/\/www.facebook.com\/CompagniaDiSanPaolo","https:\/\/x.com\/CSP_live","http:\/\/instagram.com\/compagniadisanpaolo?ref=badge","https:\/\/www.linkedin.com\/company\/compagnia-di-san-paolo","https:\/\/www.youtube.com\/user\/compagniadisanpaolo","https:\/\/it.wikipedia.org\/wiki\/Compagnia_di_San_Paolo"]},{"@type":"Person","@id":"https:\/\/www.compagniadisanpaolo.it\/it\/#\/schema\/person\/b7d5451541c25c82f29c5be1e78456b2","name":"Federica","image":{"@type":"ImageObject","inLanguage":"it-IT","@id":"https:\/\/secure.gravatar.com\/avatar\/b5698fa13ac389b1f1fb1263a4626e219d853d7ccf112e854aea8c9c087d24ae?s=96&d=mm&r=g","url":"https:\/\/secure.gravatar.com\/avatar\/b5698fa13ac389b1f1fb1263a4626e219d853d7ccf112e854aea8c9c087d24ae?s=96&d=mm&r=g","contentUrl":"https:\/\/secure.gravatar.com\/avatar\/b5698fa13ac389b1f1fb1263a4626e219d853d7ccf112e854aea8c9c087d24ae?s=96&d=mm&r=g","caption":"Federica"}}]}},"amp_enabled":true,"_links":{"self":[{"href":"https:\/\/www.compagniadisanpaolo.it\/it\/wp-json\/wp\/v2\/posts\/16707","targetHints":{"allow":["GET"]}}],"collection":[{"href":"https:\/\/www.compagniadisanpaolo.it\/it\/wp-json\/wp\/v2\/posts"}],"about":[{"href":"https:\/\/www.compagniadisanpaolo.it\/it\/wp-json\/wp\/v2\/types\/post"}],"author":[{"embeddable":true,"href":"https:\/\/www.compagniadisanpaolo.it\/it\/wp-json\/wp\/v2\/users\/19"}],"replies":[{"embeddable":true,"href":"https:\/\/www.compagniadisanpaolo.it\/it\/wp-json\/wp\/v2\/comments?post=16707"}],"version-history":[{"count":3,"href":"https:\/\/www.compagniadisanpaolo.it\/it\/wp-json\/wp\/v2\/posts\/16707\/revisions"}],"predecessor-version":[{"id":16710,"href":"https:\/\/www.compagniadisanpaolo.it\/it\/wp-json\/wp\/v2\/posts\/16707\/revisions\/16710"}],"wp:featuredmedia":[{"embeddable":true,"href":"https:\/\/www.compagniadisanpaolo.it\/it\/wp-json\/wp\/v2\/media\/16716"}],"wp:attachment":[{"href":"https:\/\/www.compagniadisanpaolo.it\/it\/wp-json\/wp\/v2\/media?parent=16707"}],"wp:term":[{"taxonomy":"category","embeddable":true,"href":"https:\/\/www.compagniadisanpaolo.it\/it\/wp-json\/wp\/v2\/categories?post=16707"},{"taxonomy":"post_tag","embeddable":true,"href":"https:\/\/www.compagniadisanpaolo.it\/it\/wp-json\/wp\/v2\/tags?post=16707"}],"curies":[{"name":"wp","href":"https:\/\/api.w.org\/{rel}","templated":true}]}}