{"id":16557,"date":"2022-01-25T12:18:17","date_gmt":"2022-01-25T11:18:17","guid":{"rendered":"https:\/\/www.compagniadisanpaolo.it\/?p=16557"},"modified":"2024-03-08T13:25:53","modified_gmt":"2024-03-08T12:25:53","slug":"il-primo-acceleratore-italiano-di-startup-dedicato-alle-smart-cities-e-a-torino","status":"publish","type":"post","link":"https:\/\/www.compagniadisanpaolo.it\/it\/news\/il-primo-acceleratore-italiano-di-startup-dedicato-alle-smart-cities-e-a-torino\/","title":{"rendered":"Il primo acceleratore italiano di startup dedicato alle &#8220;Smart Cities&#8221; \u00e8 a Torino"},"content":{"rendered":"<div class=\"wpb-content-wrapper\">[vc_row][vc_column][vc_column_text el_class=&#8221;text-headline2&#8243;]Il programma \u201cTorino Cities of the Future Accelerator\u201d prende il via oggi con una classe composta da <a href=\"https:\/\/www.techstars.com\/newsroom\/announcing-the-2022-class-of-the-torino-cities-of-the-future-accelerator\" target=\"_blank\" rel=\"noopener\">12 startup<\/a> ad alto potenziale di crescita provenienti da diversi paesi europei.[\/vc_column_text][\/vc_column][\/vc_row][vc_row][vc_column][vc_column_text]\n<div class=\"info-box mission\">\n\t\t<div class=\"info-box-wrap info-box-hor row pb-0\">\n\n\t\t      \n\t\t      <div class=\"spalla col-12 col-md-12\">\n\t\t\t<div class=\"info-box sharing-box\">\n\t\t\t  <span class=\"label\">Condividi:<\/span>\n\t\t\t  <div class=\"social-sharing\">\n\t\t\t    <span class=\"box\">\n\t\t\t      <a class=\"fb\" href=\"https:\/\/www.facebook.com\/sharer.php?u=https:\/\/www.compagniadisanpaolo.it\/it\/news\/il-primo-acceleratore-italiano-di-startup-dedicato-alle-smart-cities-e-a-torino\/\" target=\"_blank\">\n\t\t\t\t<span class=\"sr-only\">Facebook<\/span>\n\t\t\t\t<i class=\"fab fa-facebook-f\"><\/i>\n\t\t\t      <\/a>\n\t\t\t    <\/span>\n\t\t\t    \n\t\t\t    <style>\n.twitter, .twitter:hover{\ncolor:#000000 !important;}\n<\/style>\n\n\n\t\t\t    <span class=\"box\">\n\t\t\t      <a class=\"twitter\" href=\"https:\/\/twitter.com\/intent\/tweet?url=https:\/\/www.compagniadisanpaolo.it\/it\/news\/il-primo-acceleratore-italiano-di-startup-dedicato-alle-smart-cities-e-a-torino\/\">\n\t\t\t\t<span class=\"sr-only\">Twitter<\/span>\n\t\t\t\t<i class=\"fa-brands fa-x-twitter\"><\/i>\n\t\t\t      <\/a>\n\t\t\t    <\/span>\n\n\t\t\t    \n\t\t\t    <span class=\"box\">\n\t\t\t      <a class=\"linkedin\" href=\"https:\/\/www.linkedin.com\/shareArticle?mini=true&url=https:\/\/www.compagniadisanpaolo.it\/it\/news\/il-primo-acceleratore-italiano-di-startup-dedicato-alle-smart-cities-e-a-torino\/\">\n\t\t\t\t<span class=\"sr-only\">Linkedin<\/span>\n\t\t\t\t  <i class=\"fa-brands fa-linkedin-in\"><\/i>\n\t\t\t      <\/a>\n\t\t\t    <\/span>\n\n\t\t\t    <span class=\"box\">\n\t\t\t      <a class=\"whatsapp\" href=\"whatsapp:\/\/send?text=https:\/\/www.compagniadisanpaolo.it\/it\/news\/il-primo-acceleratore-italiano-di-startup-dedicato-alle-smart-cities-e-a-torino\/\" data-action=\"share\/whatsapp\/share\">\n\t\t\t\t<span class=\"sr-only\">Whatsapp<\/span>\n\t\t\t\t<i class=\"fa-brands fa-whatsapp\"><\/i>\n\t\t\t      <\/a>\n\t\t\t    <\/span>\n\n\t\t\t    <span class=\"box\">\n\t\t\t      <a class=\"mail\" href=\"mailto:?subject=Il primo acceleratore italiano di startup dedicato alle \"Smart Cities\" \u00e8 a Torino&body=https:\/\/www.compagniadisanpaolo.it\/it\/news\/il-primo-acceleratore-italiano-di-startup-dedicato-alle-smart-cities-e-a-torino\/\">\n\t\t\t\t<span class=\"sr-only\">Mail<\/span>\n\t\t\t\t <i class=\"fa-solid fa-envelope\"><\/i>\n\t\t\t      <\/a>\n\t\t\t    <\/span>\n\t\t\t    \n\t\t\t  <\/div>\n\t\t\t<\/div>\n\t      <\/div>\n\t    <\/div><\/div>\n[\/vc_column_text][\/vc_column][\/vc_row][vc_row][vc_column width=&#8221;1\/4&#8243;][vc_column_text]\n\n\n\t\t<div class=\"info-box-wrap\">\n\n\t  <div class=\"info-box date-pub\">\n\t  \t<span class=\"label\">Data di pubblicazione:<\/span>\n\t    <span class=\"value\">25 Gennaio 2022<\/span>\n\t  <\/div>\n\t\t\t\t  <div class=\"info-box obj-institutional\">\n\t\t\t\t\t  <div class=\"info-box obj\">\n\t\t\t\t\t    <div class=\"obj-small-box\">\n\t\t\t\t\t      <span>Istituzionale<\/span>\n\t\t\t\t\t    <\/div>\n\t\t\t\t\t  <\/div>\n\t\t\t\t  <\/div>\n\t\t\t  <div class=\"info-box mission\"><span class=\"label\">Tag<\/span><a href=\"https:\/\/www.compagniadisanpaolo.it\/it\/tags\/risultati\/?_sft_post_tag=comunita-educanti\" class=\"tag-element\">Comunit\u00e0 educanti<\/a><a href=\"https:\/\/www.compagniadisanpaolo.it\/it\/tags\/risultati\/?_sft_post_tag=nuove-generazioni\" class=\"tag-element\">Nuove generazioni<\/a><a href=\"https:\/\/www.compagniadisanpaolo.it\/it\/tags\/risultati\/?_sft_post_tag=sviluppo-organizzativo\" class=\"tag-element\">Sviluppo organizzativo<\/a><a href=\"https:\/\/www.compagniadisanpaolo.it\/it\/tags\/risultati\/?_sft_post_tag=sviluppo-sostenibile\" class=\"tag-element\">Sviluppo sostenibile<\/a><a href=\"https:\/\/www.compagniadisanpaolo.it\/it\/tags\/risultati\/?_sft_post_tag=wellbeing\" class=\"tag-element\">Wellbeing<\/a><\/div>\t  \n\t<\/div>\n[\/vc_column_text][\/vc_column][vc_column width=&#8221;3\/4&#8243; el_class=&#8221;page-content&#8221;][vc_column_text el_class=&#8221;text&#8221;]La <strong>Fondazione<\/strong> <strong>Compagnia di San Paolo<\/strong>, la <a href=\"https:\/\/www.fondazionecrt.it\/\" target=\"_blank\" rel=\"noopener\"><strong>Fondazione CRT<\/strong><\/a>\u00a0e <a href=\"https:\/\/www.intesasanpaoloinnovationcenter.com\/it\" target=\"_blank\" rel=\"noopener\"><strong>Intesa Sanpaolo Innovation Center<\/strong><\/a>\u00a0in collaborazione con <a href=\"https:\/\/www.techstars.com\/\" target=\"_blank\" rel=\"noopener\"><strong>Techstars<\/strong><\/a>, leader globale che supporta la crescita e lo sviluppo delle startup, lanciano \u201c<strong>Torino Cities of the Future Accelerator<\/strong>\u201d.<\/p>\n<p>L\u2019iniziativa, che rientra nella pi\u00f9 ampia partnership avviata nel 2019, ha come obiettivo quello di <strong>favorire lo<\/strong> <strong>sviluppo della citt\u00e0 di Torino come ecosistema internazionale per l\u2019innovazione<\/strong> e la sua affermazione come modello di successo in Italia e in Europa.<\/p>\n<p>Il programma <em>Torino Cities of the Future Accelerator<\/em>, evoluzione del <em>Techstars Smart Mobility<\/em> che <strong>ha gi\u00e0 accelerato 23 startup internazionali in due anni<\/strong>, offrir\u00e0 ampie opportunit\u00e0 di crescita alle realt\u00e0 che sviluppano soluzioni innovative in ambiti strategici <strong>per citt\u00e0 pi\u00f9 efficienti e funzionali<\/strong>, soprattutto in settori quali <strong>trasporti, housing, energy, infrastrutture<\/strong> e servizi base come <strong>istruzione<\/strong> e <strong>assistenza sanitaria<\/strong>.<\/p>\n<p>Il programma prende il via oggi con una classe composta da 12 startup ad alto potenziale di crescita provenienti da 8 paesi europei.<\/p>\n<p>\u201c<em>Torino Cities of the Future Techstars Accelerator intende far leva sul talento imprenditoriale per sviluppare soluzioni di frontiera che rendano le citt\u00e0 di domani maggiormente sostenibili, inclusive e resilienti secondo una logica SDG.<\/em>\u201d \u2013 ha dichiarato <a href=\"https:\/\/www.compagniadisanpaolo.it\/it\/fondazione\/organi\/francesco-profumo-presidente\/\" target=\"_blank\" rel=\"noopener\"><strong>Francesco Profumo,<\/strong>\u00a0<strong>Presidente della Fondazione Compagnia di San Paolo<\/strong><\/a> \u2013 \u201c<em>In una prospettiva di ecosistema, il rafforzamento della partnership con Techstars rappresenta un prezioso volano per l\u2019attrazione di startup ad alto potenziale che possano stabilizzarsi e crescere sul nostro territorio. \u00c8 quindi con entusiasmo<\/em>\u201d \u2013 continua il <strong>Presidente Profumo<\/strong> \u2013 \u201c<em>che la Compagnia di San Paolo rinnova il proprio sostegno a questo programma, che costituisce un fondamentale tassello della <a href=\"https:\/\/www.compagniadisanpaolo.it\/it\/news\/una-precisa-idea-di-fondazione-guardare-lontano-per-agire-nel-presente\/?noamp=mobile\" target=\"_blank\" rel=\"noopener\">strategia pluriennale messa in campo dalla nostra Fondazione<\/a> al fine di posizionare Torino sulla mappa europea degli ecosistemi dell\u2019innovazione<\/em>\u201d.<\/p>\n<p><a href=\"https:\/\/www.compagniadisanpaolo.it\/it\/comunicati-stampa\/a-torino-il-primo-acceleratore-italiano-di-startup-dedicato-alle-smart-cities\/\" target=\"_blank\" rel=\"noopener\">Leggi il comunicato stampa<\/a>.[\/vc_column_text][\/vc_column][\/vc_row][vc_row el_class=&#8221;sdg-list-wrap&#8221;][vc_column][vc_raw_html]JTVCbW9zdHJhU0RHUyU1RA==[\/vc_raw_html][\/vc_column][\/vc_row][vc_row el_class=&#8221;sdg-list-wrap&#8221;][vc_column][vc_raw_html]JTVCU2V6aW9uZV9Eb2N1bWVudGklNUQ=[\/vc_raw_html][\/vc_column][\/vc_row][vc_row][vc_column]<div class=\"templatera_shortcode\"><div data-vc-full-width=\"true\" data-vc-full-width-temp=\"true\" data-vc-full-width-init=\"false\" class=\"vc_row wpb_row vc_row-fluid newsletter-wrap\"><div class=\"wpb_column vc_column_container vc_col-sm-12\"><div class=\"vc_column-inner\"><div class=\"wpb_wrapper\">\n\t<div class=\"wpb_raw_code wpb_raw_html wpb_content_element\" >\n\t\t<div class=\"wpb_wrapper\">\n\t\t\t    <div class=\"container\">\n      <div class=\"row align-items-center\">\n\t<div class=\"col-12 col-lg-6 col-xl-5 mb-3 mb-lg-0 pr-0\">\n\t  <h2 class=\"title\">Rimani aggiornato sui nostri bandi e sui nostri progetti<\/h2>\n\t<\/div>\n\t<div class=\"col-12 col-lg-6 col-xl-7 pl-xl-4\">\n\t  <a class=\"standard-link-block\" href=\"\/it\/newsletter\/\">\n\t    Compila il form e decidi su quale argomento vuoi ricevere notizie.\t    <strong>\u00a0 ISCRIVITI!<\/strong>\n\t  <\/a>\n\t<\/div>\n      <\/div>\n    <\/div>\n\t\t<\/div>\n\t<\/div>\n<\/div><\/div><\/div><\/div><div class=\"vc_row-full-width vc_clearfix\"><\/div><\/div>[\/vc_column][\/vc_row]\n<\/div>","protected":false},"excerpt":{"rendered":"Il programma \u201cTorino Cities of the Future Accelerator\u201d prende il via oggi con una classe composta da 12 startup ad alto potenziale di crescita provenienti da diversi paesi europei. Condividi: Facebook Twitter Linkedin Whatsapp Mail Data di pubblicazione: 25 Gennaio 2022 Istituzionale TagComunit\u00e0 educantiNuove generazioniSviluppo organizzativoSviluppo sostenibileWellbeing La Fondazione Compagnia di San Paolo, la Fondazione CRT\u00a0e Intesa Sanpaolo Innovation Center\u00a0in collaborazione con Techstars, leader globale che supporta la crescita e lo sviluppo delle startup, lanciano \u201cTorino Cities of the Future Accelerator\u201d. L\u2019iniziativa, che rientra nella pi\u00f9 ampia partnership avviata nel 2019, ha come obiettivo quello di favorire lo sviluppo della citt\u00e0 di Torino come ecosistema internazionale per l\u2019innovazione e la sua affermazione come modello di successo in Italia e in Europa. Il programma Torino Cities of the Future Accelerator, evoluzione del Techstars Smart Mobility che ha gi\u00e0 accelerato 23 startup internazionali in due anni, offrir\u00e0 ampie opportunit\u00e0 di crescita alle realt\u00e0 che sviluppano soluzioni innovative in ambiti strategici per citt\u00e0 pi\u00f9 efficienti e funzionali, soprattutto in settori quali trasporti, housing, energy, infrastrutture e servizi base come istruzione e assistenza sanitaria. Il programma prende il via oggi con una classe composta da 12 startup ad alto potenziale di crescita provenienti da 8 paesi europei. \u201cTorino Cities of the Future Techstars Accelerator intende far leva sul talento imprenditoriale per sviluppare soluzioni di frontiera che rendano le citt\u00e0 di domani maggiormente sostenibili, inclusive e resilienti secondo una logica SDG.\u201d \u2013 ha dichiarato Francesco Profumo,\u00a0Presidente della Fondazione Compagnia di San Paolo \u2013 \u201cIn una prospettiva di ecosistema, il rafforzamento della partnership con Techstars rappresenta un prezioso volano per l\u2019attrazione di startup ad alto potenziale che possano stabilizzarsi e crescere sul nostro territorio. \u00c8 quindi con entusiasmo\u201d \u2013 continua il Presidente Profumo \u2013 \u201cche la Compagnia di San Paolo rinnova il proprio sostegno a questo programma, che costituisce un fondamentale tassello della strategia pluriennale messa in campo dalla nostra Fondazione al fine di posizionare Torino sulla mappa europea degli ecosistemi dell\u2019innovazione\u201d. Leggi il comunicato stampa. Questa iniziativa contribuisce al raggiungimento dei seguenti Obiettivi di Sviluppo Sostenibile Rimani aggiornato sui nostri bandi e sui nostri progetti Compila il form e decidi su quale argomento vuoi ricevere notizie. \u00a0 ISCRIVITI!","protected":false},"author":19,"featured_media":15778,"comment_status":"closed","ping_status":"closed","sticky":false,"template":"","format":"standard","meta":{"_acf_changed":false,"content-type":"","footnotes":""},"categories":[17],"tags":[81,54,61,68,78],"class_list":["post-16557","post","type-post","status-publish","format-standard","has-post-thumbnail","hentry","category-news","tag-comunita-educanti","tag-nuove-generazioni","tag-sviluppo-organizzativo","tag-sviluppo-sostenibile","tag-wellbeing","entry","post-inner"],"acf":[],"yoast_head":"<!-- This site is optimized with the Yoast SEO plugin v27.3 - https:\/\/yoast.com\/product\/yoast-seo-wordpress\/ -->\n<title>Il primo acceleratore italiano di startup dedicato alle &quot;Smart Cities&quot; \u00e8 a Torino - Fondazione Compagnia di San Paolo<\/title>\n<meta name=\"description\" content=\"La Fondazione contribuisce a rendere le amministrazioni locali maggiormente \u201ca prova di futuro\u201d in quanto forze motrici di un cambiamento sostenibile.\" \/>\n<meta name=\"robots\" content=\"index, follow, max-snippet:-1, max-image-preview:large, max-video-preview:-1\" \/>\n<link rel=\"canonical\" href=\"https:\/\/www.compagniadisanpaolo.it\/it\/news\/il-primo-acceleratore-italiano-di-startup-dedicato-alle-smart-cities-e-a-torino\/\" \/>\n<meta property=\"og:locale\" content=\"it_IT\" \/>\n<meta property=\"og:type\" content=\"article\" \/>\n<meta property=\"og:title\" content=\"Il primo acceleratore italiano di startup dedicato alle &quot;Smart Cities&quot; \u00e8 a Torino - Fondazione Compagnia di San Paolo\" \/>\n<meta property=\"og:description\" content=\"La Fondazione contribuisce a rendere le amministrazioni locali maggiormente \u201ca prova di futuro\u201d in quanto forze motrici di un cambiamento sostenibile.\" \/>\n<meta property=\"og:url\" content=\"https:\/\/www.compagniadisanpaolo.it\/it\/news\/il-primo-acceleratore-italiano-di-startup-dedicato-alle-smart-cities-e-a-torino\/\" \/>\n<meta property=\"og:site_name\" content=\"Fondazione Compagnia di San Paolo\" \/>\n<meta property=\"article:publisher\" content=\"https:\/\/www.facebook.com\/CompagniaDiSanPaolo\" \/>\n<meta property=\"article:published_time\" content=\"2022-01-25T11:18:17+00:00\" \/>\n<meta property=\"article:modified_time\" content=\"2024-03-08T12:25:53+00:00\" \/>\n<meta property=\"og:image\" content=\"https:\/\/www.compagniadisanpaolo.it\/wp-content\/uploads\/Copertina-news-11.jpg\" \/>\n\t<meta property=\"og:image:width\" content=\"815\" \/>\n\t<meta property=\"og:image:height\" content=\"350\" \/>\n\t<meta property=\"og:image:type\" content=\"image\/jpeg\" \/>\n<meta name=\"author\" content=\"Federica\" \/>\n<meta name=\"twitter:card\" content=\"summary_large_image\" \/>\n<meta name=\"twitter:creator\" content=\"@CSP_live\" \/>\n<meta name=\"twitter:site\" content=\"@CSP_live\" \/>\n<meta name=\"twitter:label1\" content=\"Scritto da\" \/>\n\t<meta name=\"twitter:data1\" content=\"Federica\" \/>\n\t<meta name=\"twitter:label2\" content=\"Tempo di lettura stimato\" \/>\n\t<meta name=\"twitter:data2\" content=\"2 minuti\" \/>\n<script type=\"application\/ld+json\" class=\"yoast-schema-graph\">{\"@context\":\"https:\\\/\\\/schema.org\",\"@graph\":[{\"@type\":\"Article\",\"@id\":\"https:\\\/\\\/www.compagniadisanpaolo.it\\\/it\\\/news\\\/il-primo-acceleratore-italiano-di-startup-dedicato-alle-smart-cities-e-a-torino\\\/#article\",\"isPartOf\":{\"@id\":\"https:\\\/\\\/www.compagniadisanpaolo.it\\\/it\\\/news\\\/il-primo-acceleratore-italiano-di-startup-dedicato-alle-smart-cities-e-a-torino\\\/\"},\"author\":{\"name\":\"Federica\",\"@id\":\"https:\\\/\\\/www.compagniadisanpaolo.it\\\/it\\\/#\\\/schema\\\/person\\\/b7d5451541c25c82f29c5be1e78456b2\"},\"headline\":\"Il primo acceleratore italiano di startup dedicato alle &#8220;Smart Cities&#8221; \u00e8 a Torino\",\"datePublished\":\"2022-01-25T11:18:17+00:00\",\"dateModified\":\"2024-03-08T12:25:53+00:00\",\"mainEntityOfPage\":{\"@id\":\"https:\\\/\\\/www.compagniadisanpaolo.it\\\/it\\\/news\\\/il-primo-acceleratore-italiano-di-startup-dedicato-alle-smart-cities-e-a-torino\\\/\"},\"wordCount\":442,\"publisher\":{\"@id\":\"https:\\\/\\\/www.compagniadisanpaolo.it\\\/it\\\/#organization\"},\"image\":{\"@id\":\"https:\\\/\\\/www.compagniadisanpaolo.it\\\/it\\\/news\\\/il-primo-acceleratore-italiano-di-startup-dedicato-alle-smart-cities-e-a-torino\\\/#primaryimage\"},\"thumbnailUrl\":\"https:\\\/\\\/www.compagniadisanpaolo.it\\\/wp-content\\\/uploads\\\/Copertina-news-11.jpg\",\"keywords\":[\"comunit\u00e0 educanti\",\"nuove generazioni\",\"sviluppo organizzativo\",\"sviluppo sostenibile\",\"wellbeing\"],\"articleSection\":[\"News\"],\"inLanguage\":\"it-IT\"},{\"@type\":\"WebPage\",\"@id\":\"https:\\\/\\\/www.compagniadisanpaolo.it\\\/it\\\/news\\\/il-primo-acceleratore-italiano-di-startup-dedicato-alle-smart-cities-e-a-torino\\\/\",\"url\":\"https:\\\/\\\/www.compagniadisanpaolo.it\\\/it\\\/news\\\/il-primo-acceleratore-italiano-di-startup-dedicato-alle-smart-cities-e-a-torino\\\/\",\"name\":\"Il primo acceleratore italiano di startup dedicato alle \\\"Smart Cities\\\" \u00e8 a Torino - Fondazione Compagnia di San Paolo\",\"isPartOf\":{\"@id\":\"https:\\\/\\\/www.compagniadisanpaolo.it\\\/it\\\/#website\"},\"primaryImageOfPage\":{\"@id\":\"https:\\\/\\\/www.compagniadisanpaolo.it\\\/it\\\/news\\\/il-primo-acceleratore-italiano-di-startup-dedicato-alle-smart-cities-e-a-torino\\\/#primaryimage\"},\"image\":{\"@id\":\"https:\\\/\\\/www.compagniadisanpaolo.it\\\/it\\\/news\\\/il-primo-acceleratore-italiano-di-startup-dedicato-alle-smart-cities-e-a-torino\\\/#primaryimage\"},\"thumbnailUrl\":\"https:\\\/\\\/www.compagniadisanpaolo.it\\\/wp-content\\\/uploads\\\/Copertina-news-11.jpg\",\"datePublished\":\"2022-01-25T11:18:17+00:00\",\"dateModified\":\"2024-03-08T12:25:53+00:00\",\"description\":\"La Fondazione contribuisce a rendere le amministrazioni locali maggiormente \u201ca prova di futuro\u201d in quanto forze motrici di un cambiamento sostenibile.\",\"breadcrumb\":{\"@id\":\"https:\\\/\\\/www.compagniadisanpaolo.it\\\/it\\\/news\\\/il-primo-acceleratore-italiano-di-startup-dedicato-alle-smart-cities-e-a-torino\\\/#breadcrumb\"},\"inLanguage\":\"it-IT\",\"potentialAction\":[{\"@type\":\"ReadAction\",\"target\":[\"https:\\\/\\\/www.compagniadisanpaolo.it\\\/it\\\/news\\\/il-primo-acceleratore-italiano-di-startup-dedicato-alle-smart-cities-e-a-torino\\\/\"]}]},{\"@type\":\"ImageObject\",\"inLanguage\":\"it-IT\",\"@id\":\"https:\\\/\\\/www.compagniadisanpaolo.it\\\/it\\\/news\\\/il-primo-acceleratore-italiano-di-startup-dedicato-alle-smart-cities-e-a-torino\\\/#primaryimage\",\"url\":\"https:\\\/\\\/www.compagniadisanpaolo.it\\\/wp-content\\\/uploads\\\/Copertina-news-11.jpg\",\"contentUrl\":\"https:\\\/\\\/www.compagniadisanpaolo.it\\\/wp-content\\\/uploads\\\/Copertina-news-11.jpg\",\"width\":815,\"height\":350},{\"@type\":\"BreadcrumbList\",\"@id\":\"https:\\\/\\\/www.compagniadisanpaolo.it\\\/it\\\/news\\\/il-primo-acceleratore-italiano-di-startup-dedicato-alle-smart-cities-e-a-torino\\\/#breadcrumb\",\"itemListElement\":[{\"@type\":\"ListItem\",\"position\":1,\"name\":\"Home\",\"item\":\"https:\\\/\\\/www.compagniadisanpaolo.it\\\/it\\\/\"},{\"@type\":\"ListItem\",\"position\":2,\"name\":\"Il primo acceleratore italiano di startup dedicato alle &#8220;Smart Cities&#8221; \u00e8 a Torino\"}]},{\"@type\":\"WebSite\",\"@id\":\"https:\\\/\\\/www.compagniadisanpaolo.it\\\/it\\\/#website\",\"url\":\"https:\\\/\\\/www.compagniadisanpaolo.it\\\/it\\\/\",\"name\":\"Fondazione Compagnia di San Paolo\",\"description\":\"\",\"publisher\":{\"@id\":\"https:\\\/\\\/www.compagniadisanpaolo.it\\\/it\\\/#organization\"},\"potentialAction\":[{\"@type\":\"SearchAction\",\"target\":{\"@type\":\"EntryPoint\",\"urlTemplate\":\"https:\\\/\\\/www.compagniadisanpaolo.it\\\/it\\\/?s={search_term_string}\"},\"query-input\":{\"@type\":\"PropertyValueSpecification\",\"valueRequired\":true,\"valueName\":\"search_term_string\"}}],\"inLanguage\":\"it-IT\"},{\"@type\":\"Organization\",\"@id\":\"https:\\\/\\\/www.compagniadisanpaolo.it\\\/it\\\/#organization\",\"name\":\"Fondazione Compagnia di San Paolo\",\"url\":\"https:\\\/\\\/www.compagniadisanpaolo.it\\\/it\\\/\",\"logo\":{\"@type\":\"ImageObject\",\"inLanguage\":\"it-IT\",\"@id\":\"https:\\\/\\\/www.compagniadisanpaolo.it\\\/it\\\/#\\\/schema\\\/logo\\\/image\\\/\",\"url\":\"https:\\\/\\\/www.compagniadisanpaolo.it\\\/wp-content\\\/uploads\\\/logo.svg\",\"contentUrl\":\"https:\\\/\\\/www.compagniadisanpaolo.it\\\/wp-content\\\/uploads\\\/logo.svg\",\"width\":769,\"height\":323,\"caption\":\"Fondazione Compagnia di San Paolo\"},\"image\":{\"@id\":\"https:\\\/\\\/www.compagniadisanpaolo.it\\\/it\\\/#\\\/schema\\\/logo\\\/image\\\/\"},\"sameAs\":[\"https:\\\/\\\/www.facebook.com\\\/CompagniaDiSanPaolo\",\"https:\\\/\\\/x.com\\\/CSP_live\",\"http:\\\/\\\/instagram.com\\\/compagniadisanpaolo?ref=badge\",\"https:\\\/\\\/www.linkedin.com\\\/company\\\/compagnia-di-san-paolo\",\"https:\\\/\\\/www.youtube.com\\\/user\\\/compagniadisanpaolo\",\"https:\\\/\\\/it.wikipedia.org\\\/wiki\\\/Compagnia_di_San_Paolo\"]},{\"@type\":\"Person\",\"@id\":\"https:\\\/\\\/www.compagniadisanpaolo.it\\\/it\\\/#\\\/schema\\\/person\\\/b7d5451541c25c82f29c5be1e78456b2\",\"name\":\"Federica\",\"image\":{\"@type\":\"ImageObject\",\"inLanguage\":\"it-IT\",\"@id\":\"https:\\\/\\\/secure.gravatar.com\\\/avatar\\\/b5698fa13ac389b1f1fb1263a4626e219d853d7ccf112e854aea8c9c087d24ae?s=96&d=mm&r=g\",\"url\":\"https:\\\/\\\/secure.gravatar.com\\\/avatar\\\/b5698fa13ac389b1f1fb1263a4626e219d853d7ccf112e854aea8c9c087d24ae?s=96&d=mm&r=g\",\"contentUrl\":\"https:\\\/\\\/secure.gravatar.com\\\/avatar\\\/b5698fa13ac389b1f1fb1263a4626e219d853d7ccf112e854aea8c9c087d24ae?s=96&d=mm&r=g\",\"caption\":\"Federica\"}}]}<\/script>\n<!-- \/ Yoast SEO plugin. -->","yoast_head_json":{"title":"Il primo acceleratore italiano di startup dedicato alle \"Smart Cities\" \u00e8 a Torino - Fondazione Compagnia di San Paolo","description":"La Fondazione contribuisce a rendere le amministrazioni locali maggiormente \u201ca prova di futuro\u201d in quanto forze motrici di un cambiamento sostenibile.","robots":{"index":"index","follow":"follow","max-snippet":"max-snippet:-1","max-image-preview":"max-image-preview:large","max-video-preview":"max-video-preview:-1"},"canonical":"https:\/\/www.compagniadisanpaolo.it\/it\/news\/il-primo-acceleratore-italiano-di-startup-dedicato-alle-smart-cities-e-a-torino\/","og_locale":"it_IT","og_type":"article","og_title":"Il primo acceleratore italiano di startup dedicato alle \"Smart Cities\" \u00e8 a Torino - Fondazione Compagnia di San Paolo","og_description":"La Fondazione contribuisce a rendere le amministrazioni locali maggiormente \u201ca prova di futuro\u201d in quanto forze motrici di un cambiamento sostenibile.","og_url":"https:\/\/www.compagniadisanpaolo.it\/it\/news\/il-primo-acceleratore-italiano-di-startup-dedicato-alle-smart-cities-e-a-torino\/","og_site_name":"Fondazione Compagnia di San Paolo","article_publisher":"https:\/\/www.facebook.com\/CompagniaDiSanPaolo","article_published_time":"2022-01-25T11:18:17+00:00","article_modified_time":"2024-03-08T12:25:53+00:00","og_image":[{"width":815,"height":350,"url":"https:\/\/www.compagniadisanpaolo.it\/wp-content\/uploads\/Copertina-news-11.jpg","type":"image\/jpeg"}],"author":"Federica","twitter_card":"summary_large_image","twitter_creator":"@CSP_live","twitter_site":"@CSP_live","twitter_misc":{"Scritto da":"Federica","Tempo di lettura stimato":"2 minuti"},"schema":{"@context":"https:\/\/schema.org","@graph":[{"@type":"Article","@id":"https:\/\/www.compagniadisanpaolo.it\/it\/news\/il-primo-acceleratore-italiano-di-startup-dedicato-alle-smart-cities-e-a-torino\/#article","isPartOf":{"@id":"https:\/\/www.compagniadisanpaolo.it\/it\/news\/il-primo-acceleratore-italiano-di-startup-dedicato-alle-smart-cities-e-a-torino\/"},"author":{"name":"Federica","@id":"https:\/\/www.compagniadisanpaolo.it\/it\/#\/schema\/person\/b7d5451541c25c82f29c5be1e78456b2"},"headline":"Il primo acceleratore italiano di startup dedicato alle &#8220;Smart Cities&#8221; \u00e8 a Torino","datePublished":"2022-01-25T11:18:17+00:00","dateModified":"2024-03-08T12:25:53+00:00","mainEntityOfPage":{"@id":"https:\/\/www.compagniadisanpaolo.it\/it\/news\/il-primo-acceleratore-italiano-di-startup-dedicato-alle-smart-cities-e-a-torino\/"},"wordCount":442,"publisher":{"@id":"https:\/\/www.compagniadisanpaolo.it\/it\/#organization"},"image":{"@id":"https:\/\/www.compagniadisanpaolo.it\/it\/news\/il-primo-acceleratore-italiano-di-startup-dedicato-alle-smart-cities-e-a-torino\/#primaryimage"},"thumbnailUrl":"https:\/\/www.compagniadisanpaolo.it\/wp-content\/uploads\/Copertina-news-11.jpg","keywords":["comunit\u00e0 educanti","nuove generazioni","sviluppo organizzativo","sviluppo sostenibile","wellbeing"],"articleSection":["News"],"inLanguage":"it-IT"},{"@type":"WebPage","@id":"https:\/\/www.compagniadisanpaolo.it\/it\/news\/il-primo-acceleratore-italiano-di-startup-dedicato-alle-smart-cities-e-a-torino\/","url":"https:\/\/www.compagniadisanpaolo.it\/it\/news\/il-primo-acceleratore-italiano-di-startup-dedicato-alle-smart-cities-e-a-torino\/","name":"Il primo acceleratore italiano di startup dedicato alle \"Smart Cities\" \u00e8 a Torino - Fondazione Compagnia di San Paolo","isPartOf":{"@id":"https:\/\/www.compagniadisanpaolo.it\/it\/#website"},"primaryImageOfPage":{"@id":"https:\/\/www.compagniadisanpaolo.it\/it\/news\/il-primo-acceleratore-italiano-di-startup-dedicato-alle-smart-cities-e-a-torino\/#primaryimage"},"image":{"@id":"https:\/\/www.compagniadisanpaolo.it\/it\/news\/il-primo-acceleratore-italiano-di-startup-dedicato-alle-smart-cities-e-a-torino\/#primaryimage"},"thumbnailUrl":"https:\/\/www.compagniadisanpaolo.it\/wp-content\/uploads\/Copertina-news-11.jpg","datePublished":"2022-01-25T11:18:17+00:00","dateModified":"2024-03-08T12:25:53+00:00","description":"La Fondazione contribuisce a rendere le amministrazioni locali maggiormente \u201ca prova di futuro\u201d in quanto forze motrici di un cambiamento sostenibile.","breadcrumb":{"@id":"https:\/\/www.compagniadisanpaolo.it\/it\/news\/il-primo-acceleratore-italiano-di-startup-dedicato-alle-smart-cities-e-a-torino\/#breadcrumb"},"inLanguage":"it-IT","potentialAction":[{"@type":"ReadAction","target":["https:\/\/www.compagniadisanpaolo.it\/it\/news\/il-primo-acceleratore-italiano-di-startup-dedicato-alle-smart-cities-e-a-torino\/"]}]},{"@type":"ImageObject","inLanguage":"it-IT","@id":"https:\/\/www.compagniadisanpaolo.it\/it\/news\/il-primo-acceleratore-italiano-di-startup-dedicato-alle-smart-cities-e-a-torino\/#primaryimage","url":"https:\/\/www.compagniadisanpaolo.it\/wp-content\/uploads\/Copertina-news-11.jpg","contentUrl":"https:\/\/www.compagniadisanpaolo.it\/wp-content\/uploads\/Copertina-news-11.jpg","width":815,"height":350},{"@type":"BreadcrumbList","@id":"https:\/\/www.compagniadisanpaolo.it\/it\/news\/il-primo-acceleratore-italiano-di-startup-dedicato-alle-smart-cities-e-a-torino\/#breadcrumb","itemListElement":[{"@type":"ListItem","position":1,"name":"Home","item":"https:\/\/www.compagniadisanpaolo.it\/it\/"},{"@type":"ListItem","position":2,"name":"Il primo acceleratore italiano di startup dedicato alle &#8220;Smart Cities&#8221; \u00e8 a Torino"}]},{"@type":"WebSite","@id":"https:\/\/www.compagniadisanpaolo.it\/it\/#website","url":"https:\/\/www.compagniadisanpaolo.it\/it\/","name":"Fondazione Compagnia di San Paolo","description":"","publisher":{"@id":"https:\/\/www.compagniadisanpaolo.it\/it\/#organization"},"potentialAction":[{"@type":"SearchAction","target":{"@type":"EntryPoint","urlTemplate":"https:\/\/www.compagniadisanpaolo.it\/it\/?s={search_term_string}"},"query-input":{"@type":"PropertyValueSpecification","valueRequired":true,"valueName":"search_term_string"}}],"inLanguage":"it-IT"},{"@type":"Organization","@id":"https:\/\/www.compagniadisanpaolo.it\/it\/#organization","name":"Fondazione Compagnia di San Paolo","url":"https:\/\/www.compagniadisanpaolo.it\/it\/","logo":{"@type":"ImageObject","inLanguage":"it-IT","@id":"https:\/\/www.compagniadisanpaolo.it\/it\/#\/schema\/logo\/image\/","url":"https:\/\/www.compagniadisanpaolo.it\/wp-content\/uploads\/logo.svg","contentUrl":"https:\/\/www.compagniadisanpaolo.it\/wp-content\/uploads\/logo.svg","width":769,"height":323,"caption":"Fondazione Compagnia di San Paolo"},"image":{"@id":"https:\/\/www.compagniadisanpaolo.it\/it\/#\/schema\/logo\/image\/"},"sameAs":["https:\/\/www.facebook.com\/CompagniaDiSanPaolo","https:\/\/x.com\/CSP_live","http:\/\/instagram.com\/compagniadisanpaolo?ref=badge","https:\/\/www.linkedin.com\/company\/compagnia-di-san-paolo","https:\/\/www.youtube.com\/user\/compagniadisanpaolo","https:\/\/it.wikipedia.org\/wiki\/Compagnia_di_San_Paolo"]},{"@type":"Person","@id":"https:\/\/www.compagniadisanpaolo.it\/it\/#\/schema\/person\/b7d5451541c25c82f29c5be1e78456b2","name":"Federica","image":{"@type":"ImageObject","inLanguage":"it-IT","@id":"https:\/\/secure.gravatar.com\/avatar\/b5698fa13ac389b1f1fb1263a4626e219d853d7ccf112e854aea8c9c087d24ae?s=96&d=mm&r=g","url":"https:\/\/secure.gravatar.com\/avatar\/b5698fa13ac389b1f1fb1263a4626e219d853d7ccf112e854aea8c9c087d24ae?s=96&d=mm&r=g","contentUrl":"https:\/\/secure.gravatar.com\/avatar\/b5698fa13ac389b1f1fb1263a4626e219d853d7ccf112e854aea8c9c087d24ae?s=96&d=mm&r=g","caption":"Federica"}}]}},"amp_enabled":true,"_links":{"self":[{"href":"https:\/\/www.compagniadisanpaolo.it\/it\/wp-json\/wp\/v2\/posts\/16557","targetHints":{"allow":["GET"]}}],"collection":[{"href":"https:\/\/www.compagniadisanpaolo.it\/it\/wp-json\/wp\/v2\/posts"}],"about":[{"href":"https:\/\/www.compagniadisanpaolo.it\/it\/wp-json\/wp\/v2\/types\/post"}],"author":[{"embeddable":true,"href":"https:\/\/www.compagniadisanpaolo.it\/it\/wp-json\/wp\/v2\/users\/19"}],"replies":[{"embeddable":true,"href":"https:\/\/www.compagniadisanpaolo.it\/it\/wp-json\/wp\/v2\/comments?post=16557"}],"version-history":[{"count":4,"href":"https:\/\/www.compagniadisanpaolo.it\/it\/wp-json\/wp\/v2\/posts\/16557\/revisions"}],"predecessor-version":[{"id":27675,"href":"https:\/\/www.compagniadisanpaolo.it\/it\/wp-json\/wp\/v2\/posts\/16557\/revisions\/27675"}],"wp:featuredmedia":[{"embeddable":true,"href":"https:\/\/www.compagniadisanpaolo.it\/it\/wp-json\/wp\/v2\/media\/15778"}],"wp:attachment":[{"href":"https:\/\/www.compagniadisanpaolo.it\/it\/wp-json\/wp\/v2\/media?parent=16557"}],"wp:term":[{"taxonomy":"category","embeddable":true,"href":"https:\/\/www.compagniadisanpaolo.it\/it\/wp-json\/wp\/v2\/categories?post=16557"},{"taxonomy":"post_tag","embeddable":true,"href":"https:\/\/www.compagniadisanpaolo.it\/it\/wp-json\/wp\/v2\/tags?post=16557"}],"curies":[{"name":"wp","href":"https:\/\/api.w.org\/{rel}","templated":true}]}}