{"id":15792,"date":"2021-11-12T18:00:06","date_gmt":"2021-11-12T17:00:06","guid":{"rendered":"https:\/\/www.compagniadisanpaolo.it\/?p=15792"},"modified":"2021-11-19T14:22:00","modified_gmt":"2021-11-19T13:22:00","slug":"una-nuova-opportunita-per-porta-palazzo-con-il-palasermig","status":"publish","type":"post","link":"https:\/\/www.compagniadisanpaolo.it\/it\/news\/una-nuova-opportunita-per-porta-palazzo-con-il-palasermig\/","title":{"rendered":"Una nuova opportunit\u00e0 per Porta Palazzo con il PalaSermig"},"content":{"rendered":"<div class=\"wpb-content-wrapper\">[vc_row][vc_column][vc_column_text el_class=&#8221;text-headline2&#8243;]Grazie al progetto \u201cPer chi non ha Sport\u201d, sostenuto dalla Fondazione Compagnia di San Paolo attraverso il bando Muoviamoci, nasce un nuovo palazzetto dello sport in un quartiere della citt\u00e0 tra i pi\u00f9 complessi e multietnici.[\/vc_column_text][\/vc_column][\/vc_row][vc_row][vc_column][vc_column_text]\n<div class=\"info-box mission\">\n\t\t<div class=\"info-box-wrap info-box-hor row pb-0\">\n\n\t\t      \n\t\t      <div class=\"spalla col-12 col-md-12\">\n\t\t\t<div class=\"info-box sharing-box\">\n\t\t\t  <span class=\"label\">Condividi:<\/span>\n\t\t\t  <div class=\"social-sharing\">\n\t\t\t    <span class=\"box\">\n\t\t\t      <a class=\"fb\" href=\"https:\/\/www.facebook.com\/sharer.php?u=https:\/\/www.compagniadisanpaolo.it\/it\/news\/una-nuova-opportunita-per-porta-palazzo-con-il-palasermig\/\" target=\"_blank\">\n\t\t\t\t<span class=\"sr-only\">Facebook<\/span>\n\t\t\t\t<i class=\"fab fa-facebook-f\"><\/i>\n\t\t\t      <\/a>\n\t\t\t    <\/span>\n\t\t\t    \n\t\t\t    <style>\n.twitter, .twitter:hover{\ncolor:#000000 !important;}\n<\/style>\n\n\n\t\t\t    <span class=\"box\">\n\t\t\t      <a class=\"twitter\" href=\"https:\/\/twitter.com\/intent\/tweet?url=https:\/\/www.compagniadisanpaolo.it\/it\/news\/una-nuova-opportunita-per-porta-palazzo-con-il-palasermig\/\">\n\t\t\t\t<span class=\"sr-only\">Twitter<\/span>\n\t\t\t\t<i class=\"fa-brands fa-x-twitter\"><\/i>\n\t\t\t      <\/a>\n\t\t\t    <\/span>\n\n\t\t\t    \n\t\t\t    <span class=\"box\">\n\t\t\t      <a class=\"linkedin\" href=\"https:\/\/www.linkedin.com\/shareArticle?mini=true&url=https:\/\/www.compagniadisanpaolo.it\/it\/news\/una-nuova-opportunita-per-porta-palazzo-con-il-palasermig\/\">\n\t\t\t\t<span class=\"sr-only\">Linkedin<\/span>\n\t\t\t\t  <i class=\"fa-brands fa-linkedin-in\"><\/i>\n\t\t\t      <\/a>\n\t\t\t    <\/span>\n\n\t\t\t    <span class=\"box\">\n\t\t\t      <a class=\"whatsapp\" href=\"whatsapp:\/\/send?text=https:\/\/www.compagniadisanpaolo.it\/it\/news\/una-nuova-opportunita-per-porta-palazzo-con-il-palasermig\/\" data-action=\"share\/whatsapp\/share\">\n\t\t\t\t<span class=\"sr-only\">Whatsapp<\/span>\n\t\t\t\t<i class=\"fa-brands fa-whatsapp\"><\/i>\n\t\t\t      <\/a>\n\t\t\t    <\/span>\n\n\t\t\t    <span class=\"box\">\n\t\t\t      <a class=\"mail\" href=\"mailto:?subject=Una nuova opportunit\u00e0 per Porta Palazzo con il PalaSermig&body=https:\/\/www.compagniadisanpaolo.it\/it\/news\/una-nuova-opportunita-per-porta-palazzo-con-il-palasermig\/\">\n\t\t\t\t<span class=\"sr-only\">Mail<\/span>\n\t\t\t\t <i class=\"fa-solid fa-envelope\"><\/i>\n\t\t\t      <\/a>\n\t\t\t    <\/span>\n\t\t\t    \n\t\t\t  <\/div>\n\t\t\t<\/div>\n\t      <\/div>\n\t    <\/div><\/div>\n[\/vc_column_text][\/vc_column][\/vc_row][vc_row][vc_column width=&#8221;1\/4&#8243;][vc_column_text]\n\n\n\t\t<div class=\"info-box-wrap\">\n\n\t  <div class=\"info-box date-pub\">\n\t  \t<span class=\"label\">Data di pubblicazione:<\/span>\n\t    <span class=\"value\">12 Novembre 2021<\/span>\n\t  <\/div>\n\t\t\t\t  <div class=\"info-box obj-people\">\n\t\t\t\t\t  <div class=\"info-box obj\"><span class=\"label\">Obiettivo<\/span>\n\t\t\t\t\t    <div class=\"obj-small-box\">\n\t\t\t\t\t      <span>Persone.<\/span>\n\t\t\t\t\t    <\/div>\n\t\t\t\t\t  <\/div>\n\t\t\t\t  <\/div>\n\t\t\t  \n\t\t  \t   <div class=\"info-box obj-planet\">\n\t\t\t\t  <div class=\"info-box obj\"><span class=\"label\">Obiettivo<\/span>\n\t\t\t\t    <div class=\"obj-small-box\">\n\t\t\t\t      <span>Pianeta.<\/span>\n\t\t\t\t    <\/div>\n\t\t\t\t  <\/div>\n\t\t\t  <\/div><div class=\"info-box mission\"><span class=\"label\">Tag<\/span><a href=\"https:\/\/www.compagniadisanpaolo.it\/it\/tags\/risultati\/?_sft_post_tag=attivita-fisica-e-sport\" class=\"tag-element\">Attivit\u00e0 fisica e sport<\/a><a href=\"https:\/\/www.compagniadisanpaolo.it\/it\/tags\/risultati\/?_sft_post_tag=pari-opportunita\" class=\"tag-element\">Pari opportunit\u00e0<\/a><a href=\"https:\/\/www.compagniadisanpaolo.it\/it\/tags\/risultati\/?_sft_post_tag=rigenerazione-territoriale\" class=\"tag-element\">Rigenerazione territoriale<\/a><a href=\"https:\/\/www.compagniadisanpaolo.it\/it\/tags\/risultati\/?_sft_post_tag=rigenerazione-urbana\" class=\"tag-element\">Rigenerazione urbana<\/a><a href=\"https:\/\/www.compagniadisanpaolo.it\/it\/tags\/risultati\/?_sft_post_tag=wellbeing\" class=\"tag-element\">Wellbeing<\/a><\/div>\t  \n\t<\/div>\n[\/vc_column_text][\/vc_column][vc_column width=&#8221;3\/4&#8243; el_class=&#8221;page-content&#8221;][vc_column_text el_class=&#8221;text&#8221;]\u00c8 stato inaugurato questa mattina, alla presenza del Presidente della Repubblica <strong>Sergio Mattarella<\/strong>, il <strong>PalaSermig<\/strong>, <strong>un nuovo palazzetto dello sport polivalente da 400 posti<\/strong> realizzato nel multietnico quartiere di Porta Palazzo di Torino, sugli esistenti campi all\u2019aperto in stato di abbandono e di grave degrado.<\/p>\n<p>Una struttura che sar\u00e0 il fulcro intorno al quale si svilupperanno le attivit\u00e0 sportive a favore dei giovani, delle donne e delle famiglie del quartiere, spesso escluse dalla possibilit\u00e0 di fare sport per ragioni economiche e sociali. Il palazzetto \u00e8, infatti, <strong>parte del progetto \u201cPer chi non ha sport\u201d<\/strong>, nato per rispondere a diversi bisogni di uno dei contesti pi\u00f9 complessi e multietnici di Torino, caratterizzato da rilevanti tensioni sociali, problemi d\u2019illegalit\u00e0 e sicurezza, situazioni di degrado, aumento della dispersione scolastica. Condizioni che sono persino peggiorate a causa della crisi da Covid-19.<\/p>\n<p>Il nuovo impianto risponde cos\u00ec alla fatica delle famiglie nel trovare punti di condivisione e incontro sicuri ed inclusivi e sar\u00e0 una grande opportunit\u00e0 per coinvolgere nuovi ragazzi nel percorso sportivo-educativo dell\u2019ASD Sermig, nata nel 2011 per offrire gratuitamente attivit\u00e0 sportive ai bambini del quartiere.<\/p>\n<p><strong>La Fondazione Compagnia di San Paolo ha dato il suo sostegno al progetto attraverso il <a href=\"https:\/\/www.compagniadisanpaolo.it\/it\/contributi\/bando-muoviamoci\/\" target=\"_blank\" rel=\"noopener\">bando Muoviamoci<\/a><\/strong>, nato dalla collaborazione tra l\u2019<a href=\"https:\/\/www.compagniadisanpaolo.it\/it\/le-nostre-sfide\/obiettivo-pianeta\/\" target=\"_blank\" rel=\"noopener\">Obiettivo Pianeta<\/a>\u00a0e l\u2019<a href=\"https:\/\/www.compagniadisanpaolo.it\/it\/le-nostre-sfide\/obiettivo-persone\/\" target=\"_blank\" rel=\"noopener\">Obiettivo Persone<\/a>, con l&#8217;intento di sostenere e diffondere nella citt\u00e0 di Torino l\u2019attivit\u00e0 fisica e sportiva come strumento di prevenzione delle malattie e di promozione di corretti stili di vita, di inclusione, di educazione e di cittadinanza attiva, anche attraverso l\u2019adeguamento degli immobili, delle aree scoperte e delle aree verdi a uso sportivo esistenti sul territorio della citt\u00e0.<\/p>\n<p>Il progetto \u201cPer chi non ha sport\u201d ha ottenuto il sostegno della Fondazione grazie ai suoi due principali obiettivi:<\/p>\n<ul>\n<li>La creazione di un\u2019area sportiva di valore a servizio della citt\u00e0. Il Polo sportivo \u00e8 progettato per soddisfare i requisiti regolamentari delle maggiori serie per il calcio a cinque, per il Basket e per la Pallavolo, anche in termini di capienza del pubblico. Si prevede poi di attrezzare gli spazi anche per la danza e la ginnastica dolce per le donne adulte e per i corsi rivolti a arbitri o allenatori. Lo spazio, inoltre, avr\u00e0 la funzione di una \u201cpiazza&#8221;: spazio di socializzazione e creazione di comunit\u00e0, sempre custodito e abitato dagli educatori e animatori del Sermig.<\/li>\n<li>L&#8217;ampliamento e la valorizzazione dell&#8217;offerta sportiva in modalit\u00e0 gratuita per i bambini e ragazzi del quartiere di Porta Palazzo. Coinvolgerli in attivit\u00e0 sportive significa inserirli in un meccanismo di inclusione efficace, che coinvolge anche le loro famiglie e che stimola la creazione di una comunit\u00e0.<\/li>\n<\/ul>\n[\/vc_column_text][\/vc_column][\/vc_row][vc_row][vc_column]<style type='text\/css'>\n\t\t\t\t#gallery-1 {\n\t\t\t\t\tmargin: auto;\n\t\t\t\t}\n\t\t\t\t#gallery-1.FGM-Collage .fg-gallery-item {\n\t\t\t\t\ttext-align: center;\t\t\t\n\t\t\t\t}\n\t\t\t\t#gallery-1 .fg-gallery-caption {\n\t\t\t\t\tmargin-left: 0;\n\t\t\t\t}\n\t\t\t\t#gallery-1.fastgallery_mosaic .fg-gallery-caption, \n\t\t\t\t#gallery-1.fastgallery_mosaic .fg-gallery-caption:hover {\n\t\t\t\t\tbackground-color:rgba( 4 , 106 , 56 , 1);\n\t\t\t\t}\n\t\t\t\t#gallery-1.fastgallery_mosaic.gallery .gallery-icon .fg_zoom a, \n\t\t\t\t#gallery-1.fastgallery_mosaic.gallery .gallery-icon .fg_zoom a:hover {\n\t\t\t\t\tcolor:#046a38;\n\t\t\t\t}\n\t\t\t\t#gallery-1.fastgallery_mosaic.fg_style1 .fg-gallery-caption {\n\t\t\t\t\tcolor:#ffffff;\t\n\t\t\t\t}\n\t\t\t\t#gallery-1.fastgallery_mosaic.gallery.fg_style2 .gallery-icon .fg_zoom a {\n\t\t\t\t\tbackground:rgba( 255 , 255 , 255 , 0.3);\n\t\t\t\t}\n\t\t\t\t#gallery-1.fastgallery_mosaic.fg_style2 .fg-gallery-caption {\n\t\t\t\t\tcolor:#ffffff;\t\n\t\t\t\t}\t\t\t\n\t\t\t\t#gallery-1.fastgallery_mosaic.gallery.fg_style3 .fg_zoom, #gallery-1.fastgallery_mosaic.gallery.fg_style3 .fg_zoom:hover {\n\t\t\t\t\tbackground:rgba( 4 , 106 , 56 , 1);\n\t\t\t\t}\n\t\t\t\t#gallery-1.fastgallery_mosaic.fg_style3 .fg-gallery-caption {\n\t\t\t\t\tcolor:#ffffff;\t\n\t\t\t\t}\t\t\t\t\n\t\t\t\t#gallery-1.fastgallery_mosaic.fg_style4 .fg-gallery-caption,\t\t\t\n\t\t\t\t#gallery-1.fastgallery_mosaic.gallery.fg_style4 .gallery-icon .fg_zoom a, \n\t\t\t\t#gallery-1.fastgallery_mosaic.gallery.fg_style4 .gallery-icon .fg_zoom a:hover {\n\t\t\t\t\tcolor:#ffffff;\n\t\t\t\t}\n\t\t\t\t#gallery-1.fastgallery_mosaic.gallery.fg_style4 .gallery-icon .fg_zoom a, \n\t\t\t\t#gallery-1.fastgallery_mosaic.gallery.fg_style4 .gallery-icon .fg_zoom a:hover\t{\n\t\t\t\t\tbackground:rgba( 4 , 106 , 56 , 1);\n\t\t\t\t}\t\t\t\n\t\t\t\t#gallery-1.fastgallery_mosaic.gallery.fg_style5 .gallery-icon .fg_zoom a, \n\t\t\t\t#gallery-1.fastgallery_mosaic.gallery.fg_style5 .gallery-icon .fg_zoom a:hover\t{\n\t\t\t\t\tcolor:#ffffff;\n\t\t\t\t\tbackground-color:rgba( 4 , 106 , 56 , 1);\n\t\t\t\t}\t\t\t\t\t\n\t\t\t\t#gallery-1.fastgallery_mosaic.gallery.fg_style6 .gallery-icon .fg_zoom a,\n\t\t\t\t#gallery-1.fastgallery_mosaic.gallery.fg_style6 .gallery-icon .fg_zoom a:hover {\n\t\t\t\t\tcolor:#ffffff;\n\t\t\t\t\tbackground:rgba( 4 , 106 , 56 , 1);\t\t\t\t\n\t\t\t\t}\n\t\t\t\n\t\t\t\t#gallery-1.fastgallery_mosaic.fg_style6 .fg-gallery-caption {\n\t\t\t\t\tcolor:#ffffff;\t\n\t\t\t\t}\n\t\t\t\t#gallery-1.fastgallery_mosaic.gallery.fg_style7 .gallery-icon .fg_zoom a,\n\t\t\t\t#gallery-1.fastgallery_mosaic.gallery.fg_style7 .gallery-icon .fg_zoom a:hover {\n\t\t\t\t\tcolor:#ffffff;\n\t\t\t\t\tbackground:rgba( 4 , 106 , 56 , 1);\t\t\t\t\n\t\t\t\t}\t\t\n\t\t\t\t#gallery-1.fastgallery_mosaic.fg_style7 .fg-gallery-caption {\n\t\t\t\t\tcolor:#ffffff;\t\n\t\t\t\t}\n\t\t\t\t\n\t\t\t\t#gallery-1.fastgallery_mosaic.gallery.fg_style8 .gallery-icon .fg_zoom a,\n\t\t\t\t#gallery-1.fastgallery_mosaic.gallery.fg_style8 .gallery-icon .fg_zoom a:hover {\n\t\t\t\t\tcolor:#ffffff;\n\t\t\t\t\tbackground:rgba( 4 , 106 , 56 , 1);\t\t\t\t\n\t\t\t\t}\n\t\t\t\n\t\t\t\t#gallery-1.fastgallery_mosaic.fg_style8 .fg-gallery-caption {\n\t\t\t\t\tcolor:#ffffff;\t\n\t\t\t\t}\n\t\t\t\t\n\t\t\t\t#gallery-1.fastgallery_mosaic.gallery.fg_style9 .gallery-icon .fg_zoom a,\n\t\t\t\t#gallery-1.fastgallery_mosaic.gallery.fg_style9 .gallery-icon .fg_zoom a:hover {\n\t\t\t\t\tcolor:#ffffff;\n\t\t\t\t\tbackground:rgba( 4 , 106 , 56 , 1);\t\t\t\t\n\t\t\t\t}\t\t\n\t\t\t\t#gallery-1.fastgallery_mosaic.fg_style9 .fg-gallery-caption {\n\t\t\t\t\tcolor:#ffffff;\t\n\t\t\t\t}\n\t\t\t\t\n\t\t\t\t#gallery-1.fastgallery_mosaic.gallery.fg_style10 .gallery-icon .fg_zoom a,\n\t\t\t\t#gallery-1.fastgallery_mosaic.gallery.fg_style10 .gallery-icon .fg_zoom a:hover {\n\t\t\t\t\tcolor:#ffffff;\n\t\t\t\t\tbackground:rgba( 4 , 106 , 56 , 1);\t\t\t\t\n\t\t\t\t}\t\t\n\t\t\t\t#gallery-1.fastgallery_mosaic.fg_style10 .fg-gallery-caption {\n\t\t\t\t\tcolor:#ffffff;\t\n\t\t\t\t}#gallery-1.fastgallery_mosaic.gallery .gallery-icon .icon-plus:before {\t\n\t\t\t\t\t\t\t\t\t\tcontent: \"\\e6ef\"!important;\n\t\t\t\t\t}#gallery-1.fastgallery_mosaic.gallery span {\n\t\t\t\t\t\t\t\t\t\tfont-size:20px!important;\n\t\t\t\t\t}\n\t\t\t\t\t#gallery-1.fastgallery_mosaic.gallery .gallery-icon .fg-zoom-icon {\n\t\t\t\t\t\t\t\t\t\tmargin-left:-10px!important;\n\t\t\t\t\t\t\t\t\t\tmargin-top:-40px;\n\t\t\t\t\t}\n\t\t\t\t\t#gallery-1.fastgallery_mosaic.gallery.fg_style2 .gallery-icon .fg-zoom-icon,\n\t\t\t\t\t#gallery-1.fastgallery_mosaic.gallery.fg_style5 .gallery-icon .fg-zoom-icon  {\n\t\t\t\t\t\t\t\t\t\tmargin-top:-10px;\n\t\t\t\t\t}\t\t\n\t\t\t\t\t#gallery-1.fastgallery_mosaic.gallery .gallery-icon.no-caption .fg-zoom-icon {\n\t\t\t\t\t\t\t\t\t\tmargin-top:-10px!important;\n\t\t\t\t\t}\n\t\t\t\t\t#gallery-1.fastgallery_mosaic.fg_style7 .fg-gallery-caption,\n\t\t\t\t\t#gallery-1.fastgallery_mosaic.fg_style8 .fg-gallery-caption {\n\t\t\t\t\t\t\t\t\t\ttop:55%;\n\t\t\t\t\t}\n\t\t\t\t\t<\/style>\n\t\t<script type=\"text\/javascript\">jQuery(function($){\n\t\t\t\t\t\t$(window).load(function () {\n\t\t\t\t\t\t\t\t\t$(document).ready(function(){\n\t\t\t\t\t\t\t\t\t\tcollage();\n\t\t\t\t\t\t\t\t\t});\n\t\t\t\t\t\t\t\t\tfunction collage() {\n\t\t\t\t\t\t\t\t\t\t$('#gallery-1.FGM-Collage').removeWhitespace().collagePlus(\n\t\t\t\t\t\t\t\t\t\t{\n\t\t\t\t\t\t\t\t\t\t\t\t'targetHeight'  \t\t: 300,\n\t\t\t\t\t\t\t\t\t\t\t\t'padding'\t\t\t\t: 20,\n\t\t\t\t\t\t\t\t\t\t\t\t'allowPartialLastRow'   : true\n\t\t\t\t\t\t\t\t\t\t\t}\n\t\t\t\t\t\t\t\t\t\t);\n\t\t\t\t\t\t\t\t\t};\t\n\t\t\t\t\t\t\t\t\tvar resizeTimer = null;\n\t\t\t\t\t\t\t\t\t$(window).bind('resize', function() {\n\t\t\t\t\t\t\t\t\t\t$('.FGM-Collage .fg-gallery-item').css(\"opacity\", 0);\n\t\t\t\t\t\t\t\t\t\tif (resizeTimer) clearTimeout(resizeTimer);\n\t\t\t\t\t\t\t\t\t\tresizeTimer = setTimeout(collage, 200);\n\t\t\t\t\t\t\t\t\t});\t\n\t\t\t\t\t});\n\t\t\t\t\t});<\/script><script type=\"text\/javascript\">\n\t\t\t\t\t\tjQuery(function($){\n\t\t\t\t\t\t\t$('#gallery-1.gallery.fastgallery_mosaic').lightGallery({\n\t\t\t\t\t\t\t\tmode:'slide',\n\t\t\t\t\t\t\t\tspeed: 2000,\n\t\t\t\t\t\t\t\tthumbnail: true,\n\t\t\t\t\t\t\t\tcontrols: true\t\t\t\t\t\t\t\t\n\t\t\t\t\t\t\t});\n\t\t\t\t\t\t});\t\t\n\t\t\t\t\t<\/script>\n\t\t<div id='gallery-1' class='FGM-Collage gallery galleryid-1 gallery-size-fg_layout1 fastgallery_mosaic fg_responsive fg_style1 fg_over_image_off fg_layout1'><div data-src='https:\/\/www.compagniadisanpaolo.it\/wp-content\/uploads\/51672400571_1b195e0a63_k_1636732308_107.jpg' class='fg-gallery-item  '><div class='gallery-icon landscape '><div class='fg_zoom'><img loading=\"lazy\" decoding=\"async\" width=\"1000\" height=\"665\" src=\"https:\/\/www.compagniadisanpaolo.it\/wp-content\/uploads\/51672400571_1b195e0a63_k_1636732308_107.jpg\" class=\"attachment-fgm-2-6 size-fgm-2-6\" alt=\"\" \/><a href='https:\/\/www.compagniadisanpaolo.it\/wp-content\/uploads\/51672400571_1b195e0a63_k_1636732308_107.jpg'><span class='fg-zoom-icon icon-plus'><\/span><\/a><\/div>\n\t\t\t\t\t\t<div class='fg-wp-caption-text fg-gallery-caption'><div class='caption-container'>\n\t\t\t\t\t\tInaugurazione Palasermig\n\t\t\t\t\t\t<\/div><\/div><\/div><\/div><div data-src='https:\/\/www.compagniadisanpaolo.it\/wp-content\/uploads\/51675151804_786ffa86dc_b.jpg' class='fg-gallery-item  '><div class='gallery-icon landscape '><div class='fg_zoom'><img loading=\"lazy\" decoding=\"async\" width=\"1024\" height=\"682\" src=\"https:\/\/www.compagniadisanpaolo.it\/wp-content\/uploads\/51675151804_786ffa86dc_b.jpg\" class=\"attachment-fgm-1-6 size-fgm-1-6\" alt=\"\" \/><a href='https:\/\/www.compagniadisanpaolo.it\/wp-content\/uploads\/51675151804_786ffa86dc_b.jpg'><span class='fg-zoom-icon icon-plus'><\/span><\/a><\/div>\n\t\t\t\t\t\t<div class='fg-wp-caption-text fg-gallery-caption'><div class='caption-container'>\n\t\t\t\t\t\tInaugurazione Palasermig\n\t\t\t\t\t\t<\/div><\/div><\/div><\/div><div data-src='https:\/\/www.compagniadisanpaolo.it\/wp-content\/uploads\/51674721948_a3ee166b56_b.jpg' class='fg-gallery-item  '><div class='gallery-icon landscape '><div class='fg_zoom'><img loading=\"lazy\" decoding=\"async\" width=\"1024\" height=\"682\" src=\"https:\/\/www.compagniadisanpaolo.it\/wp-content\/uploads\/51674721948_a3ee166b56_b.jpg\" class=\"attachment-fgm-3-6 size-fgm-3-6\" alt=\"\" \/><a href='https:\/\/www.compagniadisanpaolo.it\/wp-content\/uploads\/51674721948_a3ee166b56_b.jpg'><span class='fg-zoom-icon icon-plus'><\/span><\/a><\/div>\n\t\t\t\t\t\t<div class='fg-wp-caption-text fg-gallery-caption'><div class='caption-container'>\n\t\t\t\t\t\tInaugurazione Palasermig\n\t\t\t\t\t\t<\/div><\/div><\/div><\/div><div data-src='https:\/\/www.compagniadisanpaolo.it\/wp-content\/uploads\/51675151404_d1dfe8dd52_b.jpg' class='fg-gallery-item  '><div class='gallery-icon landscape '><div class='fg_zoom'><img loading=\"lazy\" decoding=\"async\" width=\"1024\" height=\"682\" src=\"https:\/\/www.compagniadisanpaolo.it\/wp-content\/uploads\/51675151404_d1dfe8dd52_b.jpg\" class=\"attachment-fgm-1-6 size-fgm-1-6\" alt=\"\" \/><a href='https:\/\/www.compagniadisanpaolo.it\/wp-content\/uploads\/51675151404_d1dfe8dd52_b.jpg'><span class='fg-zoom-icon icon-plus'><\/span><\/a><\/div>\n\t\t\t\t\t\t<div class='fg-wp-caption-text fg-gallery-caption'><div class='caption-container'>\n\t\t\t\t\t\tInaugurazione Palasermig\n\t\t\t\t\t\t<\/div><\/div><\/div><\/div><div data-src='https:\/\/www.compagniadisanpaolo.it\/wp-content\/uploads\/51673677397_b004a7ccb9_b.jpg' class='fg-gallery-item  '><div class='gallery-icon landscape '><div class='fg_zoom'><img loading=\"lazy\" decoding=\"async\" width=\"1000\" height=\"666\" src=\"https:\/\/www.compagniadisanpaolo.it\/wp-content\/uploads\/51673677397_b004a7ccb9_b.jpg\" class=\"attachment-fgm-2-6 size-fgm-2-6\" alt=\"\" \/><a href='https:\/\/www.compagniadisanpaolo.it\/wp-content\/uploads\/51673677397_b004a7ccb9_b.jpg'><span class='fg-zoom-icon icon-plus'><\/span><\/a><\/div>\n\t\t\t\t\t\t<div class='fg-wp-caption-text fg-gallery-caption'><div class='caption-container'>\n\t\t\t\t\t\tInaugurazione Palasermig\n\t\t\t\t\t\t<\/div><\/div><\/div><\/div><div data-src='https:\/\/www.compagniadisanpaolo.it\/wp-content\/uploads\/51674486011_b5ee1dd136_b.jpg' class='fg-gallery-item  '><div class='gallery-icon landscape '><div class='fg_zoom'><img loading=\"lazy\" decoding=\"async\" width=\"1024\" height=\"682\" src=\"https:\/\/www.compagniadisanpaolo.it\/wp-content\/uploads\/51674486011_b5ee1dd136_b.jpg\" class=\"attachment-fgm-3-6 size-fgm-3-6\" alt=\"\" \/><a href='https:\/\/www.compagniadisanpaolo.it\/wp-content\/uploads\/51674486011_b5ee1dd136_b.jpg'><span class='fg-zoom-icon icon-plus'><\/span><\/a><\/div>\n\t\t\t\t\t\t<div class='fg-wp-caption-text fg-gallery-caption'><div class='caption-container'>\n\t\t\t\t\t\tInaugurazione Palasermig\n\t\t\t\t\t\t<\/div><\/div><\/div><\/div><div data-src='https:\/\/www.compagniadisanpaolo.it\/wp-content\/uploads\/51673677172_7fbd01e647_b.jpg' class='fg-gallery-item  '><div class='gallery-icon landscape '><div class='fg_zoom'><img loading=\"lazy\" decoding=\"async\" width=\"1024\" height=\"682\" src=\"https:\/\/www.compagniadisanpaolo.it\/wp-content\/uploads\/51673677172_7fbd01e647_b.jpg\" class=\"attachment-fgm-3-6 size-fgm-3-6\" alt=\"\" \/><a href='https:\/\/www.compagniadisanpaolo.it\/wp-content\/uploads\/51673677172_7fbd01e647_b.jpg'><span class='fg-zoom-icon icon-plus'><\/span><\/a><\/div>\n\t\t\t\t\t\t<div class='fg-wp-caption-text fg-gallery-caption'><div class='caption-container'>\n\t\t\t\t\t\tInaugurazione Palasermig\n\t\t\t\t\t\t<\/div><\/div><\/div><\/div><div data-src='https:\/\/www.compagniadisanpaolo.it\/wp-content\/uploads\/51675353265_d8c69731c7_b.jpg' class='fg-gallery-item  '><div class='gallery-icon landscape '><div class='fg_zoom'><img loading=\"lazy\" decoding=\"async\" width=\"1000\" height=\"666\" src=\"https:\/\/www.compagniadisanpaolo.it\/wp-content\/uploads\/51675353265_d8c69731c7_b.jpg\" class=\"attachment-fgm-2-6 size-fgm-2-6\" alt=\"\" \/><a href='https:\/\/www.compagniadisanpaolo.it\/wp-content\/uploads\/51675353265_d8c69731c7_b.jpg'><span class='fg-zoom-icon icon-plus'><\/span><\/a><\/div>\n\t\t\t\t\t\t<div class='fg-wp-caption-text fg-gallery-caption'><div class='caption-container'>\n\t\t\t\t\t\tInaugurazione Palasermig\n\t\t\t\t\t\t<\/div><\/div><\/div><\/div><div data-src='https:\/\/www.compagniadisanpaolo.it\/wp-content\/uploads\/51675353200_89188cc97f_b.jpg' class='fg-gallery-item  '><div class='gallery-icon landscape '><div class='fg_zoom'><img loading=\"lazy\" decoding=\"async\" width=\"1024\" height=\"682\" src=\"https:\/\/www.compagniadisanpaolo.it\/wp-content\/uploads\/51675353200_89188cc97f_b.jpg\" class=\"attachment-fgm-1-6 size-fgm-1-6\" alt=\"\" \/><a href='https:\/\/www.compagniadisanpaolo.it\/wp-content\/uploads\/51675353200_89188cc97f_b.jpg'><span class='fg-zoom-icon icon-plus'><\/span><\/a><\/div>\n\t\t\t\t\t\t<div class='fg-wp-caption-text fg-gallery-caption'><div class='caption-container'>\n\t\t\t\t\t\tInaugurazione Palasermig\n\t\t\t\t\t\t<\/div><\/div><\/div><\/div><div data-src='https:\/\/www.compagniadisanpaolo.it\/wp-content\/uploads\/51673677027_273e659253_b.jpg' class='fg-gallery-item  '><div class='gallery-icon landscape '><div class='fg_zoom'><img loading=\"lazy\" decoding=\"async\" width=\"1000\" height=\"666\" src=\"https:\/\/www.compagniadisanpaolo.it\/wp-content\/uploads\/51673677027_273e659253_b.jpg\" class=\"attachment-fgm-2-6 size-fgm-2-6\" alt=\"\" \/><a href='https:\/\/www.compagniadisanpaolo.it\/wp-content\/uploads\/51673677027_273e659253_b.jpg'><span class='fg-zoom-icon icon-plus'><\/span><\/a><\/div>\n\t\t\t\t\t\t<div class='fg-wp-caption-text fg-gallery-caption'><div class='caption-container'>\n\t\t\t\t\t\tInaugurazione Palasermig\n\t\t\t\t\t\t<\/div><\/div><\/div><\/div><div data-src='https:\/\/www.compagniadisanpaolo.it\/wp-content\/uploads\/51675352380_df7ee5f936_b.jpg' class='fg-gallery-item  '><div class='gallery-icon landscape '><div class='fg_zoom'><img loading=\"lazy\" decoding=\"async\" width=\"1024\" height=\"682\" src=\"https:\/\/www.compagniadisanpaolo.it\/wp-content\/uploads\/51675352380_df7ee5f936_b.jpg\" class=\"attachment-fgm-1-6 size-fgm-1-6\" alt=\"\" \/><a href='https:\/\/www.compagniadisanpaolo.it\/wp-content\/uploads\/51675352380_df7ee5f936_b.jpg'><span class='fg-zoom-icon icon-plus'><\/span><\/a><\/div>\n\t\t\t\t\t\t<div class='fg-wp-caption-text fg-gallery-caption'><div class='caption-container'>\n\t\t\t\t\t\tInaugurazione Palasermig\n\t\t\t\t\t\t<\/div><\/div><\/div><\/div><div data-src='https:\/\/www.compagniadisanpaolo.it\/wp-content\/uploads\/51674485051_b2714de319_b.jpg' class='fg-gallery-item  '><div class='gallery-icon landscape '><div class='fg_zoom'><img loading=\"lazy\" decoding=\"async\" width=\"1024\" height=\"682\" src=\"https:\/\/www.compagniadisanpaolo.it\/wp-content\/uploads\/51674485051_b2714de319_b.jpg\" class=\"attachment-fgm-3-6 size-fgm-3-6\" alt=\"\" \/><a href='https:\/\/www.compagniadisanpaolo.it\/wp-content\/uploads\/51674485051_b2714de319_b.jpg'><span class='fg-zoom-icon icon-plus'><\/span><\/a><\/div>\n\t\t\t\t\t\t<div class='fg-wp-caption-text fg-gallery-caption'><div class='caption-container'>\n\t\t\t\t\t\tInaugurazione Palasermig\n\t\t\t\t\t\t<\/div><\/div><\/div><\/div><div data-src='https:\/\/www.compagniadisanpaolo.it\/wp-content\/uploads\/51673676677_55aa1550b9_b.jpg' class='fg-gallery-item  '><div class='gallery-icon landscape '><div class='fg_zoom'><img loading=\"lazy\" decoding=\"async\" width=\"1000\" height=\"666\" src=\"https:\/\/www.compagniadisanpaolo.it\/wp-content\/uploads\/51673676677_55aa1550b9_b.jpg\" class=\"attachment-fgm-2-6 size-fgm-2-6\" alt=\"\" \/><a href='https:\/\/www.compagniadisanpaolo.it\/wp-content\/uploads\/51673676677_55aa1550b9_b.jpg'><span class='fg-zoom-icon icon-plus'><\/span><\/a><\/div>\n\t\t\t\t\t\t<div class='fg-wp-caption-text fg-gallery-caption'><div class='caption-container'>\n\t\t\t\t\t\tInaugurazione Palasermig\n\t\t\t\t\t\t<\/div><\/div><\/div><\/div><div data-src='https:\/\/www.compagniadisanpaolo.it\/wp-content\/uploads\/51674483971_0710684818_b.jpg' class='fg-gallery-item  '><div class='gallery-icon landscape '><div class='fg_zoom'><img loading=\"lazy\" decoding=\"async\" width=\"1024\" height=\"682\" src=\"https:\/\/www.compagniadisanpaolo.it\/wp-content\/uploads\/51674483971_0710684818_b.jpg\" class=\"attachment-fgm-1-6 size-fgm-1-6\" alt=\"\" \/><a href='https:\/\/www.compagniadisanpaolo.it\/wp-content\/uploads\/51674483971_0710684818_b.jpg'><span class='fg-zoom-icon icon-plus'><\/span><\/a><\/div>\n\t\t\t\t\t\t<div class='fg-wp-caption-text fg-gallery-caption'><div class='caption-container'>\n\t\t\t\t\t\tInaugurazione Palasermig\n\t\t\t\t\t\t<\/div><\/div><\/div><\/div><div data-src='https:\/\/www.compagniadisanpaolo.it\/wp-content\/uploads\/51674484276_02d79747ed_b.jpg' class='fg-gallery-item  '><div class='gallery-icon landscape '><div class='fg_zoom'><img loading=\"lazy\" decoding=\"async\" width=\"1024\" height=\"682\" src=\"https:\/\/www.compagniadisanpaolo.it\/wp-content\/uploads\/51674484276_02d79747ed_b.jpg\" class=\"attachment-fgm-3-6 size-fgm-3-6\" alt=\"\" \/><a href='https:\/\/www.compagniadisanpaolo.it\/wp-content\/uploads\/51674484276_02d79747ed_b.jpg'><span class='fg-zoom-icon icon-plus'><\/span><\/a><\/div>\n\t\t\t\t\t\t<div class='fg-wp-caption-text fg-gallery-caption'><div class='caption-container'>\n\t\t\t\t\t\tInaugurazione Palasermig\n\t\t\t\t\t\t<\/div><\/div><\/div><\/div><div data-src='https:\/\/www.compagniadisanpaolo.it\/wp-content\/uploads\/51674721583_d21fca5004_b.jpg' class='fg-gallery-item  '><div class='gallery-icon landscape '><div class='fg_zoom'><img loading=\"lazy\" decoding=\"async\" width=\"1024\" height=\"682\" src=\"https:\/\/www.compagniadisanpaolo.it\/wp-content\/uploads\/51674721583_d21fca5004_b.jpg\" class=\"attachment-fgm-1-6 size-fgm-1-6\" alt=\"\" \/><a href='https:\/\/www.compagniadisanpaolo.it\/wp-content\/uploads\/51674721583_d21fca5004_b.jpg'><span class='fg-zoom-icon icon-plus'><\/span><\/a><\/div>\n\t\t\t\t\t\t<div class='fg-wp-caption-text fg-gallery-caption'><div class='caption-container'>\n\t\t\t\t\t\tInaugurazione Palasermig\n\t\t\t\t\t\t<\/div><\/div><\/div><\/div><div data-src='https:\/\/www.compagniadisanpaolo.it\/wp-content\/uploads\/51675149749_000e9fc685_b.jpg' class='fg-gallery-item  '><div class='gallery-icon landscape '><div class='fg_zoom'><img loading=\"lazy\" decoding=\"async\" width=\"1000\" height=\"666\" src=\"https:\/\/www.compagniadisanpaolo.it\/wp-content\/uploads\/51675149749_000e9fc685_b.jpg\" class=\"attachment-fgm-2-6 size-fgm-2-6\" alt=\"\" \/><a href='https:\/\/www.compagniadisanpaolo.it\/wp-content\/uploads\/51675149749_000e9fc685_b.jpg'><span class='fg-zoom-icon icon-plus'><\/span><\/a><\/div>\n\t\t\t\t\t\t<div class='fg-wp-caption-text fg-gallery-caption'><div class='caption-container'>\n\t\t\t\t\t\tInaugurazione Palasermig\n\t\t\t\t\t\t<\/div><\/div><\/div><\/div><div data-src='https:\/\/www.compagniadisanpaolo.it\/wp-content\/uploads\/51675150459_7cdceeb4f2_b.jpg' class='fg-gallery-item  '><div class='gallery-icon landscape '><div class='fg_zoom'><img loading=\"lazy\" decoding=\"async\" width=\"1024\" height=\"682\" src=\"https:\/\/www.compagniadisanpaolo.it\/wp-content\/uploads\/51675150459_7cdceeb4f2_b.jpg\" class=\"attachment-fgm-3-6 size-fgm-3-6\" alt=\"\" \/><a href='https:\/\/www.compagniadisanpaolo.it\/wp-content\/uploads\/51675150459_7cdceeb4f2_b.jpg'><span class='fg-zoom-icon icon-plus'><\/span><\/a><\/div>\n\t\t\t\t\t\t<div class='fg-wp-caption-text fg-gallery-caption'><div class='caption-container'>\n\t\t\t\t\t\tInaugurazione Palasermig\n\t\t\t\t\t\t<\/div><\/div><\/div><\/div><div data-src='https:\/\/www.compagniadisanpaolo.it\/wp-content\/uploads\/51675150844_233c49ff55_b.jpg' class='fg-gallery-item  '><div class='gallery-icon landscape '><div class='fg_zoom'><img loading=\"lazy\" decoding=\"async\" width=\"1024\" height=\"682\" src=\"https:\/\/www.compagniadisanpaolo.it\/wp-content\/uploads\/51675150844_233c49ff55_b.jpg\" class=\"attachment-fgm-3-6 size-fgm-3-6\" alt=\"\" \/><a href='https:\/\/www.compagniadisanpaolo.it\/wp-content\/uploads\/51675150844_233c49ff55_b.jpg'><span class='fg-zoom-icon icon-plus'><\/span><\/a><\/div>\n\t\t\t\t\t\t<div class='fg-wp-caption-text fg-gallery-caption'><div class='caption-container'>\n\t\t\t\t\t\tInaugurazione Palasermig\n\t\t\t\t\t\t<\/div><\/div><\/div><\/div><div data-src='https:\/\/www.compagniadisanpaolo.it\/wp-content\/uploads\/51675149454_bed1c2732d_b.jpg' class='fg-gallery-item  '><div class='gallery-icon landscape '><div class='fg_zoom'><img loading=\"lazy\" decoding=\"async\" width=\"1000\" height=\"666\" src=\"https:\/\/www.compagniadisanpaolo.it\/wp-content\/uploads\/51675149454_bed1c2732d_b.jpg\" class=\"attachment-fgm-2-6 size-fgm-2-6\" alt=\"\" \/><a href='https:\/\/www.compagniadisanpaolo.it\/wp-content\/uploads\/51675149454_bed1c2732d_b.jpg'><span class='fg-zoom-icon icon-plus'><\/span><\/a><\/div>\n\t\t\t\t\t\t<div class='fg-wp-caption-text fg-gallery-caption'><div class='caption-container'>\n\t\t\t\t\t\tInaugurazione Palasermig\n\t\t\t\t\t\t<\/div><\/div><\/div><\/div>\n\t\t\t\t\t<\/div>\n[\/vc_column][\/vc_row][vc_row el_class=&#8221;sdg-list-wrap&#8221;][vc_column][vc_raw_html]JTVCbW9zdHJhU0RHUyU1RA==[\/vc_raw_html][\/vc_column][\/vc_row][vc_row][vc_column]<div class=\"templatera_shortcode\"><div data-vc-full-width=\"true\" data-vc-full-width-temp=\"true\" data-vc-full-width-init=\"false\" class=\"vc_row wpb_row vc_row-fluid newsletter-wrap\"><div class=\"wpb_column vc_column_container vc_col-sm-12\"><div class=\"vc_column-inner\"><div class=\"wpb_wrapper\">\n\t<div class=\"wpb_raw_code wpb_raw_html wpb_content_element\" >\n\t\t<div class=\"wpb_wrapper\">\n\t\t\t    <div class=\"container\">\n      <div class=\"row align-items-center\">\n\t<div class=\"col-12 col-lg-6 col-xl-5 mb-3 mb-lg-0 pr-0\">\n\t  <h2 class=\"title\">Rimani aggiornato sui nostri bandi e sui nostri progetti<\/h2>\n\t<\/div>\n\t<div class=\"col-12 col-lg-6 col-xl-7 pl-xl-4\">\n\t  <a class=\"standard-link-block\" href=\"\/it\/newsletter\/\">\n\t    Compila il form e decidi su quale argomento vuoi ricevere notizie.\t    <strong>\u00a0 ISCRIVITI!<\/strong>\n\t  <\/a>\n\t<\/div>\n      <\/div>\n    <\/div>\n\t\t<\/div>\n\t<\/div>\n<\/div><\/div><\/div><\/div><div class=\"vc_row-full-width vc_clearfix\"><\/div><\/div>[\/vc_column][\/vc_row]\n<\/div>","protected":false},"excerpt":{"rendered":"Grazie al progetto \u201cPer chi non ha Sport\u201d, sostenuto dalla Fondazione Compagnia di San Paolo attraverso il bando Muoviamoci, nasce un nuovo palazzetto dello sport in un quartiere della citt\u00e0 tra i pi\u00f9 complessi e multietnici. Condividi: Facebook Twitter Linkedin Whatsapp Mail Data di pubblicazione: 12 Novembre 2021 Obiettivo Persone. Obiettivo Pianeta. TagAttivit\u00e0 fisica e sportPari opportunit\u00e0Rigenerazione territorialeRigenerazione urbanaWellbeing \u00c8 stato inaugurato questa mattina, alla presenza del Presidente della Repubblica Sergio Mattarella, il PalaSermig, un nuovo palazzetto dello sport polivalente da 400 posti realizzato nel multietnico quartiere di Porta Palazzo di Torino, sugli esistenti campi all\u2019aperto in stato di abbandono e di grave degrado. Una struttura che sar\u00e0 il fulcro intorno al quale si svilupperanno le attivit\u00e0 sportive a favore dei giovani, delle donne e delle famiglie del quartiere, spesso escluse dalla possibilit\u00e0 di fare sport per ragioni economiche e sociali. Il palazzetto \u00e8, infatti, parte del progetto \u201cPer chi non ha sport\u201d, nato per rispondere a diversi bisogni di uno dei contesti pi\u00f9 complessi e multietnici di Torino, caratterizzato da rilevanti tensioni sociali, problemi d\u2019illegalit\u00e0 e sicurezza, situazioni di degrado, aumento della dispersione scolastica. Condizioni che sono persino peggiorate a causa della crisi da Covid-19. Il nuovo impianto risponde cos\u00ec alla fatica delle famiglie nel trovare punti di condivisione e incontro sicuri ed inclusivi e sar\u00e0 una grande opportunit\u00e0 per coinvolgere nuovi ragazzi nel percorso sportivo-educativo dell\u2019ASD Sermig, nata nel 2011 per offrire gratuitamente attivit\u00e0 sportive ai bambini del quartiere. La Fondazione Compagnia di San Paolo ha dato il suo sostegno al progetto attraverso il bando Muoviamoci, nato dalla collaborazione tra l\u2019Obiettivo Pianeta\u00a0e l\u2019Obiettivo Persone, con l'intento di sostenere e diffondere nella citt\u00e0 di Torino l\u2019attivit\u00e0 fisica e sportiva come strumento di prevenzione delle malattie e di promozione di corretti stili di vita, di inclusione, di educazione e di cittadinanza attiva, anche attraverso l\u2019adeguamento degli immobili, delle aree scoperte e delle aree verdi a uso sportivo esistenti sul territorio della citt\u00e0. Il progetto \u201cPer chi non ha sport\u201d ha ottenuto il sostegno della Fondazione grazie ai suoi due principali obiettivi: La creazione di un\u2019area sportiva di valore a servizio della citt\u00e0. Il Polo sportivo \u00e8 progettato per soddisfare i requisiti regolamentari delle maggiori serie per il calcio a cinque, per il Basket e per la Pallavolo, anche in termini di capienza del pubblico. Si prevede poi di attrezzare gli spazi anche per la danza e la ginnastica dolce per le donne adulte e per i corsi rivolti a arbitri o allenatori. Lo spazio, inoltre, avr\u00e0 la funzione di una \u201cpiazza\": spazio di socializzazione e creazione di comunit\u00e0, sempre custodito e abitato dagli educatori e animatori del Sermig. L'ampliamento e la valorizzazione dell'offerta sportiva in modalit\u00e0 gratuita per i bambini e ragazzi del quartiere di Porta Palazzo. Coinvolgerli in attivit\u00e0 sportive significa inserirli in un meccanismo di inclusione efficace, che coinvolge anche le loro famiglie e che stimola la creazione di una comunit\u00e0. Inaugurazione Palasermig Inaugurazione Palasermig Inaugurazione Palasermig Inaugurazione Palasermig Inaugurazione Palasermig Inaugurazione Palasermig Inaugurazione Palasermig Inaugurazione Palasermig Inaugurazione Palasermig Inaugurazione Palasermig Inaugurazione Palasermig Inaugurazione Palasermig Inaugurazione Palasermig Inaugurazione Palasermig Inaugurazione Palasermig Inaugurazione Palasermig Inaugurazione Palasermig Inaugurazione Palasermig Inaugurazione Palasermig Inaugurazione Palasermig Questa iniziativa contribuisce al raggiungimento dei seguenti Obiettivi di Sviluppo Sostenibile Rimani aggiornato sui nostri bandi e sui nostri progetti Compila il form e decidi su quale argomento vuoi ricevere notizie. \u00a0 ISCRIVITI!","protected":false},"author":19,"featured_media":15794,"comment_status":"closed","ping_status":"closed","sticky":false,"template":"","format":"standard","meta":{"_acf_changed":false,"content-type":"","footnotes":""},"categories":[17],"tags":[83,79,75,77,78],"class_list":["post-15792","post","type-post","status-publish","format-standard","has-post-thumbnail","hentry","category-news","tag-attivita-fisica-e-sport","tag-pari-opportunita","tag-rigenerazione-territoriale","tag-rigenerazione-urbana","tag-wellbeing","entry","post-inner"],"acf":[],"yoast_head":"<!-- This site is optimized with the Yoast SEO plugin v27.3 - https:\/\/yoast.com\/product\/yoast-seo-wordpress\/ -->\n<title>Una nuova opportunit\u00e0 per Porta Palazzo con il PalaSermig - Fondazione Compagnia di San Paolo<\/title>\n<meta name=\"description\" content=\"Inaugurato alla presenza del Presidente della Repubblica Sergio Mattarella, il PalaSermig, un nuovo palazzetto dello sport polivalente.\" \/>\n<meta name=\"robots\" content=\"index, follow, max-snippet:-1, max-image-preview:large, max-video-preview:-1\" \/>\n<link rel=\"canonical\" href=\"https:\/\/www.compagniadisanpaolo.it\/it\/news\/una-nuova-opportunita-per-porta-palazzo-con-il-palasermig\/\" \/>\n<meta property=\"og:locale\" content=\"it_IT\" \/>\n<meta property=\"og:type\" content=\"article\" \/>\n<meta property=\"og:title\" content=\"Una nuova opportunit\u00e0 per Porta Palazzo con il PalaSermig - Fondazione Compagnia di San Paolo\" \/>\n<meta property=\"og:description\" content=\"Inaugurato alla presenza del Presidente della Repubblica Sergio Mattarella, il PalaSermig, un nuovo palazzetto dello sport polivalente.\" \/>\n<meta property=\"og:url\" content=\"https:\/\/www.compagniadisanpaolo.it\/it\/news\/una-nuova-opportunita-per-porta-palazzo-con-il-palasermig\/\" \/>\n<meta property=\"og:site_name\" content=\"Fondazione Compagnia di San Paolo\" \/>\n<meta property=\"article:publisher\" content=\"https:\/\/www.facebook.com\/CompagniaDiSanPaolo\" \/>\n<meta property=\"article:published_time\" content=\"2021-11-12T17:00:06+00:00\" \/>\n<meta property=\"article:modified_time\" content=\"2021-11-19T13:22:00+00:00\" \/>\n<meta property=\"og:image\" content=\"https:\/\/www.compagniadisanpaolo.it\/wp-content\/uploads\/image007-2.jpg\" \/>\n\t<meta property=\"og:image:width\" content=\"815\" \/>\n\t<meta property=\"og:image:height\" content=\"350\" \/>\n\t<meta property=\"og:image:type\" content=\"image\/jpeg\" \/>\n<meta name=\"author\" content=\"Federica\" \/>\n<meta name=\"twitter:card\" content=\"summary_large_image\" \/>\n<meta name=\"twitter:creator\" content=\"@CSP_live\" \/>\n<meta name=\"twitter:site\" content=\"@CSP_live\" \/>\n<meta name=\"twitter:label1\" content=\"Scritto da\" \/>\n\t<meta name=\"twitter:data1\" content=\"Federica\" \/>\n\t<meta name=\"twitter:label2\" content=\"Tempo di lettura stimato\" \/>\n\t<meta name=\"twitter:data2\" content=\"3 minuti\" \/>\n<script type=\"application\/ld+json\" class=\"yoast-schema-graph\">{\"@context\":\"https:\\\/\\\/schema.org\",\"@graph\":[{\"@type\":\"Article\",\"@id\":\"https:\\\/\\\/www.compagniadisanpaolo.it\\\/it\\\/news\\\/una-nuova-opportunita-per-porta-palazzo-con-il-palasermig\\\/#article\",\"isPartOf\":{\"@id\":\"https:\\\/\\\/www.compagniadisanpaolo.it\\\/it\\\/news\\\/una-nuova-opportunita-per-porta-palazzo-con-il-palasermig\\\/\"},\"author\":{\"name\":\"Federica\",\"@id\":\"https:\\\/\\\/www.compagniadisanpaolo.it\\\/it\\\/#\\\/schema\\\/person\\\/b7d5451541c25c82f29c5be1e78456b2\"},\"headline\":\"Una nuova opportunit\u00e0 per Porta Palazzo con il PalaSermig\",\"datePublished\":\"2021-11-12T17:00:06+00:00\",\"dateModified\":\"2021-11-19T13:22:00+00:00\",\"mainEntityOfPage\":{\"@id\":\"https:\\\/\\\/www.compagniadisanpaolo.it\\\/it\\\/news\\\/una-nuova-opportunita-per-porta-palazzo-con-il-palasermig\\\/\"},\"wordCount\":608,\"publisher\":{\"@id\":\"https:\\\/\\\/www.compagniadisanpaolo.it\\\/it\\\/#organization\"},\"image\":{\"@id\":\"https:\\\/\\\/www.compagniadisanpaolo.it\\\/it\\\/news\\\/una-nuova-opportunita-per-porta-palazzo-con-il-palasermig\\\/#primaryimage\"},\"thumbnailUrl\":\"https:\\\/\\\/www.compagniadisanpaolo.it\\\/wp-content\\\/uploads\\\/image007-2.jpg\",\"keywords\":[\"attivit\u00e0 fisica e sport\",\"pari opportunit\u00e0\",\"rigenerazione territoriale\",\"rigenerazione urbana\",\"wellbeing\"],\"articleSection\":[\"News\"],\"inLanguage\":\"it-IT\"},{\"@type\":\"WebPage\",\"@id\":\"https:\\\/\\\/www.compagniadisanpaolo.it\\\/it\\\/news\\\/una-nuova-opportunita-per-porta-palazzo-con-il-palasermig\\\/\",\"url\":\"https:\\\/\\\/www.compagniadisanpaolo.it\\\/it\\\/news\\\/una-nuova-opportunita-per-porta-palazzo-con-il-palasermig\\\/\",\"name\":\"Una nuova opportunit\u00e0 per Porta Palazzo con il PalaSermig - Fondazione Compagnia di San Paolo\",\"isPartOf\":{\"@id\":\"https:\\\/\\\/www.compagniadisanpaolo.it\\\/it\\\/#website\"},\"primaryImageOfPage\":{\"@id\":\"https:\\\/\\\/www.compagniadisanpaolo.it\\\/it\\\/news\\\/una-nuova-opportunita-per-porta-palazzo-con-il-palasermig\\\/#primaryimage\"},\"image\":{\"@id\":\"https:\\\/\\\/www.compagniadisanpaolo.it\\\/it\\\/news\\\/una-nuova-opportunita-per-porta-palazzo-con-il-palasermig\\\/#primaryimage\"},\"thumbnailUrl\":\"https:\\\/\\\/www.compagniadisanpaolo.it\\\/wp-content\\\/uploads\\\/image007-2.jpg\",\"datePublished\":\"2021-11-12T17:00:06+00:00\",\"dateModified\":\"2021-11-19T13:22:00+00:00\",\"description\":\"Inaugurato alla presenza del Presidente della Repubblica Sergio Mattarella, il PalaSermig, un nuovo palazzetto dello sport polivalente.\",\"breadcrumb\":{\"@id\":\"https:\\\/\\\/www.compagniadisanpaolo.it\\\/it\\\/news\\\/una-nuova-opportunita-per-porta-palazzo-con-il-palasermig\\\/#breadcrumb\"},\"inLanguage\":\"it-IT\",\"potentialAction\":[{\"@type\":\"ReadAction\",\"target\":[\"https:\\\/\\\/www.compagniadisanpaolo.it\\\/it\\\/news\\\/una-nuova-opportunita-per-porta-palazzo-con-il-palasermig\\\/\"]}]},{\"@type\":\"ImageObject\",\"inLanguage\":\"it-IT\",\"@id\":\"https:\\\/\\\/www.compagniadisanpaolo.it\\\/it\\\/news\\\/una-nuova-opportunita-per-porta-palazzo-con-il-palasermig\\\/#primaryimage\",\"url\":\"https:\\\/\\\/www.compagniadisanpaolo.it\\\/wp-content\\\/uploads\\\/image007-2.jpg\",\"contentUrl\":\"https:\\\/\\\/www.compagniadisanpaolo.it\\\/wp-content\\\/uploads\\\/image007-2.jpg\",\"width\":815,\"height\":350},{\"@type\":\"BreadcrumbList\",\"@id\":\"https:\\\/\\\/www.compagniadisanpaolo.it\\\/it\\\/news\\\/una-nuova-opportunita-per-porta-palazzo-con-il-palasermig\\\/#breadcrumb\",\"itemListElement\":[{\"@type\":\"ListItem\",\"position\":1,\"name\":\"Home\",\"item\":\"https:\\\/\\\/www.compagniadisanpaolo.it\\\/it\\\/\"},{\"@type\":\"ListItem\",\"position\":2,\"name\":\"Una nuova opportunit\u00e0 per Porta Palazzo con il PalaSermig\"}]},{\"@type\":\"WebSite\",\"@id\":\"https:\\\/\\\/www.compagniadisanpaolo.it\\\/it\\\/#website\",\"url\":\"https:\\\/\\\/www.compagniadisanpaolo.it\\\/it\\\/\",\"name\":\"Fondazione Compagnia di San Paolo\",\"description\":\"\",\"publisher\":{\"@id\":\"https:\\\/\\\/www.compagniadisanpaolo.it\\\/it\\\/#organization\"},\"potentialAction\":[{\"@type\":\"SearchAction\",\"target\":{\"@type\":\"EntryPoint\",\"urlTemplate\":\"https:\\\/\\\/www.compagniadisanpaolo.it\\\/it\\\/?s={search_term_string}\"},\"query-input\":{\"@type\":\"PropertyValueSpecification\",\"valueRequired\":true,\"valueName\":\"search_term_string\"}}],\"inLanguage\":\"it-IT\"},{\"@type\":\"Organization\",\"@id\":\"https:\\\/\\\/www.compagniadisanpaolo.it\\\/it\\\/#organization\",\"name\":\"Fondazione Compagnia di San Paolo\",\"url\":\"https:\\\/\\\/www.compagniadisanpaolo.it\\\/it\\\/\",\"logo\":{\"@type\":\"ImageObject\",\"inLanguage\":\"it-IT\",\"@id\":\"https:\\\/\\\/www.compagniadisanpaolo.it\\\/it\\\/#\\\/schema\\\/logo\\\/image\\\/\",\"url\":\"https:\\\/\\\/www.compagniadisanpaolo.it\\\/wp-content\\\/uploads\\\/logo.svg\",\"contentUrl\":\"https:\\\/\\\/www.compagniadisanpaolo.it\\\/wp-content\\\/uploads\\\/logo.svg\",\"width\":769,\"height\":323,\"caption\":\"Fondazione Compagnia di San Paolo\"},\"image\":{\"@id\":\"https:\\\/\\\/www.compagniadisanpaolo.it\\\/it\\\/#\\\/schema\\\/logo\\\/image\\\/\"},\"sameAs\":[\"https:\\\/\\\/www.facebook.com\\\/CompagniaDiSanPaolo\",\"https:\\\/\\\/x.com\\\/CSP_live\",\"http:\\\/\\\/instagram.com\\\/compagniadisanpaolo?ref=badge\",\"https:\\\/\\\/www.linkedin.com\\\/company\\\/compagnia-di-san-paolo\",\"https:\\\/\\\/www.youtube.com\\\/user\\\/compagniadisanpaolo\",\"https:\\\/\\\/it.wikipedia.org\\\/wiki\\\/Compagnia_di_San_Paolo\"]},{\"@type\":\"Person\",\"@id\":\"https:\\\/\\\/www.compagniadisanpaolo.it\\\/it\\\/#\\\/schema\\\/person\\\/b7d5451541c25c82f29c5be1e78456b2\",\"name\":\"Federica\",\"image\":{\"@type\":\"ImageObject\",\"inLanguage\":\"it-IT\",\"@id\":\"https:\\\/\\\/secure.gravatar.com\\\/avatar\\\/b5698fa13ac389b1f1fb1263a4626e219d853d7ccf112e854aea8c9c087d24ae?s=96&d=mm&r=g\",\"url\":\"https:\\\/\\\/secure.gravatar.com\\\/avatar\\\/b5698fa13ac389b1f1fb1263a4626e219d853d7ccf112e854aea8c9c087d24ae?s=96&d=mm&r=g\",\"contentUrl\":\"https:\\\/\\\/secure.gravatar.com\\\/avatar\\\/b5698fa13ac389b1f1fb1263a4626e219d853d7ccf112e854aea8c9c087d24ae?s=96&d=mm&r=g\",\"caption\":\"Federica\"}}]}<\/script>\n<!-- \/ Yoast SEO plugin. -->","yoast_head_json":{"title":"Una nuova opportunit\u00e0 per Porta Palazzo con il PalaSermig - Fondazione Compagnia di San Paolo","description":"Inaugurato alla presenza del Presidente della Repubblica Sergio Mattarella, il PalaSermig, un nuovo palazzetto dello sport polivalente.","robots":{"index":"index","follow":"follow","max-snippet":"max-snippet:-1","max-image-preview":"max-image-preview:large","max-video-preview":"max-video-preview:-1"},"canonical":"https:\/\/www.compagniadisanpaolo.it\/it\/news\/una-nuova-opportunita-per-porta-palazzo-con-il-palasermig\/","og_locale":"it_IT","og_type":"article","og_title":"Una nuova opportunit\u00e0 per Porta Palazzo con il PalaSermig - Fondazione Compagnia di San Paolo","og_description":"Inaugurato alla presenza del Presidente della Repubblica Sergio Mattarella, il PalaSermig, un nuovo palazzetto dello sport polivalente.","og_url":"https:\/\/www.compagniadisanpaolo.it\/it\/news\/una-nuova-opportunita-per-porta-palazzo-con-il-palasermig\/","og_site_name":"Fondazione Compagnia di San Paolo","article_publisher":"https:\/\/www.facebook.com\/CompagniaDiSanPaolo","article_published_time":"2021-11-12T17:00:06+00:00","article_modified_time":"2021-11-19T13:22:00+00:00","og_image":[{"width":815,"height":350,"url":"https:\/\/www.compagniadisanpaolo.it\/wp-content\/uploads\/image007-2.jpg","type":"image\/jpeg"}],"author":"Federica","twitter_card":"summary_large_image","twitter_creator":"@CSP_live","twitter_site":"@CSP_live","twitter_misc":{"Scritto da":"Federica","Tempo di lettura stimato":"3 minuti"},"schema":{"@context":"https:\/\/schema.org","@graph":[{"@type":"Article","@id":"https:\/\/www.compagniadisanpaolo.it\/it\/news\/una-nuova-opportunita-per-porta-palazzo-con-il-palasermig\/#article","isPartOf":{"@id":"https:\/\/www.compagniadisanpaolo.it\/it\/news\/una-nuova-opportunita-per-porta-palazzo-con-il-palasermig\/"},"author":{"name":"Federica","@id":"https:\/\/www.compagniadisanpaolo.it\/it\/#\/schema\/person\/b7d5451541c25c82f29c5be1e78456b2"},"headline":"Una nuova opportunit\u00e0 per Porta Palazzo con il PalaSermig","datePublished":"2021-11-12T17:00:06+00:00","dateModified":"2021-11-19T13:22:00+00:00","mainEntityOfPage":{"@id":"https:\/\/www.compagniadisanpaolo.it\/it\/news\/una-nuova-opportunita-per-porta-palazzo-con-il-palasermig\/"},"wordCount":608,"publisher":{"@id":"https:\/\/www.compagniadisanpaolo.it\/it\/#organization"},"image":{"@id":"https:\/\/www.compagniadisanpaolo.it\/it\/news\/una-nuova-opportunita-per-porta-palazzo-con-il-palasermig\/#primaryimage"},"thumbnailUrl":"https:\/\/www.compagniadisanpaolo.it\/wp-content\/uploads\/image007-2.jpg","keywords":["attivit\u00e0 fisica e sport","pari opportunit\u00e0","rigenerazione territoriale","rigenerazione urbana","wellbeing"],"articleSection":["News"],"inLanguage":"it-IT"},{"@type":"WebPage","@id":"https:\/\/www.compagniadisanpaolo.it\/it\/news\/una-nuova-opportunita-per-porta-palazzo-con-il-palasermig\/","url":"https:\/\/www.compagniadisanpaolo.it\/it\/news\/una-nuova-opportunita-per-porta-palazzo-con-il-palasermig\/","name":"Una nuova opportunit\u00e0 per Porta Palazzo con il PalaSermig - Fondazione Compagnia di San Paolo","isPartOf":{"@id":"https:\/\/www.compagniadisanpaolo.it\/it\/#website"},"primaryImageOfPage":{"@id":"https:\/\/www.compagniadisanpaolo.it\/it\/news\/una-nuova-opportunita-per-porta-palazzo-con-il-palasermig\/#primaryimage"},"image":{"@id":"https:\/\/www.compagniadisanpaolo.it\/it\/news\/una-nuova-opportunita-per-porta-palazzo-con-il-palasermig\/#primaryimage"},"thumbnailUrl":"https:\/\/www.compagniadisanpaolo.it\/wp-content\/uploads\/image007-2.jpg","datePublished":"2021-11-12T17:00:06+00:00","dateModified":"2021-11-19T13:22:00+00:00","description":"Inaugurato alla presenza del Presidente della Repubblica Sergio Mattarella, il PalaSermig, un nuovo palazzetto dello sport polivalente.","breadcrumb":{"@id":"https:\/\/www.compagniadisanpaolo.it\/it\/news\/una-nuova-opportunita-per-porta-palazzo-con-il-palasermig\/#breadcrumb"},"inLanguage":"it-IT","potentialAction":[{"@type":"ReadAction","target":["https:\/\/www.compagniadisanpaolo.it\/it\/news\/una-nuova-opportunita-per-porta-palazzo-con-il-palasermig\/"]}]},{"@type":"ImageObject","inLanguage":"it-IT","@id":"https:\/\/www.compagniadisanpaolo.it\/it\/news\/una-nuova-opportunita-per-porta-palazzo-con-il-palasermig\/#primaryimage","url":"https:\/\/www.compagniadisanpaolo.it\/wp-content\/uploads\/image007-2.jpg","contentUrl":"https:\/\/www.compagniadisanpaolo.it\/wp-content\/uploads\/image007-2.jpg","width":815,"height":350},{"@type":"BreadcrumbList","@id":"https:\/\/www.compagniadisanpaolo.it\/it\/news\/una-nuova-opportunita-per-porta-palazzo-con-il-palasermig\/#breadcrumb","itemListElement":[{"@type":"ListItem","position":1,"name":"Home","item":"https:\/\/www.compagniadisanpaolo.it\/it\/"},{"@type":"ListItem","position":2,"name":"Una nuova opportunit\u00e0 per Porta Palazzo con il PalaSermig"}]},{"@type":"WebSite","@id":"https:\/\/www.compagniadisanpaolo.it\/it\/#website","url":"https:\/\/www.compagniadisanpaolo.it\/it\/","name":"Fondazione Compagnia di San Paolo","description":"","publisher":{"@id":"https:\/\/www.compagniadisanpaolo.it\/it\/#organization"},"potentialAction":[{"@type":"SearchAction","target":{"@type":"EntryPoint","urlTemplate":"https:\/\/www.compagniadisanpaolo.it\/it\/?s={search_term_string}"},"query-input":{"@type":"PropertyValueSpecification","valueRequired":true,"valueName":"search_term_string"}}],"inLanguage":"it-IT"},{"@type":"Organization","@id":"https:\/\/www.compagniadisanpaolo.it\/it\/#organization","name":"Fondazione Compagnia di San Paolo","url":"https:\/\/www.compagniadisanpaolo.it\/it\/","logo":{"@type":"ImageObject","inLanguage":"it-IT","@id":"https:\/\/www.compagniadisanpaolo.it\/it\/#\/schema\/logo\/image\/","url":"https:\/\/www.compagniadisanpaolo.it\/wp-content\/uploads\/logo.svg","contentUrl":"https:\/\/www.compagniadisanpaolo.it\/wp-content\/uploads\/logo.svg","width":769,"height":323,"caption":"Fondazione Compagnia di San Paolo"},"image":{"@id":"https:\/\/www.compagniadisanpaolo.it\/it\/#\/schema\/logo\/image\/"},"sameAs":["https:\/\/www.facebook.com\/CompagniaDiSanPaolo","https:\/\/x.com\/CSP_live","http:\/\/instagram.com\/compagniadisanpaolo?ref=badge","https:\/\/www.linkedin.com\/company\/compagnia-di-san-paolo","https:\/\/www.youtube.com\/user\/compagniadisanpaolo","https:\/\/it.wikipedia.org\/wiki\/Compagnia_di_San_Paolo"]},{"@type":"Person","@id":"https:\/\/www.compagniadisanpaolo.it\/it\/#\/schema\/person\/b7d5451541c25c82f29c5be1e78456b2","name":"Federica","image":{"@type":"ImageObject","inLanguage":"it-IT","@id":"https:\/\/secure.gravatar.com\/avatar\/b5698fa13ac389b1f1fb1263a4626e219d853d7ccf112e854aea8c9c087d24ae?s=96&d=mm&r=g","url":"https:\/\/secure.gravatar.com\/avatar\/b5698fa13ac389b1f1fb1263a4626e219d853d7ccf112e854aea8c9c087d24ae?s=96&d=mm&r=g","contentUrl":"https:\/\/secure.gravatar.com\/avatar\/b5698fa13ac389b1f1fb1263a4626e219d853d7ccf112e854aea8c9c087d24ae?s=96&d=mm&r=g","caption":"Federica"}}]}},"amp_enabled":true,"_links":{"self":[{"href":"https:\/\/www.compagniadisanpaolo.it\/it\/wp-json\/wp\/v2\/posts\/15792","targetHints":{"allow":["GET"]}}],"collection":[{"href":"https:\/\/www.compagniadisanpaolo.it\/it\/wp-json\/wp\/v2\/posts"}],"about":[{"href":"https:\/\/www.compagniadisanpaolo.it\/it\/wp-json\/wp\/v2\/types\/post"}],"author":[{"embeddable":true,"href":"https:\/\/www.compagniadisanpaolo.it\/it\/wp-json\/wp\/v2\/users\/19"}],"replies":[{"embeddable":true,"href":"https:\/\/www.compagniadisanpaolo.it\/it\/wp-json\/wp\/v2\/comments?post=15792"}],"version-history":[{"count":4,"href":"https:\/\/www.compagniadisanpaolo.it\/it\/wp-json\/wp\/v2\/posts\/15792\/revisions"}],"predecessor-version":[{"id":15886,"href":"https:\/\/www.compagniadisanpaolo.it\/it\/wp-json\/wp\/v2\/posts\/15792\/revisions\/15886"}],"wp:featuredmedia":[{"embeddable":true,"href":"https:\/\/www.compagniadisanpaolo.it\/it\/wp-json\/wp\/v2\/media\/15794"}],"wp:attachment":[{"href":"https:\/\/www.compagniadisanpaolo.it\/it\/wp-json\/wp\/v2\/media?parent=15792"}],"wp:term":[{"taxonomy":"category","embeddable":true,"href":"https:\/\/www.compagniadisanpaolo.it\/it\/wp-json\/wp\/v2\/categories?post=15792"},{"taxonomy":"post_tag","embeddable":true,"href":"https:\/\/www.compagniadisanpaolo.it\/it\/wp-json\/wp\/v2\/tags?post=15792"}],"curies":[{"name":"wp","href":"https:\/\/api.w.org\/{rel}","templated":true}]}}