{"id":15589,"date":"2021-10-28T16:34:19","date_gmt":"2021-10-28T14:34:19","guid":{"rendered":"https:\/\/www.compagniadisanpaolo.it\/?p=15589"},"modified":"2021-10-28T16:34:19","modified_gmt":"2021-10-28T14:34:19","slug":"a-carignano-un-nuovo-hospice-faro","status":"publish","type":"post","link":"https:\/\/www.compagniadisanpaolo.it\/it\/news\/a-carignano-un-nuovo-hospice-faro\/","title":{"rendered":"A Carignano un nuovo hospice FARO"},"content":{"rendered":"<div class=\"wpb-content-wrapper\">[vc_row][vc_column][vc_column_text el_class=&#8221;text-headline2&#8243;]Taglio del nastro questa mattina per la struttura, realizzata grazie al lascito di Alfredo Cornaglia e alla Fondazione Compagnia di San Paolo che gestisce il Fondo Opera Alfredo Cornaglia.[\/vc_column_text][\/vc_column][\/vc_row][vc_row][vc_column][vc_column_text]\n<div class=\"info-box mission\">\n\t\t<div class=\"info-box-wrap info-box-hor row pb-0\">\n\n\t\t      \n\t\t      <div class=\"spalla col-12 col-md-12\">\n\t\t\t<div class=\"info-box sharing-box\">\n\t\t\t  <span class=\"label\">Condividi:<\/span>\n\t\t\t  <div class=\"social-sharing\">\n\t\t\t    <span class=\"box\">\n\t\t\t      <a class=\"fb\" href=\"https:\/\/www.facebook.com\/sharer.php?u=https:\/\/www.compagniadisanpaolo.it\/it\/news\/a-carignano-un-nuovo-hospice-faro\/\" target=\"_blank\">\n\t\t\t\t<span class=\"sr-only\">Facebook<\/span>\n\t\t\t\t<i class=\"fab fa-facebook-f\"><\/i>\n\t\t\t      <\/a>\n\t\t\t    <\/span>\n\t\t\t    \n\t\t\t    <style>\n.twitter, .twitter:hover{\ncolor:#000000 !important;}\n<\/style>\n\n\n\t\t\t    <span class=\"box\">\n\t\t\t      <a class=\"twitter\" href=\"https:\/\/twitter.com\/intent\/tweet?url=https:\/\/www.compagniadisanpaolo.it\/it\/news\/a-carignano-un-nuovo-hospice-faro\/\">\n\t\t\t\t<span class=\"sr-only\">Twitter<\/span>\n\t\t\t\t<i class=\"fa-brands fa-x-twitter\"><\/i>\n\t\t\t      <\/a>\n\t\t\t    <\/span>\n\n\t\t\t    \n\t\t\t    <span class=\"box\">\n\t\t\t      <a class=\"linkedin\" href=\"https:\/\/www.linkedin.com\/shareArticle?mini=true&url=https:\/\/www.compagniadisanpaolo.it\/it\/news\/a-carignano-un-nuovo-hospice-faro\/\">\n\t\t\t\t<span class=\"sr-only\">Linkedin<\/span>\n\t\t\t\t  <i class=\"fa-brands fa-linkedin-in\"><\/i>\n\t\t\t      <\/a>\n\t\t\t    <\/span>\n\n\t\t\t    <span class=\"box\">\n\t\t\t      <a class=\"whatsapp\" href=\"whatsapp:\/\/send?text=https:\/\/www.compagniadisanpaolo.it\/it\/news\/a-carignano-un-nuovo-hospice-faro\/\" data-action=\"share\/whatsapp\/share\">\n\t\t\t\t<span class=\"sr-only\">Whatsapp<\/span>\n\t\t\t\t<i class=\"fa-brands fa-whatsapp\"><\/i>\n\t\t\t      <\/a>\n\t\t\t    <\/span>\n\n\t\t\t    <span class=\"box\">\n\t\t\t      <a class=\"mail\" href=\"mailto:?subject=A Carignano un nuovo hospice FARO&body=https:\/\/www.compagniadisanpaolo.it\/it\/news\/a-carignano-un-nuovo-hospice-faro\/\">\n\t\t\t\t<span class=\"sr-only\">Mail<\/span>\n\t\t\t\t <i class=\"fa-solid fa-envelope\"><\/i>\n\t\t\t      <\/a>\n\t\t\t    <\/span>\n\t\t\t    \n\t\t\t  <\/div>\n\t\t\t<\/div>\n\t      <\/div>\n\t    <\/div><\/div>\n[\/vc_column_text][\/vc_column][\/vc_row][vc_row][vc_column width=&#8221;1\/4&#8243;][vc_column_text]\n\n\n\t\t<div class=\"info-box-wrap\">\n\n\t  <div class=\"info-box date-pub\">\n\t  \t<span class=\"label\">Data di pubblicazione:<\/span>\n\t    <span class=\"value\">28 Ottobre 2021<\/span>\n\t  <\/div>\n\t\t\t\t  <div class=\"info-box obj-people\">\n\t\t\t\t\t  <div class=\"info-box obj\"><span class=\"label\">Obiettivo<\/span>\n\t\t\t\t\t    <div class=\"obj-small-box\">\n\t\t\t\t\t      <span>Persone.<\/span>\n\t\t\t\t\t    <\/div>\n\t\t\t\t\t  <\/div>\n\t\t\t\t  <\/div>\n\t\t\t  <div class=\"info-box mission\"><span class=\"label\">Tag<\/span><a href=\"https:\/\/www.compagniadisanpaolo.it\/it\/tags\/risultati\/?_sft_post_tag=oltre-lerogazione\" class=\"tag-element\">Oltre l'erogazione<\/a><a href=\"https:\/\/www.compagniadisanpaolo.it\/it\/tags\/risultati\/?_sft_post_tag=pari-opportunita\" class=\"tag-element\">Pari opportunit\u00e0<\/a><a href=\"https:\/\/www.compagniadisanpaolo.it\/it\/tags\/risultati\/?_sft_post_tag=rigenerazione-urbana\" class=\"tag-element\">Rigenerazione urbana<\/a><a href=\"https:\/\/www.compagniadisanpaolo.it\/it\/tags\/risultati\/?_sft_post_tag=wellbeing\" class=\"tag-element\">Wellbeing<\/a><\/div>\t  \n\t<\/div>\n[\/vc_column_text][\/vc_column][vc_column width=&#8221;3\/4&#8243; el_class=&#8221;page-content&#8221;][vc_column_text el_class=&#8221;text&#8221;]In linea con gli obiettivi della sua missione <a href=\"https:\/\/www.compagniadisanpaolo.it\/it\/le-nostre-sfide\/obiettivo-persone\/diventare-comunita\/\" target=\"_blank\" rel=\"noopener\">Diventare comunit\u00e0<\/a>\u00a0dell&#8217;<a href=\"https:\/\/www.compagniadisanpaolo.it\/it\/le-nostre-sfide\/obiettivo-persone\/\" target=\"_blank\" rel=\"noopener\">Obiettivo Persone<\/a>, la Fondazione Compagnia di San Paolo ha contribuito alla realizzazione del nuovo hospice della <a href=\"https:\/\/www.fondazionefaro.it\/\" target=\"_blank\" rel=\"noopener\">Fondazione FARO onlus<\/a>\u00a0di Carignano, inaugurato proprio questa mattina alla presenza, tra gli altri, del <a href=\"https:\/\/www.compagniadisanpaolo.it\/it\/fondazione\/organi\/alberto-anfossi-segretario-generale\/\" target=\"_blank\" rel=\"noopener\">Segretario Generale della Fondazione Alberto Anfossi<\/a>.<\/p>\n<p>Situato presso un\u2019ala dell\u2019ex ospedale San Remigio, il nuovo Hospice, che dovrebbe accogliere i primi pazienti entro fine anno, \u00e8 intitolato alla memoria di Alfredo Cornaglia, consigliere della Fondazione FARO, che con la sua generosit\u00e0 ha permesso il raggiungimento di questo grande traguardo: la struttura \u00e8 stata infatti realizzata grazie al lascito del professore a favore della FARO e al supporto della Fondazione Compagnia di San Paolo che gestisce il Fondo Opera Alfredo Cornaglia.<\/p>\n<p>L\u2019hospice si sviluppa su un\u2019area di 1.500 metri quadrati e dispone di 14 camere da letto singole, dotate di bagno privato e di poltrona letto per un familiare. Un ambiente accogliente per assistere il malato e i suoi cari con un piano di cura specialistico. Grande importanza \u00e8 stata data alle aree comuni. Di prossima realizzazione, poi, l\u2019area verde dedicata anche ad attivit\u00e0 espressive di giardinaggio, un vero e proprio luogo di cura all\u2019aria aperta. Sempre all\u2019interno del complesso, verr\u00e0 avviato un ambulatorio di cure palliative.<\/p>\n<p>&#8220;La Fondazione Compagnia di San Paolo, con la missione Diventare comunit\u00e0 dell\u2019Obiettivo Persone, sostiene progetti che offrono ai soggetti con bisogni di cura gli strumenti utili a garantire una piena libert\u00e0 di scelta &#8211; ha spiegato il<strong> Segretario Generale della Fondazione Compagnia di San Paolo Alberto Anfossi<\/strong> -. Il nuovo hospice a Carignano \u00e8 stato realizzato grazie al lavoro sinergico di professionisti della Fondazione FARO, dell\u2019ASL e della nostra Fondazione, per garantire alle persone in fase avanzata di malattia la massima qualit\u00e0 di vita possibile, offrendo loro uno spazio di cura simile alla propria casa, una risposta accogliente e un\u2019adeguata ed efficace assistenza per il controllo della sofferenza.<\/p>\n<p>Il progetto \u00e8 stato interamente finanziato grazie ai proventi generati dal &#8220;Fondo Opera di Alfredo Cornaglia&#8221;, gestito dalla Compagnia di San Paolo secondo le volont\u00e0 del medico e benefattore Alfredo Cornaglia. La gestione finanziaria del fondo &#8211; la cui consistenza odierna \u00e8 pari a oltre 25 milioni di euro &#8211; ha permesso di realizzare questo intervento e consentir\u00e0 di svilupparne altri per gli anni a venire. Il &#8220;Fondo Opera di Alfredo Cornaglia&#8221; rappresenta un modello nella relazione tra la Fondazione Compagnia di San Paolo e i benefattori privati, consentendo alla Fondazione di agire come una piattaforma filantropica aperta, che mette a disposizione le proprie professionalit\u00e0 e competenze per il bene comune&#8221;.<\/p>\n<p><a href=\"https:\/\/www.compagniadisanpaolo.it\/it\/comunicati-stampa\/taglio-del-nastro-per-il-nuovo-hospice-faro-alfredo-cornaglia-di-carignano\/\" target=\"_blank\" rel=\"noopener\">Qui<\/a> il comunicato stampa.[\/vc_column_text][\/vc_column][\/vc_row][vc_row][vc_column]<style type='text\/css'>\n\t\t\t\t#gallery-1 {\n\t\t\t\t\tmargin: auto;\n\t\t\t\t}\n\t\t\t\t#gallery-1.FGM-Collage .fg-gallery-item {\n\t\t\t\t\ttext-align: center;\t\t\t\n\t\t\t\t}\n\t\t\t\t#gallery-1 .fg-gallery-caption {\n\t\t\t\t\tmargin-left: 0;\n\t\t\t\t}\n\t\t\t\t#gallery-1.fastgallery_mosaic .fg-gallery-caption, \n\t\t\t\t#gallery-1.fastgallery_mosaic .fg-gallery-caption:hover {\n\t\t\t\t\tbackground-color:rgba( 4 , 106 , 56 , 1);\n\t\t\t\t}\n\t\t\t\t#gallery-1.fastgallery_mosaic.gallery .gallery-icon .fg_zoom a, \n\t\t\t\t#gallery-1.fastgallery_mosaic.gallery .gallery-icon .fg_zoom a:hover {\n\t\t\t\t\tcolor:#046a38;\n\t\t\t\t}\n\t\t\t\t#gallery-1.fastgallery_mosaic.fg_style1 .fg-gallery-caption {\n\t\t\t\t\tcolor:#ffffff;\t\n\t\t\t\t}\n\t\t\t\t#gallery-1.fastgallery_mosaic.gallery.fg_style2 .gallery-icon .fg_zoom a {\n\t\t\t\t\tbackground:rgba( 255 , 255 , 255 , 0.3);\n\t\t\t\t}\n\t\t\t\t#gallery-1.fastgallery_mosaic.fg_style2 .fg-gallery-caption {\n\t\t\t\t\tcolor:#ffffff;\t\n\t\t\t\t}\t\t\t\n\t\t\t\t#gallery-1.fastgallery_mosaic.gallery.fg_style3 .fg_zoom, #gallery-1.fastgallery_mosaic.gallery.fg_style3 .fg_zoom:hover {\n\t\t\t\t\tbackground:rgba( 4 , 106 , 56 , 1);\n\t\t\t\t}\n\t\t\t\t#gallery-1.fastgallery_mosaic.fg_style3 .fg-gallery-caption {\n\t\t\t\t\tcolor:#ffffff;\t\n\t\t\t\t}\t\t\t\t\n\t\t\t\t#gallery-1.fastgallery_mosaic.fg_style4 .fg-gallery-caption,\t\t\t\n\t\t\t\t#gallery-1.fastgallery_mosaic.gallery.fg_style4 .gallery-icon .fg_zoom a, \n\t\t\t\t#gallery-1.fastgallery_mosaic.gallery.fg_style4 .gallery-icon .fg_zoom a:hover {\n\t\t\t\t\tcolor:#ffffff;\n\t\t\t\t}\n\t\t\t\t#gallery-1.fastgallery_mosaic.gallery.fg_style4 .gallery-icon .fg_zoom a, \n\t\t\t\t#gallery-1.fastgallery_mosaic.gallery.fg_style4 .gallery-icon .fg_zoom a:hover\t{\n\t\t\t\t\tbackground:rgba( 4 , 106 , 56 , 1);\n\t\t\t\t}\t\t\t\n\t\t\t\t#gallery-1.fastgallery_mosaic.gallery.fg_style5 .gallery-icon .fg_zoom a, \n\t\t\t\t#gallery-1.fastgallery_mosaic.gallery.fg_style5 .gallery-icon .fg_zoom a:hover\t{\n\t\t\t\t\tcolor:#ffffff;\n\t\t\t\t\tbackground-color:rgba( 4 , 106 , 56 , 1);\n\t\t\t\t}\t\t\t\t\t\n\t\t\t\t#gallery-1.fastgallery_mosaic.gallery.fg_style6 .gallery-icon .fg_zoom a,\n\t\t\t\t#gallery-1.fastgallery_mosaic.gallery.fg_style6 .gallery-icon .fg_zoom a:hover {\n\t\t\t\t\tcolor:#ffffff;\n\t\t\t\t\tbackground:rgba( 4 , 106 , 56 , 1);\t\t\t\t\n\t\t\t\t}\n\t\t\t\n\t\t\t\t#gallery-1.fastgallery_mosaic.fg_style6 .fg-gallery-caption {\n\t\t\t\t\tcolor:#ffffff;\t\n\t\t\t\t}\n\t\t\t\t#gallery-1.fastgallery_mosaic.gallery.fg_style7 .gallery-icon .fg_zoom a,\n\t\t\t\t#gallery-1.fastgallery_mosaic.gallery.fg_style7 .gallery-icon .fg_zoom a:hover {\n\t\t\t\t\tcolor:#ffffff;\n\t\t\t\t\tbackground:rgba( 4 , 106 , 56 , 1);\t\t\t\t\n\t\t\t\t}\t\t\n\t\t\t\t#gallery-1.fastgallery_mosaic.fg_style7 .fg-gallery-caption {\n\t\t\t\t\tcolor:#ffffff;\t\n\t\t\t\t}\n\t\t\t\t\n\t\t\t\t#gallery-1.fastgallery_mosaic.gallery.fg_style8 .gallery-icon .fg_zoom a,\n\t\t\t\t#gallery-1.fastgallery_mosaic.gallery.fg_style8 .gallery-icon .fg_zoom a:hover {\n\t\t\t\t\tcolor:#ffffff;\n\t\t\t\t\tbackground:rgba( 4 , 106 , 56 , 1);\t\t\t\t\n\t\t\t\t}\n\t\t\t\n\t\t\t\t#gallery-1.fastgallery_mosaic.fg_style8 .fg-gallery-caption {\n\t\t\t\t\tcolor:#ffffff;\t\n\t\t\t\t}\n\t\t\t\t\n\t\t\t\t#gallery-1.fastgallery_mosaic.gallery.fg_style9 .gallery-icon .fg_zoom a,\n\t\t\t\t#gallery-1.fastgallery_mosaic.gallery.fg_style9 .gallery-icon .fg_zoom a:hover {\n\t\t\t\t\tcolor:#ffffff;\n\t\t\t\t\tbackground:rgba( 4 , 106 , 56 , 1);\t\t\t\t\n\t\t\t\t}\t\t\n\t\t\t\t#gallery-1.fastgallery_mosaic.fg_style9 .fg-gallery-caption {\n\t\t\t\t\tcolor:#ffffff;\t\n\t\t\t\t}\n\t\t\t\t\n\t\t\t\t#gallery-1.fastgallery_mosaic.gallery.fg_style10 .gallery-icon .fg_zoom a,\n\t\t\t\t#gallery-1.fastgallery_mosaic.gallery.fg_style10 .gallery-icon .fg_zoom a:hover {\n\t\t\t\t\tcolor:#ffffff;\n\t\t\t\t\tbackground:rgba( 4 , 106 , 56 , 1);\t\t\t\t\n\t\t\t\t}\t\t\n\t\t\t\t#gallery-1.fastgallery_mosaic.fg_style10 .fg-gallery-caption {\n\t\t\t\t\tcolor:#ffffff;\t\n\t\t\t\t}#gallery-1.fastgallery_mosaic.gallery .gallery-icon .icon-plus:before {\t\n\t\t\t\t\t\t\t\t\t\tcontent: \"\\e6ef\"!important;\n\t\t\t\t\t}#gallery-1.fastgallery_mosaic.gallery span {\n\t\t\t\t\t\t\t\t\t\tfont-size:20px!important;\n\t\t\t\t\t}\n\t\t\t\t\t#gallery-1.fastgallery_mosaic.gallery .gallery-icon .fg-zoom-icon {\n\t\t\t\t\t\t\t\t\t\tmargin-left:-10px!important;\n\t\t\t\t\t\t\t\t\t\tmargin-top:-40px;\n\t\t\t\t\t}\n\t\t\t\t\t#gallery-1.fastgallery_mosaic.gallery.fg_style2 .gallery-icon .fg-zoom-icon,\n\t\t\t\t\t#gallery-1.fastgallery_mosaic.gallery.fg_style5 .gallery-icon .fg-zoom-icon  {\n\t\t\t\t\t\t\t\t\t\tmargin-top:-10px;\n\t\t\t\t\t}\t\t\n\t\t\t\t\t#gallery-1.fastgallery_mosaic.gallery .gallery-icon.no-caption .fg-zoom-icon {\n\t\t\t\t\t\t\t\t\t\tmargin-top:-10px!important;\n\t\t\t\t\t}\n\t\t\t\t\t#gallery-1.fastgallery_mosaic.fg_style7 .fg-gallery-caption,\n\t\t\t\t\t#gallery-1.fastgallery_mosaic.fg_style8 .fg-gallery-caption {\n\t\t\t\t\t\t\t\t\t\ttop:55%;\n\t\t\t\t\t}\n\t\t\t\t\t<\/style>\n\t\t<script type=\"text\/javascript\">jQuery(function($){\n\t\t\t\t\t\t$(window).load(function () {\n\t\t\t\t\t\t\t\t\t$(document).ready(function(){\n\t\t\t\t\t\t\t\t\t\tcollage();\n\t\t\t\t\t\t\t\t\t});\n\t\t\t\t\t\t\t\t\tfunction collage() {\n\t\t\t\t\t\t\t\t\t\t$('#gallery-1.FGM-Collage').removeWhitespace().collagePlus(\n\t\t\t\t\t\t\t\t\t\t{\n\t\t\t\t\t\t\t\t\t\t\t\t'targetHeight'  \t\t: 300,\n\t\t\t\t\t\t\t\t\t\t\t\t'padding'\t\t\t\t: 20,\n\t\t\t\t\t\t\t\t\t\t\t\t'allowPartialLastRow'   : true\n\t\t\t\t\t\t\t\t\t\t\t}\n\t\t\t\t\t\t\t\t\t\t);\n\t\t\t\t\t\t\t\t\t};\t\n\t\t\t\t\t\t\t\t\tvar resizeTimer = null;\n\t\t\t\t\t\t\t\t\t$(window).bind('resize', function() {\n\t\t\t\t\t\t\t\t\t\t$('.FGM-Collage .fg-gallery-item').css(\"opacity\", 0);\n\t\t\t\t\t\t\t\t\t\tif (resizeTimer) clearTimeout(resizeTimer);\n\t\t\t\t\t\t\t\t\t\tresizeTimer = setTimeout(collage, 200);\n\t\t\t\t\t\t\t\t\t});\t\n\t\t\t\t\t});\n\t\t\t\t\t});<\/script><script type=\"text\/javascript\">\n\t\t\t\t\t\tjQuery(function($){\n\t\t\t\t\t\t\t$('#gallery-1.gallery.fastgallery_mosaic').lightGallery({\n\t\t\t\t\t\t\t\tmode:'slide',\n\t\t\t\t\t\t\t\tspeed: 2000,\n\t\t\t\t\t\t\t\tthumbnail: true,\n\t\t\t\t\t\t\t\tcontrols: true\t\t\t\t\t\t\t\t\n\t\t\t\t\t\t\t});\n\t\t\t\t\t\t});\t\t\n\t\t\t\t\t<\/script>\n\t\t<div id='gallery-1' class='FGM-Collage gallery galleryid-1 gallery-size-fg_layout1 fastgallery_mosaic fg_responsive fg_style1 fg_over_image_off fg_layout1'><div data-src='https:\/\/www.compagniadisanpaolo.it\/wp-content\/uploads\/aa-006-scaled.jpg' class='fg-gallery-item  '><div class='gallery-icon landscape '><div class='fg_zoom'><img loading=\"lazy\" decoding=\"async\" width=\"1000\" height=\"665\" src=\"https:\/\/www.compagniadisanpaolo.it\/wp-content\/uploads\/aa-006-scaled.jpg\" class=\"attachment-fgm-2-6 size-fgm-2-6\" alt=\"\" \/><a href='https:\/\/www.compagniadisanpaolo.it\/wp-content\/uploads\/aa-006-scaled.jpg'><span class='fg-zoom-icon icon-plus'><\/span><\/a><\/div>\n\t\t\t\t\t\t<div class='fg-wp-caption-text fg-gallery-caption'><div class='caption-container'>\n\t\t\t\t\t\tHospice Faro \n\t\t\t\t\t\t<\/div><\/div><\/div><\/div><div data-src='https:\/\/www.compagniadisanpaolo.it\/wp-content\/uploads\/aa-007-scaled.jpg' class='fg-gallery-item  '><div class='gallery-icon landscape '><div class='fg_zoom'><img loading=\"lazy\" decoding=\"async\" width=\"1203\" height=\"800\" src=\"https:\/\/www.compagniadisanpaolo.it\/wp-content\/uploads\/aa-007-scaled.jpg\" class=\"attachment-fgm-1-6 size-fgm-1-6\" alt=\"\" \/><a href='https:\/\/www.compagniadisanpaolo.it\/wp-content\/uploads\/aa-007-scaled.jpg'><span class='fg-zoom-icon icon-plus'><\/span><\/a><\/div>\n\t\t\t\t\t\t<div class='fg-wp-caption-text fg-gallery-caption'><div class='caption-container'>\n\t\t\t\t\t\tHospice Faro \n\t\t\t\t\t\t<\/div><\/div><\/div><\/div><div data-src='https:\/\/www.compagniadisanpaolo.it\/wp-content\/uploads\/aa-008-scaled.jpg' class='fg-gallery-item  '><div class='gallery-icon landscape '><div class='fg_zoom'><img loading=\"lazy\" decoding=\"async\" width=\"1200\" height=\"798\" src=\"https:\/\/www.compagniadisanpaolo.it\/wp-content\/uploads\/aa-008-scaled.jpg\" class=\"attachment-fgm-3-6 size-fgm-3-6\" alt=\"\" \/><a href='https:\/\/www.compagniadisanpaolo.it\/wp-content\/uploads\/aa-008-scaled.jpg'><span class='fg-zoom-icon icon-plus'><\/span><\/a><\/div>\n\t\t\t\t\t\t<div class='fg-wp-caption-text fg-gallery-caption'><div class='caption-container'>\n\t\t\t\t\t\tHospice Faro \n\t\t\t\t\t\t<\/div><\/div><\/div><\/div><div data-src='https:\/\/www.compagniadisanpaolo.it\/wp-content\/uploads\/aa-009-scaled.jpg' class='fg-gallery-item  '><div class='gallery-icon landscape '><div class='fg_zoom'><img loading=\"lazy\" decoding=\"async\" width=\"1203\" height=\"800\" src=\"https:\/\/www.compagniadisanpaolo.it\/wp-content\/uploads\/aa-009-scaled.jpg\" class=\"attachment-fgm-1-6 size-fgm-1-6\" alt=\"\" \/><a href='https:\/\/www.compagniadisanpaolo.it\/wp-content\/uploads\/aa-009-scaled.jpg'><span class='fg-zoom-icon icon-plus'><\/span><\/a><\/div>\n\t\t\t\t\t\t<div class='fg-wp-caption-text fg-gallery-caption'><div class='caption-container'>\n\t\t\t\t\t\tHospice Faro \n\t\t\t\t\t\t<\/div><\/div><\/div><\/div><div data-src='https:\/\/www.compagniadisanpaolo.it\/wp-content\/uploads\/aa-001-scaled.jpg' class='fg-gallery-item  '><div class='gallery-icon landscape '><div class='fg_zoom'><img loading=\"lazy\" decoding=\"async\" width=\"1000\" height=\"665\" src=\"https:\/\/www.compagniadisanpaolo.it\/wp-content\/uploads\/aa-001-scaled.jpg\" class=\"attachment-fgm-2-6 size-fgm-2-6\" alt=\"\" \/><a href='https:\/\/www.compagniadisanpaolo.it\/wp-content\/uploads\/aa-001-scaled.jpg'><span class='fg-zoom-icon icon-plus'><\/span><\/a><\/div>\n\t\t\t\t\t\t<div class='fg-wp-caption-text fg-gallery-caption'><div class='caption-container'>\n\t\t\t\t\t\tHospice Faro \n\t\t\t\t\t\t<\/div><\/div><\/div><\/div><div data-src='https:\/\/www.compagniadisanpaolo.it\/wp-content\/uploads\/aa-002-scaled.jpg' class='fg-gallery-item  '><div class='gallery-icon landscape '><div class='fg_zoom'><img loading=\"lazy\" decoding=\"async\" width=\"1200\" height=\"798\" src=\"https:\/\/www.compagniadisanpaolo.it\/wp-content\/uploads\/aa-002-scaled.jpg\" class=\"attachment-fgm-3-6 size-fgm-3-6\" alt=\"\" \/><a href='https:\/\/www.compagniadisanpaolo.it\/wp-content\/uploads\/aa-002-scaled.jpg'><span class='fg-zoom-icon icon-plus'><\/span><\/a><\/div>\n\t\t\t\t\t\t<div class='fg-wp-caption-text fg-gallery-caption'><div class='caption-container'>\n\t\t\t\t\t\tHospice Faro \n\t\t\t\t\t\t<\/div><\/div><\/div><\/div><div data-src='https:\/\/www.compagniadisanpaolo.it\/wp-content\/uploads\/aa-003-scaled.jpg' class='fg-gallery-item  '><div class='gallery-icon landscape '><div class='fg_zoom'><img loading=\"lazy\" decoding=\"async\" width=\"1200\" height=\"798\" src=\"https:\/\/www.compagniadisanpaolo.it\/wp-content\/uploads\/aa-003-scaled.jpg\" class=\"attachment-fgm-3-6 size-fgm-3-6\" alt=\"\" \/><a href='https:\/\/www.compagniadisanpaolo.it\/wp-content\/uploads\/aa-003-scaled.jpg'><span class='fg-zoom-icon icon-plus'><\/span><\/a><\/div>\n\t\t\t\t\t\t<div class='fg-wp-caption-text fg-gallery-caption'><div class='caption-container'>\n\t\t\t\t\t\tHospice Faro \n\t\t\t\t\t\t<\/div><\/div><\/div><\/div><div data-src='https:\/\/www.compagniadisanpaolo.it\/wp-content\/uploads\/aa-004-scaled.jpg' class='fg-gallery-item  '><div class='gallery-icon landscape '><div class='fg_zoom'><img loading=\"lazy\" decoding=\"async\" width=\"1000\" height=\"665\" src=\"https:\/\/www.compagniadisanpaolo.it\/wp-content\/uploads\/aa-004-scaled.jpg\" class=\"attachment-fgm-2-6 size-fgm-2-6\" alt=\"\" \/><a href='https:\/\/www.compagniadisanpaolo.it\/wp-content\/uploads\/aa-004-scaled.jpg'><span class='fg-zoom-icon icon-plus'><\/span><\/a><\/div>\n\t\t\t\t\t\t<div class='fg-wp-caption-text fg-gallery-caption'><div class='caption-container'>\n\t\t\t\t\t\tHospice Faro \n\t\t\t\t\t\t<\/div><\/div><\/div><\/div><div data-src='https:\/\/www.compagniadisanpaolo.it\/wp-content\/uploads\/aa-005-scaled.jpg' class='fg-gallery-item  '><div class='gallery-icon landscape '><div class='fg_zoom'><img loading=\"lazy\" decoding=\"async\" width=\"1203\" height=\"800\" src=\"https:\/\/www.compagniadisanpaolo.it\/wp-content\/uploads\/aa-005-scaled.jpg\" class=\"attachment-fgm-1-6 size-fgm-1-6\" alt=\"\" \/><a href='https:\/\/www.compagniadisanpaolo.it\/wp-content\/uploads\/aa-005-scaled.jpg'><span class='fg-zoom-icon icon-plus'><\/span><\/a><\/div>\n\t\t\t\t\t\t<div class='fg-wp-caption-text fg-gallery-caption'><div class='caption-container'>\n\t\t\t\t\t\tHospice Faro \n\t\t\t\t\t\t<\/div><\/div><\/div><\/div>\n\t\t\t\t\t<\/div>\n[\/vc_column][\/vc_row][vc_row][vc_column]<div class=\"templatera_shortcode\"><div data-vc-full-width=\"true\" data-vc-full-width-temp=\"true\" data-vc-full-width-init=\"false\" class=\"vc_row wpb_row vc_row-fluid newsletter-wrap\"><div class=\"wpb_column vc_column_container vc_col-sm-12\"><div class=\"vc_column-inner\"><div class=\"wpb_wrapper\">\n\t<div class=\"wpb_raw_code wpb_raw_html wpb_content_element\" >\n\t\t<div class=\"wpb_wrapper\">\n\t\t\t    <div class=\"container\">\n      <div class=\"row align-items-center\">\n\t<div class=\"col-12 col-lg-6 col-xl-5 mb-3 mb-lg-0 pr-0\">\n\t  <h2 class=\"title\">Rimani aggiornato sui nostri bandi e sui nostri progetti<\/h2>\n\t<\/div>\n\t<div class=\"col-12 col-lg-6 col-xl-7 pl-xl-4\">\n\t  <a class=\"standard-link-block\" href=\"\/it\/newsletter\/\">\n\t    Compila il form e decidi su quale argomento vuoi ricevere notizie.\t    <strong>\u00a0 ISCRIVITI!<\/strong>\n\t  <\/a>\n\t<\/div>\n      <\/div>\n    <\/div>\n\t\t<\/div>\n\t<\/div>\n<\/div><\/div><\/div><\/div><div class=\"vc_row-full-width vc_clearfix\"><\/div><\/div>[\/vc_column][\/vc_row]\n<\/div>","protected":false},"excerpt":{"rendered":"Taglio del nastro questa mattina per la struttura, realizzata grazie al lascito di Alfredo Cornaglia e alla Fondazione Compagnia di San Paolo che gestisce il Fondo Opera Alfredo Cornaglia. Condividi: Facebook Twitter Linkedin Whatsapp Mail Data di pubblicazione: 28 Ottobre 2021 Obiettivo Persone. TagOltre l'erogazionePari opportunit\u00e0Rigenerazione urbanaWellbeing In linea con gli obiettivi della sua missione Diventare comunit\u00e0\u00a0dell'Obiettivo Persone, la Fondazione Compagnia di San Paolo ha contribuito alla realizzazione del nuovo hospice della Fondazione FARO onlus\u00a0di Carignano, inaugurato proprio questa mattina alla presenza, tra gli altri, del Segretario Generale della Fondazione Alberto Anfossi. Situato presso un\u2019ala dell\u2019ex ospedale San Remigio, il nuovo Hospice, che dovrebbe accogliere i primi pazienti entro fine anno, \u00e8 intitolato alla memoria di Alfredo Cornaglia, consigliere della Fondazione FARO, che con la sua generosit\u00e0 ha permesso il raggiungimento di questo grande traguardo: la struttura \u00e8 stata infatti realizzata grazie al lascito del professore a favore della FARO e al supporto della Fondazione Compagnia di San Paolo che gestisce il Fondo Opera Alfredo Cornaglia. L\u2019hospice si sviluppa su un\u2019area di 1.500 metri quadrati e dispone di 14 camere da letto singole, dotate di bagno privato e di poltrona letto per un familiare. Un ambiente accogliente per assistere il malato e i suoi cari con un piano di cura specialistico. Grande importanza \u00e8 stata data alle aree comuni. Di prossima realizzazione, poi, l\u2019area verde dedicata anche ad attivit\u00e0 espressive di giardinaggio, un vero e proprio luogo di cura all\u2019aria aperta. Sempre all\u2019interno del complesso, verr\u00e0 avviato un ambulatorio di cure palliative. \"La Fondazione Compagnia di San Paolo, con la missione Diventare comunit\u00e0 dell\u2019Obiettivo Persone, sostiene progetti che offrono ai soggetti con bisogni di cura gli strumenti utili a garantire una piena libert\u00e0 di scelta - ha spiegato il Segretario Generale della Fondazione Compagnia di San Paolo Alberto Anfossi -. Il nuovo hospice a Carignano \u00e8 stato realizzato grazie al lavoro sinergico di professionisti della Fondazione FARO, dell\u2019ASL e della nostra Fondazione, per garantire alle persone in fase avanzata di malattia la massima qualit\u00e0 di vita possibile, offrendo loro uno spazio di cura simile alla propria casa, una risposta accogliente e un\u2019adeguata ed efficace assistenza per il controllo della sofferenza. Il progetto \u00e8 stato interamente finanziato grazie ai proventi generati dal \"Fondo Opera di Alfredo Cornaglia\", gestito dalla Compagnia di San Paolo secondo le volont\u00e0 del medico e benefattore Alfredo Cornaglia. La gestione finanziaria del fondo - la cui consistenza odierna \u00e8 pari a oltre 25 milioni di euro - ha permesso di realizzare questo intervento e consentir\u00e0 di svilupparne altri per gli anni a venire. Il \"Fondo Opera di Alfredo Cornaglia\" rappresenta un modello nella relazione tra la Fondazione Compagnia di San Paolo e i benefattori privati, consentendo alla Fondazione di agire come una piattaforma filantropica aperta, che mette a disposizione le proprie professionalit\u00e0 e competenze per il bene comune\". Qui il comunicato stampa. Hospice Faro Hospice Faro Hospice Faro Hospice Faro Hospice Faro Hospice Faro Hospice Faro Hospice Faro Hospice Faro Rimani aggiornato sui nostri bandi e sui nostri progetti Compila il form e decidi su quale argomento vuoi ricevere notizie. \u00a0 ISCRIVITI!","protected":false},"author":19,"featured_media":15584,"comment_status":"closed","ping_status":"closed","sticky":false,"template":"","format":"standard","meta":{"_acf_changed":false,"content-type":"","footnotes":""},"categories":[17],"tags":[69,79,77,78],"class_list":["post-15589","post","type-post","status-publish","format-standard","has-post-thumbnail","hentry","category-news","tag-oltre-lerogazione","tag-pari-opportunita","tag-rigenerazione-urbana","tag-wellbeing","entry","post-inner"],"acf":[],"yoast_head":"<!-- This site is optimized with the Yoast SEO plugin v27.3 - https:\/\/yoast.com\/product\/yoast-seo-wordpress\/ -->\n<title>A Carignano un nuovo hospice FARO - Fondazione Compagnia di San Paolo<\/title>\n<meta name=\"description\" content=\"Taglio del nastro per la struttura, realizzata grazie al lascito di Alfredo Cornaglia e alla Fondazione Compagnia di San Paolo che gestisce il Fondo Opera Alfredo Cornaglia.\" \/>\n<meta name=\"robots\" content=\"index, follow, max-snippet:-1, max-image-preview:large, max-video-preview:-1\" \/>\n<link rel=\"canonical\" href=\"https:\/\/www.compagniadisanpaolo.it\/it\/news\/a-carignano-un-nuovo-hospice-faro\/\" \/>\n<meta property=\"og:locale\" content=\"it_IT\" \/>\n<meta property=\"og:type\" content=\"article\" \/>\n<meta property=\"og:title\" content=\"A Carignano un nuovo hospice FARO - Fondazione Compagnia di San Paolo\" \/>\n<meta property=\"og:description\" content=\"Taglio del nastro per la struttura, realizzata grazie al lascito di Alfredo Cornaglia e alla Fondazione Compagnia di San Paolo che gestisce il Fondo Opera Alfredo Cornaglia.\" \/>\n<meta property=\"og:url\" content=\"https:\/\/www.compagniadisanpaolo.it\/it\/news\/a-carignano-un-nuovo-hospice-faro\/\" \/>\n<meta property=\"og:site_name\" content=\"Fondazione Compagnia di San Paolo\" \/>\n<meta property=\"article:publisher\" content=\"https:\/\/www.facebook.com\/CompagniaDiSanPaolo\" \/>\n<meta property=\"article:published_time\" content=\"2021-10-28T14:34:19+00:00\" \/>\n<meta property=\"og:image\" content=\"https:\/\/www.compagniadisanpaolo.it\/wp-content\/uploads\/hospice-head.jpg\" \/>\n\t<meta property=\"og:image:width\" content=\"815\" \/>\n\t<meta property=\"og:image:height\" content=\"350\" \/>\n\t<meta property=\"og:image:type\" content=\"image\/jpeg\" \/>\n<meta name=\"author\" content=\"Federica\" \/>\n<meta name=\"twitter:card\" content=\"summary_large_image\" \/>\n<meta name=\"twitter:creator\" content=\"@CSP_live\" \/>\n<meta name=\"twitter:site\" content=\"@CSP_live\" \/>\n<meta name=\"twitter:label1\" content=\"Scritto da\" \/>\n\t<meta name=\"twitter:data1\" content=\"Federica\" \/>\n\t<meta name=\"twitter:label2\" content=\"Tempo di lettura stimato\" \/>\n\t<meta name=\"twitter:data2\" content=\"3 minuti\" \/>\n<script type=\"application\/ld+json\" class=\"yoast-schema-graph\">{\"@context\":\"https:\\\/\\\/schema.org\",\"@graph\":[{\"@type\":\"Article\",\"@id\":\"https:\\\/\\\/www.compagniadisanpaolo.it\\\/it\\\/news\\\/a-carignano-un-nuovo-hospice-faro\\\/#article\",\"isPartOf\":{\"@id\":\"https:\\\/\\\/www.compagniadisanpaolo.it\\\/it\\\/news\\\/a-carignano-un-nuovo-hospice-faro\\\/\"},\"author\":{\"name\":\"Federica\",\"@id\":\"https:\\\/\\\/www.compagniadisanpaolo.it\\\/it\\\/#\\\/schema\\\/person\\\/b7d5451541c25c82f29c5be1e78456b2\"},\"headline\":\"A Carignano un nuovo hospice FARO\",\"datePublished\":\"2021-10-28T14:34:19+00:00\",\"mainEntityOfPage\":{\"@id\":\"https:\\\/\\\/www.compagniadisanpaolo.it\\\/it\\\/news\\\/a-carignano-un-nuovo-hospice-faro\\\/\"},\"wordCount\":580,\"publisher\":{\"@id\":\"https:\\\/\\\/www.compagniadisanpaolo.it\\\/it\\\/#organization\"},\"image\":{\"@id\":\"https:\\\/\\\/www.compagniadisanpaolo.it\\\/it\\\/news\\\/a-carignano-un-nuovo-hospice-faro\\\/#primaryimage\"},\"thumbnailUrl\":\"https:\\\/\\\/www.compagniadisanpaolo.it\\\/wp-content\\\/uploads\\\/hospice-head.jpg\",\"keywords\":[\"oltre l'erogazione\",\"pari opportunit\u00e0\",\"rigenerazione urbana\",\"wellbeing\"],\"articleSection\":[\"News\"],\"inLanguage\":\"it-IT\"},{\"@type\":\"WebPage\",\"@id\":\"https:\\\/\\\/www.compagniadisanpaolo.it\\\/it\\\/news\\\/a-carignano-un-nuovo-hospice-faro\\\/\",\"url\":\"https:\\\/\\\/www.compagniadisanpaolo.it\\\/it\\\/news\\\/a-carignano-un-nuovo-hospice-faro\\\/\",\"name\":\"A Carignano un nuovo hospice FARO - Fondazione Compagnia di San Paolo\",\"isPartOf\":{\"@id\":\"https:\\\/\\\/www.compagniadisanpaolo.it\\\/it\\\/#website\"},\"primaryImageOfPage\":{\"@id\":\"https:\\\/\\\/www.compagniadisanpaolo.it\\\/it\\\/news\\\/a-carignano-un-nuovo-hospice-faro\\\/#primaryimage\"},\"image\":{\"@id\":\"https:\\\/\\\/www.compagniadisanpaolo.it\\\/it\\\/news\\\/a-carignano-un-nuovo-hospice-faro\\\/#primaryimage\"},\"thumbnailUrl\":\"https:\\\/\\\/www.compagniadisanpaolo.it\\\/wp-content\\\/uploads\\\/hospice-head.jpg\",\"datePublished\":\"2021-10-28T14:34:19+00:00\",\"description\":\"Taglio del nastro per la struttura, realizzata grazie al lascito di Alfredo Cornaglia e alla Fondazione Compagnia di San Paolo che gestisce il Fondo Opera Alfredo Cornaglia.\",\"breadcrumb\":{\"@id\":\"https:\\\/\\\/www.compagniadisanpaolo.it\\\/it\\\/news\\\/a-carignano-un-nuovo-hospice-faro\\\/#breadcrumb\"},\"inLanguage\":\"it-IT\",\"potentialAction\":[{\"@type\":\"ReadAction\",\"target\":[\"https:\\\/\\\/www.compagniadisanpaolo.it\\\/it\\\/news\\\/a-carignano-un-nuovo-hospice-faro\\\/\"]}]},{\"@type\":\"ImageObject\",\"inLanguage\":\"it-IT\",\"@id\":\"https:\\\/\\\/www.compagniadisanpaolo.it\\\/it\\\/news\\\/a-carignano-un-nuovo-hospice-faro\\\/#primaryimage\",\"url\":\"https:\\\/\\\/www.compagniadisanpaolo.it\\\/wp-content\\\/uploads\\\/hospice-head.jpg\",\"contentUrl\":\"https:\\\/\\\/www.compagniadisanpaolo.it\\\/wp-content\\\/uploads\\\/hospice-head.jpg\",\"width\":815,\"height\":350},{\"@type\":\"BreadcrumbList\",\"@id\":\"https:\\\/\\\/www.compagniadisanpaolo.it\\\/it\\\/news\\\/a-carignano-un-nuovo-hospice-faro\\\/#breadcrumb\",\"itemListElement\":[{\"@type\":\"ListItem\",\"position\":1,\"name\":\"Home\",\"item\":\"https:\\\/\\\/www.compagniadisanpaolo.it\\\/it\\\/\"},{\"@type\":\"ListItem\",\"position\":2,\"name\":\"A Carignano un nuovo hospice FARO\"}]},{\"@type\":\"WebSite\",\"@id\":\"https:\\\/\\\/www.compagniadisanpaolo.it\\\/it\\\/#website\",\"url\":\"https:\\\/\\\/www.compagniadisanpaolo.it\\\/it\\\/\",\"name\":\"Fondazione Compagnia di San Paolo\",\"description\":\"\",\"publisher\":{\"@id\":\"https:\\\/\\\/www.compagniadisanpaolo.it\\\/it\\\/#organization\"},\"potentialAction\":[{\"@type\":\"SearchAction\",\"target\":{\"@type\":\"EntryPoint\",\"urlTemplate\":\"https:\\\/\\\/www.compagniadisanpaolo.it\\\/it\\\/?s={search_term_string}\"},\"query-input\":{\"@type\":\"PropertyValueSpecification\",\"valueRequired\":true,\"valueName\":\"search_term_string\"}}],\"inLanguage\":\"it-IT\"},{\"@type\":\"Organization\",\"@id\":\"https:\\\/\\\/www.compagniadisanpaolo.it\\\/it\\\/#organization\",\"name\":\"Fondazione Compagnia di San Paolo\",\"url\":\"https:\\\/\\\/www.compagniadisanpaolo.it\\\/it\\\/\",\"logo\":{\"@type\":\"ImageObject\",\"inLanguage\":\"it-IT\",\"@id\":\"https:\\\/\\\/www.compagniadisanpaolo.it\\\/it\\\/#\\\/schema\\\/logo\\\/image\\\/\",\"url\":\"https:\\\/\\\/www.compagniadisanpaolo.it\\\/wp-content\\\/uploads\\\/logo.svg\",\"contentUrl\":\"https:\\\/\\\/www.compagniadisanpaolo.it\\\/wp-content\\\/uploads\\\/logo.svg\",\"width\":769,\"height\":323,\"caption\":\"Fondazione Compagnia di San Paolo\"},\"image\":{\"@id\":\"https:\\\/\\\/www.compagniadisanpaolo.it\\\/it\\\/#\\\/schema\\\/logo\\\/image\\\/\"},\"sameAs\":[\"https:\\\/\\\/www.facebook.com\\\/CompagniaDiSanPaolo\",\"https:\\\/\\\/x.com\\\/CSP_live\",\"http:\\\/\\\/instagram.com\\\/compagniadisanpaolo?ref=badge\",\"https:\\\/\\\/www.linkedin.com\\\/company\\\/compagnia-di-san-paolo\",\"https:\\\/\\\/www.youtube.com\\\/user\\\/compagniadisanpaolo\",\"https:\\\/\\\/it.wikipedia.org\\\/wiki\\\/Compagnia_di_San_Paolo\"]},{\"@type\":\"Person\",\"@id\":\"https:\\\/\\\/www.compagniadisanpaolo.it\\\/it\\\/#\\\/schema\\\/person\\\/b7d5451541c25c82f29c5be1e78456b2\",\"name\":\"Federica\",\"image\":{\"@type\":\"ImageObject\",\"inLanguage\":\"it-IT\",\"@id\":\"https:\\\/\\\/secure.gravatar.com\\\/avatar\\\/b5698fa13ac389b1f1fb1263a4626e219d853d7ccf112e854aea8c9c087d24ae?s=96&d=mm&r=g\",\"url\":\"https:\\\/\\\/secure.gravatar.com\\\/avatar\\\/b5698fa13ac389b1f1fb1263a4626e219d853d7ccf112e854aea8c9c087d24ae?s=96&d=mm&r=g\",\"contentUrl\":\"https:\\\/\\\/secure.gravatar.com\\\/avatar\\\/b5698fa13ac389b1f1fb1263a4626e219d853d7ccf112e854aea8c9c087d24ae?s=96&d=mm&r=g\",\"caption\":\"Federica\"}}]}<\/script>\n<!-- \/ Yoast SEO plugin. -->","yoast_head_json":{"title":"A Carignano un nuovo hospice FARO - Fondazione Compagnia di San Paolo","description":"Taglio del nastro per la struttura, realizzata grazie al lascito di Alfredo Cornaglia e alla Fondazione Compagnia di San Paolo che gestisce il Fondo Opera Alfredo Cornaglia.","robots":{"index":"index","follow":"follow","max-snippet":"max-snippet:-1","max-image-preview":"max-image-preview:large","max-video-preview":"max-video-preview:-1"},"canonical":"https:\/\/www.compagniadisanpaolo.it\/it\/news\/a-carignano-un-nuovo-hospice-faro\/","og_locale":"it_IT","og_type":"article","og_title":"A Carignano un nuovo hospice FARO - Fondazione Compagnia di San Paolo","og_description":"Taglio del nastro per la struttura, realizzata grazie al lascito di Alfredo Cornaglia e alla Fondazione Compagnia di San Paolo che gestisce il Fondo Opera Alfredo Cornaglia.","og_url":"https:\/\/www.compagniadisanpaolo.it\/it\/news\/a-carignano-un-nuovo-hospice-faro\/","og_site_name":"Fondazione Compagnia di San Paolo","article_publisher":"https:\/\/www.facebook.com\/CompagniaDiSanPaolo","article_published_time":"2021-10-28T14:34:19+00:00","og_image":[{"width":815,"height":350,"url":"https:\/\/www.compagniadisanpaolo.it\/wp-content\/uploads\/hospice-head.jpg","type":"image\/jpeg"}],"author":"Federica","twitter_card":"summary_large_image","twitter_creator":"@CSP_live","twitter_site":"@CSP_live","twitter_misc":{"Scritto da":"Federica","Tempo di lettura stimato":"3 minuti"},"schema":{"@context":"https:\/\/schema.org","@graph":[{"@type":"Article","@id":"https:\/\/www.compagniadisanpaolo.it\/it\/news\/a-carignano-un-nuovo-hospice-faro\/#article","isPartOf":{"@id":"https:\/\/www.compagniadisanpaolo.it\/it\/news\/a-carignano-un-nuovo-hospice-faro\/"},"author":{"name":"Federica","@id":"https:\/\/www.compagniadisanpaolo.it\/it\/#\/schema\/person\/b7d5451541c25c82f29c5be1e78456b2"},"headline":"A Carignano un nuovo hospice FARO","datePublished":"2021-10-28T14:34:19+00:00","mainEntityOfPage":{"@id":"https:\/\/www.compagniadisanpaolo.it\/it\/news\/a-carignano-un-nuovo-hospice-faro\/"},"wordCount":580,"publisher":{"@id":"https:\/\/www.compagniadisanpaolo.it\/it\/#organization"},"image":{"@id":"https:\/\/www.compagniadisanpaolo.it\/it\/news\/a-carignano-un-nuovo-hospice-faro\/#primaryimage"},"thumbnailUrl":"https:\/\/www.compagniadisanpaolo.it\/wp-content\/uploads\/hospice-head.jpg","keywords":["oltre l'erogazione","pari opportunit\u00e0","rigenerazione urbana","wellbeing"],"articleSection":["News"],"inLanguage":"it-IT"},{"@type":"WebPage","@id":"https:\/\/www.compagniadisanpaolo.it\/it\/news\/a-carignano-un-nuovo-hospice-faro\/","url":"https:\/\/www.compagniadisanpaolo.it\/it\/news\/a-carignano-un-nuovo-hospice-faro\/","name":"A Carignano un nuovo hospice FARO - Fondazione Compagnia di San Paolo","isPartOf":{"@id":"https:\/\/www.compagniadisanpaolo.it\/it\/#website"},"primaryImageOfPage":{"@id":"https:\/\/www.compagniadisanpaolo.it\/it\/news\/a-carignano-un-nuovo-hospice-faro\/#primaryimage"},"image":{"@id":"https:\/\/www.compagniadisanpaolo.it\/it\/news\/a-carignano-un-nuovo-hospice-faro\/#primaryimage"},"thumbnailUrl":"https:\/\/www.compagniadisanpaolo.it\/wp-content\/uploads\/hospice-head.jpg","datePublished":"2021-10-28T14:34:19+00:00","description":"Taglio del nastro per la struttura, realizzata grazie al lascito di Alfredo Cornaglia e alla Fondazione Compagnia di San Paolo che gestisce il Fondo Opera Alfredo Cornaglia.","breadcrumb":{"@id":"https:\/\/www.compagniadisanpaolo.it\/it\/news\/a-carignano-un-nuovo-hospice-faro\/#breadcrumb"},"inLanguage":"it-IT","potentialAction":[{"@type":"ReadAction","target":["https:\/\/www.compagniadisanpaolo.it\/it\/news\/a-carignano-un-nuovo-hospice-faro\/"]}]},{"@type":"ImageObject","inLanguage":"it-IT","@id":"https:\/\/www.compagniadisanpaolo.it\/it\/news\/a-carignano-un-nuovo-hospice-faro\/#primaryimage","url":"https:\/\/www.compagniadisanpaolo.it\/wp-content\/uploads\/hospice-head.jpg","contentUrl":"https:\/\/www.compagniadisanpaolo.it\/wp-content\/uploads\/hospice-head.jpg","width":815,"height":350},{"@type":"BreadcrumbList","@id":"https:\/\/www.compagniadisanpaolo.it\/it\/news\/a-carignano-un-nuovo-hospice-faro\/#breadcrumb","itemListElement":[{"@type":"ListItem","position":1,"name":"Home","item":"https:\/\/www.compagniadisanpaolo.it\/it\/"},{"@type":"ListItem","position":2,"name":"A Carignano un nuovo hospice FARO"}]},{"@type":"WebSite","@id":"https:\/\/www.compagniadisanpaolo.it\/it\/#website","url":"https:\/\/www.compagniadisanpaolo.it\/it\/","name":"Fondazione Compagnia di San Paolo","description":"","publisher":{"@id":"https:\/\/www.compagniadisanpaolo.it\/it\/#organization"},"potentialAction":[{"@type":"SearchAction","target":{"@type":"EntryPoint","urlTemplate":"https:\/\/www.compagniadisanpaolo.it\/it\/?s={search_term_string}"},"query-input":{"@type":"PropertyValueSpecification","valueRequired":true,"valueName":"search_term_string"}}],"inLanguage":"it-IT"},{"@type":"Organization","@id":"https:\/\/www.compagniadisanpaolo.it\/it\/#organization","name":"Fondazione Compagnia di San Paolo","url":"https:\/\/www.compagniadisanpaolo.it\/it\/","logo":{"@type":"ImageObject","inLanguage":"it-IT","@id":"https:\/\/www.compagniadisanpaolo.it\/it\/#\/schema\/logo\/image\/","url":"https:\/\/www.compagniadisanpaolo.it\/wp-content\/uploads\/logo.svg","contentUrl":"https:\/\/www.compagniadisanpaolo.it\/wp-content\/uploads\/logo.svg","width":769,"height":323,"caption":"Fondazione Compagnia di San Paolo"},"image":{"@id":"https:\/\/www.compagniadisanpaolo.it\/it\/#\/schema\/logo\/image\/"},"sameAs":["https:\/\/www.facebook.com\/CompagniaDiSanPaolo","https:\/\/x.com\/CSP_live","http:\/\/instagram.com\/compagniadisanpaolo?ref=badge","https:\/\/www.linkedin.com\/company\/compagnia-di-san-paolo","https:\/\/www.youtube.com\/user\/compagniadisanpaolo","https:\/\/it.wikipedia.org\/wiki\/Compagnia_di_San_Paolo"]},{"@type":"Person","@id":"https:\/\/www.compagniadisanpaolo.it\/it\/#\/schema\/person\/b7d5451541c25c82f29c5be1e78456b2","name":"Federica","image":{"@type":"ImageObject","inLanguage":"it-IT","@id":"https:\/\/secure.gravatar.com\/avatar\/b5698fa13ac389b1f1fb1263a4626e219d853d7ccf112e854aea8c9c087d24ae?s=96&d=mm&r=g","url":"https:\/\/secure.gravatar.com\/avatar\/b5698fa13ac389b1f1fb1263a4626e219d853d7ccf112e854aea8c9c087d24ae?s=96&d=mm&r=g","contentUrl":"https:\/\/secure.gravatar.com\/avatar\/b5698fa13ac389b1f1fb1263a4626e219d853d7ccf112e854aea8c9c087d24ae?s=96&d=mm&r=g","caption":"Federica"}}]}},"amp_enabled":true,"_links":{"self":[{"href":"https:\/\/www.compagniadisanpaolo.it\/it\/wp-json\/wp\/v2\/posts\/15589","targetHints":{"allow":["GET"]}}],"collection":[{"href":"https:\/\/www.compagniadisanpaolo.it\/it\/wp-json\/wp\/v2\/posts"}],"about":[{"href":"https:\/\/www.compagniadisanpaolo.it\/it\/wp-json\/wp\/v2\/types\/post"}],"author":[{"embeddable":true,"href":"https:\/\/www.compagniadisanpaolo.it\/it\/wp-json\/wp\/v2\/users\/19"}],"replies":[{"embeddable":true,"href":"https:\/\/www.compagniadisanpaolo.it\/it\/wp-json\/wp\/v2\/comments?post=15589"}],"version-history":[{"count":2,"href":"https:\/\/www.compagniadisanpaolo.it\/it\/wp-json\/wp\/v2\/posts\/15589\/revisions"}],"predecessor-version":[{"id":15609,"href":"https:\/\/www.compagniadisanpaolo.it\/it\/wp-json\/wp\/v2\/posts\/15589\/revisions\/15609"}],"wp:featuredmedia":[{"embeddable":true,"href":"https:\/\/www.compagniadisanpaolo.it\/it\/wp-json\/wp\/v2\/media\/15584"}],"wp:attachment":[{"href":"https:\/\/www.compagniadisanpaolo.it\/it\/wp-json\/wp\/v2\/media?parent=15589"}],"wp:term":[{"taxonomy":"category","embeddable":true,"href":"https:\/\/www.compagniadisanpaolo.it\/it\/wp-json\/wp\/v2\/categories?post=15589"},{"taxonomy":"post_tag","embeddable":true,"href":"https:\/\/www.compagniadisanpaolo.it\/it\/wp-json\/wp\/v2\/tags?post=15589"}],"curies":[{"name":"wp","href":"https:\/\/api.w.org\/{rel}","templated":true}]}}