{"id":15542,"date":"2021-10-28T10:00:49","date_gmt":"2021-10-28T08:00:49","guid":{"rendered":"https:\/\/www.compagniadisanpaolo.it\/?p=15542"},"modified":"2021-10-28T11:40:28","modified_gmt":"2021-10-28T09:40:28","slug":"al-via-la-call-for-action-equilibri","status":"publish","type":"post","link":"https:\/\/www.compagniadisanpaolo.it\/it\/news\/al-via-la-call-for-action-equilibri\/","title":{"rendered":"Al via la call for action Equilibri"},"content":{"rendered":"<div class=\"wpb-content-wrapper\">[vc_row][vc_column][vc_column_text el_class=&#8221;text-headline2&#8243;]La Fondazione Compagnia di San Paolo vuole favorire forme di collaborazione delle reti territoriali per promuovere il lavoro femminile e contrastare la povert\u00e0 educativa di bambini e ragazzi.[\/vc_column_text][\/vc_column][\/vc_row][vc_row][vc_column][vc_column_text]\n<div class=\"info-box mission\">\n\t\t<div class=\"info-box-wrap info-box-hor row pb-0\">\n\n\t\t      \n\t\t      <div class=\"spalla col-12 col-md-12\">\n\t\t\t<div class=\"info-box sharing-box\">\n\t\t\t  <span class=\"label\">Condividi:<\/span>\n\t\t\t  <div class=\"social-sharing\">\n\t\t\t    <span class=\"box\">\n\t\t\t      <a class=\"fb\" href=\"https:\/\/www.facebook.com\/sharer.php?u=https:\/\/www.compagniadisanpaolo.it\/it\/news\/al-via-la-call-for-action-equilibri\/\" target=\"_blank\">\n\t\t\t\t<span class=\"sr-only\">Facebook<\/span>\n\t\t\t\t<i class=\"fab fa-facebook-f\"><\/i>\n\t\t\t      <\/a>\n\t\t\t    <\/span>\n\t\t\t    \n\t\t\t    <style>\n.twitter, .twitter:hover{\ncolor:#000000 !important;}\n<\/style>\n\n\n\t\t\t    <span class=\"box\">\n\t\t\t      <a class=\"twitter\" href=\"https:\/\/twitter.com\/intent\/tweet?url=https:\/\/www.compagniadisanpaolo.it\/it\/news\/al-via-la-call-for-action-equilibri\/\">\n\t\t\t\t<span class=\"sr-only\">Twitter<\/span>\n\t\t\t\t<i class=\"fa-brands fa-x-twitter\"><\/i>\n\t\t\t      <\/a>\n\t\t\t    <\/span>\n\n\t\t\t    \n\t\t\t    <span class=\"box\">\n\t\t\t      <a class=\"linkedin\" href=\"https:\/\/www.linkedin.com\/shareArticle?mini=true&url=https:\/\/www.compagniadisanpaolo.it\/it\/news\/al-via-la-call-for-action-equilibri\/\">\n\t\t\t\t<span class=\"sr-only\">Linkedin<\/span>\n\t\t\t\t  <i class=\"fa-brands fa-linkedin-in\"><\/i>\n\t\t\t      <\/a>\n\t\t\t    <\/span>\n\n\t\t\t    <span class=\"box\">\n\t\t\t      <a class=\"whatsapp\" href=\"whatsapp:\/\/send?text=https:\/\/www.compagniadisanpaolo.it\/it\/news\/al-via-la-call-for-action-equilibri\/\" data-action=\"share\/whatsapp\/share\">\n\t\t\t\t<span class=\"sr-only\">Whatsapp<\/span>\n\t\t\t\t<i class=\"fa-brands fa-whatsapp\"><\/i>\n\t\t\t      <\/a>\n\t\t\t    <\/span>\n\n\t\t\t    <span class=\"box\">\n\t\t\t      <a class=\"mail\" href=\"mailto:?subject=Al via la call for action Equilibri&body=https:\/\/www.compagniadisanpaolo.it\/it\/news\/al-via-la-call-for-action-equilibri\/\">\n\t\t\t\t<span class=\"sr-only\">Mail<\/span>\n\t\t\t\t <i class=\"fa-solid fa-envelope\"><\/i>\n\t\t\t      <\/a>\n\t\t\t    <\/span>\n\t\t\t    \n\t\t\t  <\/div>\n\t\t\t<\/div>\n\t      <\/div>\n\t    <\/div><\/div>\n[\/vc_column_text][\/vc_column][\/vc_row][vc_row][vc_column width=&#8221;1\/4&#8243;][vc_column_text]\n\n\n\t\t<div class=\"info-box-wrap\">\n\n\t  <div class=\"info-box date-pub\">\n\t  \t<span class=\"label\">Data di pubblicazione:<\/span>\n\t    <span class=\"value\">28 Ottobre 2021<\/span>\n\t  <\/div>\n\t\t\t\t  <div class=\"info-box obj-people\">\n\t\t\t\t\t  <div class=\"info-box obj\"><span class=\"label\">Obiettivo<\/span>\n\t\t\t\t\t    <div class=\"obj-small-box\">\n\t\t\t\t\t      <span>Persone.<\/span>\n\t\t\t\t\t    <\/div>\n\t\t\t\t\t  <\/div>\n\t\t\t\t  <\/div>\n\t\t\t  <div class=\"info-box mission\"><span class=\"label\">Tag<\/span><a href=\"https:\/\/www.compagniadisanpaolo.it\/it\/tags\/risultati\/?_sft_post_tag=coesione-sociale\" class=\"tag-element\">Coesione sociale<\/a><a href=\"https:\/\/www.compagniadisanpaolo.it\/it\/tags\/risultati\/?_sft_post_tag=leadership-dei-minori\" class=\"tag-element\">Leadership dei minori<\/a><a href=\"https:\/\/www.compagniadisanpaolo.it\/it\/tags\/risultati\/?_sft_post_tag=pari-opportunita\" class=\"tag-element\">Pari opportunit\u00e0<\/a><a href=\"https:\/\/www.compagniadisanpaolo.it\/it\/tags\/risultati\/?_sft_post_tag=piena-cittadinanza-e-diritti\" class=\"tag-element\">Piena cittadinanza e diritti<\/a><\/div>\t  \n\t<\/div>\n[\/vc_column_text][\/vc_column][vc_column width=&#8221;3\/4&#8243; el_class=&#8221;page-content&#8221;][vc_column_text el_class=&#8221;text&#8221;]Di fronte a problematiche della societ\u00e0 italiana quali la bassa partecipazione femminile al mondo del lavoro e l\u2019alta incidenza della povert\u00e0 educativa minorile, acuite dalla pandemia da Covid-19, e nella consapevolezza che, per contrastarle, siano necessarie politiche attive per il lavoro, politiche di conciliazione e politiche educative da parte di reti multi-attore che includono non solo il pubblico e il terzo settore, ma anche le imprese, la Fondazione Compagnia di San Paolo lancia la Call for Action <a href=\"https:\/\/www.compagniadisanpaolo.it\/it\/contributi\/equilibri-una-sfida-per-le-reti-territoriali-lavoro-delle-donne-e-percorsi-educativi-di-bambine-e-bambini\/\" target=\"_blank\" rel=\"noopener\"><strong>Equilibri &#8211; Una sfida per le reti territoriali: lavoro delle donne e percorsi educativi di bambine e bambini<\/strong>.<\/a><\/p>\n<p>Con essa la Fondazione intende rafforzare e sviluppare l\u2019infrastrutturazione sociale di sistemi territoriali affinch\u00e9 si consolidino forme di collaborazione e capacit\u00e0 di risposte integrate per<strong> promuovere il lavoro femminile, servizi di conciliazione e di cura, misure di contrasto alla povert\u00e0 educativa e servizi educativi di qualit\u00e0<\/strong> con l\u2019obiettivo di:<\/p>\n<ul>\n<li>favorire l\u2019ingresso e la permanenza al lavoro di donne a rischio o in situazione di svantaggio con\u00a0 figli minori, disoccupate e\/o inattive, o occupate con bisogni di conciliazione;<\/li>\n<li>garantire la fruizione da parte dei loro figli minori di percorsi educativi di qualit\u00e0 e misure di contrasto della povert\u00e0 educativa;<\/li>\n<li>sperimentare azioni sistemiche di welfare aziendale e welfare di comunit\u00e0 attraverso la collaborazione di un\u2019ampia rete di servizi, aziende e di attori, anche non convenzionali.<\/li>\n<\/ul>\n<p>Questa iniziativa, che rientra nell&#8217;<a href=\"https:\/\/www.compagniadisanpaolo.it\/it\/le-nostre-sfide\/obiettivo-persone\/\" target=\"_blank\" rel=\"noopener\">Obiettivo Persone<\/a>\u00a0della Fondazione, Missioni <a href=\"https:\/\/www.compagniadisanpaolo.it\/it\/le-nostre-sfide\/obiettivo-persone\/favorire-il-lavoro-dignitoso\/\" target=\"_blank\" rel=\"noopener\">Favorire il lavoro dignitoso<\/a>\u00a0ed <a href=\"https:\/\/www.compagniadisanpaolo.it\/it\/le-nostre-sfide\/obiettivo-persone\/educare-per-crescere-insieme\/\" target=\"_blank\" rel=\"noopener\">Educare per crescere insieme<\/a>, consentir\u00e0 di sperimentare modalit\u00e0 di intervento innovative che potranno successivamente integrarsi con le politiche europee, nazionali e regionali che saranno realizzate nei prossimi anni grazie alle risorse del PNRR, della programmazione EU 2021-2027 e nel quadro della Child Guarantee.<\/p>\n<p>La call for action si rivolge a <strong>partenariati pubblico-privati <\/strong>attivi in uno specifico territorio della Regione Piemonte (esclusa la Citt\u00e0 di Torino). I partenariati devono obbligatoriamente comprendere almeno un ente pubblico e almeno due enti non profit con competenze nell\u2019area dei servizi al lavoro, educazione e conciliazione. Destinatarie dei progetti dovranno essere donne, italiane o straniere, che rientrino in una fascia di reddito ISEE non superiore a \u20ac 30.000 .<\/p>\n<p>La call \u00e8 articolata in <strong>due fasi<\/strong>. Nella prima, viene richiesto agli enti proponenti di illustrare una prima idea progettuale,a tal fine ciascun partenariato sar\u00e0 invitato dalla Compagnia ad approfondire in un incontro i contenuti dell\u2019idea progettuale e la struttura del partenariato.<\/p>\n<p>Il termine di presentazione delle proposte della Fase I \u00e8 fissato entro il 21 febbraio 2022 alle le ore 15.<\/p>\n<p>Entro il mese di Maggio 2022, saranno selezionate le candidature proposte da due sistemi territoriali piemontesi con i quali la Fondazione avvier\u00e0 un percorso di co-progettazione e condivisione degli obiettivi strategici.<\/p>\n<p>Nella seconda fase prender\u00e0 il via il percorso di co-progettazione e condivisione degli obiettivi strategici, che verr\u00e0 realizzato indicativamente nei mesi di aprile e maggio 2022 e accompagnato in ogni sua parte dalla Fondazione Compagnia di San Paolo anche con l\u2019eventuale ricorso di esperti esterni.<\/p>\n<p>Indicativamente <strong>il termine di presentazione dei progetti di dettaglio<\/strong> \u00e8 fissato entro il secondo semestre del 2022.<\/p>\n<p>La richiesta di contributo non potr\u00e0 essere superiore al 90% dei costi totali del progetto e comunque non inferiore a \u20ac 500.000.<\/p>\n<p>Per informazioni e chiarimenti scrivere all&#8217;indirizzo email: <a href=\"mailto:equilibri@compagniadisanpaolo.it\">equilibri@compagniadisanpaolo.it<\/a>.<\/p>\n<p>Per domande di natura tecnica sulla compilazione della ROL scrivere a: <a href=\"mailto:assistenzarol@compagniadisanpaolo.it\">assistenzarol@compagniadisanpaolo.it<\/a>.<\/p>\n<p>Nella sezione <a href=\"https:\/\/www.compagniadisanpaolo.it\/it\/contributi\/equilibri-una-sfida-per-le-reti-territoriali-lavoro-delle-donne-e-percorsi-educativi-di-bambine-e-bambini\/\" target=\"_blank\" rel=\"noopener\">Contributi<\/a>\u00a0\u00e8 possibile scaricare il bando completo.<\/p>\n<p>Marted\u00ec 9 novembre 2021 alle ore 14.30 \u00e8 previsto un webinar di presentazione. Per partecipare \u00e8 necessario iscriversi qui: <a href=\"https:\/\/csp-webinar.it\/registrati\" target=\"_blank\" rel=\"noopener\">https:\/\/csp-webinar.it\/registrati<\/a>[\/vc_column_text][\/vc_column][\/vc_row][vc_row el_class=&#8221;sdg-list-wrap&#8221;][vc_column][vc_raw_html]JTVCbW9zdHJhU0RHUyU1RA==[\/vc_raw_html][\/vc_column][\/vc_row][vc_row][vc_column]<div class=\"templatera_shortcode\"><div data-vc-full-width=\"true\" data-vc-full-width-temp=\"true\" data-vc-full-width-init=\"false\" class=\"vc_row wpb_row vc_row-fluid newsletter-wrap\"><div class=\"wpb_column vc_column_container vc_col-sm-12\"><div class=\"vc_column-inner\"><div class=\"wpb_wrapper\">\n\t<div class=\"wpb_raw_code wpb_raw_html wpb_content_element\" >\n\t\t<div class=\"wpb_wrapper\">\n\t\t\t    <div class=\"container\">\n      <div class=\"row align-items-center\">\n\t<div class=\"col-12 col-lg-6 col-xl-5 mb-3 mb-lg-0 pr-0\">\n\t  <h2 class=\"title\">Rimani aggiornato sui nostri bandi e sui nostri progetti<\/h2>\n\t<\/div>\n\t<div class=\"col-12 col-lg-6 col-xl-7 pl-xl-4\">\n\t  <a class=\"standard-link-block\" href=\"\/it\/newsletter\/\">\n\t    Compila il form e decidi su quale argomento vuoi ricevere notizie.\t    <strong>\u00a0 ISCRIVITI!<\/strong>\n\t  <\/a>\n\t<\/div>\n      <\/div>\n    <\/div>\n\t\t<\/div>\n\t<\/div>\n<\/div><\/div><\/div><\/div><div class=\"vc_row-full-width vc_clearfix\"><\/div><\/div>[\/vc_column][\/vc_row]\n<\/div>","protected":false},"excerpt":{"rendered":"La Fondazione Compagnia di San Paolo vuole favorire forme di collaborazione delle reti territoriali per promuovere il lavoro femminile e contrastare la povert\u00e0 educativa di bambini e ragazzi. Condividi: Facebook Twitter Linkedin Whatsapp Mail Data di pubblicazione: 28 Ottobre 2021 Obiettivo Persone. TagCoesione socialeLeadership dei minoriPari opportunit\u00e0Piena cittadinanza e diritti Di fronte a problematiche della societ\u00e0 italiana quali la bassa partecipazione femminile al mondo del lavoro e l\u2019alta incidenza della povert\u00e0 educativa minorile, acuite dalla pandemia da Covid-19, e nella consapevolezza che, per contrastarle, siano necessarie politiche attive per il lavoro, politiche di conciliazione e politiche educative da parte di reti multi-attore che includono non solo il pubblico e il terzo settore, ma anche le imprese, la Fondazione Compagnia di San Paolo lancia la Call for Action Equilibri - Una sfida per le reti territoriali: lavoro delle donne e percorsi educativi di bambine e bambini. Con essa la Fondazione intende rafforzare e sviluppare l\u2019infrastrutturazione sociale di sistemi territoriali affinch\u00e9 si consolidino forme di collaborazione e capacit\u00e0 di risposte integrate per promuovere il lavoro femminile, servizi di conciliazione e di cura, misure di contrasto alla povert\u00e0 educativa e servizi educativi di qualit\u00e0 con l\u2019obiettivo di: favorire l\u2019ingresso e la permanenza al lavoro di donne a rischio o in situazione di svantaggio con\u00a0 figli minori, disoccupate e\/o inattive, o occupate con bisogni di conciliazione; garantire la fruizione da parte dei loro figli minori di percorsi educativi di qualit\u00e0 e misure di contrasto della povert\u00e0 educativa; sperimentare azioni sistemiche di welfare aziendale e welfare di comunit\u00e0 attraverso la collaborazione di un\u2019ampia rete di servizi, aziende e di attori, anche non convenzionali. Questa iniziativa, che rientra nell'Obiettivo Persone\u00a0della Fondazione, Missioni Favorire il lavoro dignitoso\u00a0ed Educare per crescere insieme, consentir\u00e0 di sperimentare modalit\u00e0 di intervento innovative che potranno successivamente integrarsi con le politiche europee, nazionali e regionali che saranno realizzate nei prossimi anni grazie alle risorse del PNRR, della programmazione EU 2021-2027 e nel quadro della Child Guarantee. La call for action si rivolge a partenariati pubblico-privati attivi in uno specifico territorio della Regione Piemonte (esclusa la Citt\u00e0 di Torino). I partenariati devono obbligatoriamente comprendere almeno un ente pubblico e almeno due enti non profit con competenze nell\u2019area dei servizi al lavoro, educazione e conciliazione. Destinatarie dei progetti dovranno essere donne, italiane o straniere, che rientrino in una fascia di reddito ISEE non superiore a \u20ac 30.000 . La call \u00e8 articolata in due fasi. Nella prima, viene richiesto agli enti proponenti di illustrare una prima idea progettuale,a tal fine ciascun partenariato sar\u00e0 invitato dalla Compagnia ad approfondire in un incontro i contenuti dell\u2019idea progettuale e la struttura del partenariato. Il termine di presentazione delle proposte della Fase I \u00e8 fissato entro il 21 febbraio 2022 alle le ore 15. Entro il mese di Maggio 2022, saranno selezionate le candidature proposte da due sistemi territoriali piemontesi con i quali la Fondazione avvier\u00e0 un percorso di co-progettazione e condivisione degli obiettivi strategici. Nella seconda fase prender\u00e0 il via il percorso di co-progettazione e condivisione degli obiettivi strategici, che verr\u00e0 realizzato indicativamente nei mesi di aprile e maggio 2022 e accompagnato in ogni sua parte dalla Fondazione Compagnia di San Paolo anche con l\u2019eventuale ricorso di esperti esterni. Indicativamente il termine di presentazione dei progetti di dettaglio \u00e8 fissato entro il secondo semestre del 2022. La richiesta di contributo non potr\u00e0 essere superiore al 90% dei costi totali del progetto e comunque non inferiore a \u20ac 500.000. Per informazioni e chiarimenti scrivere all'indirizzo email: equilibri@compagniadisanpaolo.it. Per domande di natura tecnica sulla compilazione della ROL scrivere a: assistenzarol@compagniadisanpaolo.it. Nella sezione Contributi\u00a0\u00e8 possibile scaricare il bando completo. Marted\u00ec 9 novembre 2021 alle ore 14.30 \u00e8 previsto un webinar di presentazione. Per partecipare \u00e8 necessario iscriversi qui: https:\/\/csp-webinar.it\/registrati Questo Bando contribuisce al raggiungimento dei seguenti Obiettivi di Sviluppo Sostenibile Rimani aggiornato sui nostri bandi e sui nostri progetti Compila il form e decidi su quale argomento vuoi ricevere notizie. \u00a0 ISCRIVITI!","protected":false},"author":19,"featured_media":15544,"comment_status":"closed","ping_status":"closed","sticky":false,"template":"","format":"standard","meta":{"_acf_changed":false,"content-type":"","footnotes":""},"categories":[17],"tags":[51,56,79,93],"class_list":["post-15542","post","type-post","status-publish","format-standard","has-post-thumbnail","hentry","category-news","tag-coesione-sociale","tag-leadership-dei-minori","tag-pari-opportunita","tag-piena-cittadinanza-e-diritti","entry","post-inner"],"acf":[],"yoast_head":"<!-- This site is optimized with the Yoast SEO plugin v27.3 - https:\/\/yoast.com\/product\/yoast-seo-wordpress\/ -->\n<title>Al via la call for action Equilibri - Fondazione Compagnia di San Paolo<\/title>\n<meta name=\"description\" content=\"La Fondazione vuole favorire forme di collaborazione delle reti territoriali per promuovere il lavoro femminile e contrastare la povert\u00e0 educativa.\" \/>\n<meta name=\"robots\" content=\"index, follow, max-snippet:-1, max-image-preview:large, max-video-preview:-1\" \/>\n<link rel=\"canonical\" href=\"https:\/\/www.compagniadisanpaolo.it\/it\/news\/al-via-la-call-for-action-equilibri\/\" \/>\n<meta property=\"og:locale\" content=\"it_IT\" \/>\n<meta property=\"og:type\" content=\"article\" \/>\n<meta property=\"og:title\" content=\"Al via la call for action Equilibri - Fondazione Compagnia di San Paolo\" \/>\n<meta property=\"og:description\" content=\"La Fondazione vuole favorire forme di collaborazione delle reti territoriali per promuovere il lavoro femminile e contrastare la povert\u00e0 educativa.\" \/>\n<meta property=\"og:url\" content=\"https:\/\/www.compagniadisanpaolo.it\/it\/news\/al-via-la-call-for-action-equilibri\/\" \/>\n<meta property=\"og:site_name\" content=\"Fondazione Compagnia di San Paolo\" \/>\n<meta property=\"article:publisher\" content=\"https:\/\/www.facebook.com\/CompagniaDiSanPaolo\" \/>\n<meta property=\"article:published_time\" content=\"2021-10-28T08:00:49+00:00\" \/>\n<meta property=\"article:modified_time\" content=\"2021-10-28T09:40:28+00:00\" \/>\n<meta property=\"og:image\" content=\"https:\/\/www.compagniadisanpaolo.it\/wp-content\/uploads\/equilibri-head.jpg\" \/>\n\t<meta property=\"og:image:width\" content=\"815\" \/>\n\t<meta property=\"og:image:height\" content=\"350\" \/>\n\t<meta property=\"og:image:type\" content=\"image\/jpeg\" \/>\n<meta name=\"author\" content=\"Federica\" \/>\n<meta name=\"twitter:card\" content=\"summary_large_image\" \/>\n<meta name=\"twitter:creator\" content=\"@CSP_live\" \/>\n<meta name=\"twitter:site\" content=\"@CSP_live\" \/>\n<meta name=\"twitter:label1\" content=\"Scritto da\" \/>\n\t<meta name=\"twitter:data1\" content=\"Federica\" \/>\n\t<meta name=\"twitter:label2\" content=\"Tempo di lettura stimato\" \/>\n\t<meta name=\"twitter:data2\" content=\"3 minuti\" \/>\n<script type=\"application\/ld+json\" class=\"yoast-schema-graph\">{\"@context\":\"https:\\\/\\\/schema.org\",\"@graph\":[{\"@type\":\"Article\",\"@id\":\"https:\\\/\\\/www.compagniadisanpaolo.it\\\/it\\\/news\\\/al-via-la-call-for-action-equilibri\\\/#article\",\"isPartOf\":{\"@id\":\"https:\\\/\\\/www.compagniadisanpaolo.it\\\/it\\\/news\\\/al-via-la-call-for-action-equilibri\\\/\"},\"author\":{\"name\":\"Federica\",\"@id\":\"https:\\\/\\\/www.compagniadisanpaolo.it\\\/it\\\/#\\\/schema\\\/person\\\/b7d5451541c25c82f29c5be1e78456b2\"},\"headline\":\"Al via la call for action Equilibri\",\"datePublished\":\"2021-10-28T08:00:49+00:00\",\"dateModified\":\"2021-10-28T09:40:28+00:00\",\"mainEntityOfPage\":{\"@id\":\"https:\\\/\\\/www.compagniadisanpaolo.it\\\/it\\\/news\\\/al-via-la-call-for-action-equilibri\\\/\"},\"wordCount\":699,\"publisher\":{\"@id\":\"https:\\\/\\\/www.compagniadisanpaolo.it\\\/it\\\/#organization\"},\"image\":{\"@id\":\"https:\\\/\\\/www.compagniadisanpaolo.it\\\/it\\\/news\\\/al-via-la-call-for-action-equilibri\\\/#primaryimage\"},\"thumbnailUrl\":\"https:\\\/\\\/www.compagniadisanpaolo.it\\\/wp-content\\\/uploads\\\/equilibri-head.jpg\",\"keywords\":[\"coesione sociale\",\"leadership dei minori\",\"pari opportunit\u00e0\",\"piena cittadinanza e diritti\"],\"articleSection\":[\"News\"],\"inLanguage\":\"it-IT\"},{\"@type\":\"WebPage\",\"@id\":\"https:\\\/\\\/www.compagniadisanpaolo.it\\\/it\\\/news\\\/al-via-la-call-for-action-equilibri\\\/\",\"url\":\"https:\\\/\\\/www.compagniadisanpaolo.it\\\/it\\\/news\\\/al-via-la-call-for-action-equilibri\\\/\",\"name\":\"Al via la call for action Equilibri - Fondazione Compagnia di San Paolo\",\"isPartOf\":{\"@id\":\"https:\\\/\\\/www.compagniadisanpaolo.it\\\/it\\\/#website\"},\"primaryImageOfPage\":{\"@id\":\"https:\\\/\\\/www.compagniadisanpaolo.it\\\/it\\\/news\\\/al-via-la-call-for-action-equilibri\\\/#primaryimage\"},\"image\":{\"@id\":\"https:\\\/\\\/www.compagniadisanpaolo.it\\\/it\\\/news\\\/al-via-la-call-for-action-equilibri\\\/#primaryimage\"},\"thumbnailUrl\":\"https:\\\/\\\/www.compagniadisanpaolo.it\\\/wp-content\\\/uploads\\\/equilibri-head.jpg\",\"datePublished\":\"2021-10-28T08:00:49+00:00\",\"dateModified\":\"2021-10-28T09:40:28+00:00\",\"description\":\"La Fondazione vuole favorire forme di collaborazione delle reti territoriali per promuovere il lavoro femminile e contrastare la povert\u00e0 educativa.\",\"breadcrumb\":{\"@id\":\"https:\\\/\\\/www.compagniadisanpaolo.it\\\/it\\\/news\\\/al-via-la-call-for-action-equilibri\\\/#breadcrumb\"},\"inLanguage\":\"it-IT\",\"potentialAction\":[{\"@type\":\"ReadAction\",\"target\":[\"https:\\\/\\\/www.compagniadisanpaolo.it\\\/it\\\/news\\\/al-via-la-call-for-action-equilibri\\\/\"]}]},{\"@type\":\"ImageObject\",\"inLanguage\":\"it-IT\",\"@id\":\"https:\\\/\\\/www.compagniadisanpaolo.it\\\/it\\\/news\\\/al-via-la-call-for-action-equilibri\\\/#primaryimage\",\"url\":\"https:\\\/\\\/www.compagniadisanpaolo.it\\\/wp-content\\\/uploads\\\/equilibri-head.jpg\",\"contentUrl\":\"https:\\\/\\\/www.compagniadisanpaolo.it\\\/wp-content\\\/uploads\\\/equilibri-head.jpg\",\"width\":815,\"height\":350},{\"@type\":\"BreadcrumbList\",\"@id\":\"https:\\\/\\\/www.compagniadisanpaolo.it\\\/it\\\/news\\\/al-via-la-call-for-action-equilibri\\\/#breadcrumb\",\"itemListElement\":[{\"@type\":\"ListItem\",\"position\":1,\"name\":\"Home\",\"item\":\"https:\\\/\\\/www.compagniadisanpaolo.it\\\/it\\\/\"},{\"@type\":\"ListItem\",\"position\":2,\"name\":\"Al via la call for action Equilibri\"}]},{\"@type\":\"WebSite\",\"@id\":\"https:\\\/\\\/www.compagniadisanpaolo.it\\\/it\\\/#website\",\"url\":\"https:\\\/\\\/www.compagniadisanpaolo.it\\\/it\\\/\",\"name\":\"Fondazione Compagnia di San Paolo\",\"description\":\"\",\"publisher\":{\"@id\":\"https:\\\/\\\/www.compagniadisanpaolo.it\\\/it\\\/#organization\"},\"potentialAction\":[{\"@type\":\"SearchAction\",\"target\":{\"@type\":\"EntryPoint\",\"urlTemplate\":\"https:\\\/\\\/www.compagniadisanpaolo.it\\\/it\\\/?s={search_term_string}\"},\"query-input\":{\"@type\":\"PropertyValueSpecification\",\"valueRequired\":true,\"valueName\":\"search_term_string\"}}],\"inLanguage\":\"it-IT\"},{\"@type\":\"Organization\",\"@id\":\"https:\\\/\\\/www.compagniadisanpaolo.it\\\/it\\\/#organization\",\"name\":\"Fondazione Compagnia di San Paolo\",\"url\":\"https:\\\/\\\/www.compagniadisanpaolo.it\\\/it\\\/\",\"logo\":{\"@type\":\"ImageObject\",\"inLanguage\":\"it-IT\",\"@id\":\"https:\\\/\\\/www.compagniadisanpaolo.it\\\/it\\\/#\\\/schema\\\/logo\\\/image\\\/\",\"url\":\"https:\\\/\\\/www.compagniadisanpaolo.it\\\/wp-content\\\/uploads\\\/logo.svg\",\"contentUrl\":\"https:\\\/\\\/www.compagniadisanpaolo.it\\\/wp-content\\\/uploads\\\/logo.svg\",\"width\":769,\"height\":323,\"caption\":\"Fondazione Compagnia di San Paolo\"},\"image\":{\"@id\":\"https:\\\/\\\/www.compagniadisanpaolo.it\\\/it\\\/#\\\/schema\\\/logo\\\/image\\\/\"},\"sameAs\":[\"https:\\\/\\\/www.facebook.com\\\/CompagniaDiSanPaolo\",\"https:\\\/\\\/x.com\\\/CSP_live\",\"http:\\\/\\\/instagram.com\\\/compagniadisanpaolo?ref=badge\",\"https:\\\/\\\/www.linkedin.com\\\/company\\\/compagnia-di-san-paolo\",\"https:\\\/\\\/www.youtube.com\\\/user\\\/compagniadisanpaolo\",\"https:\\\/\\\/it.wikipedia.org\\\/wiki\\\/Compagnia_di_San_Paolo\"]},{\"@type\":\"Person\",\"@id\":\"https:\\\/\\\/www.compagniadisanpaolo.it\\\/it\\\/#\\\/schema\\\/person\\\/b7d5451541c25c82f29c5be1e78456b2\",\"name\":\"Federica\",\"image\":{\"@type\":\"ImageObject\",\"inLanguage\":\"it-IT\",\"@id\":\"https:\\\/\\\/secure.gravatar.com\\\/avatar\\\/b5698fa13ac389b1f1fb1263a4626e219d853d7ccf112e854aea8c9c087d24ae?s=96&d=mm&r=g\",\"url\":\"https:\\\/\\\/secure.gravatar.com\\\/avatar\\\/b5698fa13ac389b1f1fb1263a4626e219d853d7ccf112e854aea8c9c087d24ae?s=96&d=mm&r=g\",\"contentUrl\":\"https:\\\/\\\/secure.gravatar.com\\\/avatar\\\/b5698fa13ac389b1f1fb1263a4626e219d853d7ccf112e854aea8c9c087d24ae?s=96&d=mm&r=g\",\"caption\":\"Federica\"}}]}<\/script>\n<!-- \/ Yoast SEO plugin. -->","yoast_head_json":{"title":"Al via la call for action Equilibri - Fondazione Compagnia di San Paolo","description":"La Fondazione vuole favorire forme di collaborazione delle reti territoriali per promuovere il lavoro femminile e contrastare la povert\u00e0 educativa.","robots":{"index":"index","follow":"follow","max-snippet":"max-snippet:-1","max-image-preview":"max-image-preview:large","max-video-preview":"max-video-preview:-1"},"canonical":"https:\/\/www.compagniadisanpaolo.it\/it\/news\/al-via-la-call-for-action-equilibri\/","og_locale":"it_IT","og_type":"article","og_title":"Al via la call for action Equilibri - Fondazione Compagnia di San Paolo","og_description":"La Fondazione vuole favorire forme di collaborazione delle reti territoriali per promuovere il lavoro femminile e contrastare la povert\u00e0 educativa.","og_url":"https:\/\/www.compagniadisanpaolo.it\/it\/news\/al-via-la-call-for-action-equilibri\/","og_site_name":"Fondazione Compagnia di San Paolo","article_publisher":"https:\/\/www.facebook.com\/CompagniaDiSanPaolo","article_published_time":"2021-10-28T08:00:49+00:00","article_modified_time":"2021-10-28T09:40:28+00:00","og_image":[{"width":815,"height":350,"url":"https:\/\/www.compagniadisanpaolo.it\/wp-content\/uploads\/equilibri-head.jpg","type":"image\/jpeg"}],"author":"Federica","twitter_card":"summary_large_image","twitter_creator":"@CSP_live","twitter_site":"@CSP_live","twitter_misc":{"Scritto da":"Federica","Tempo di lettura stimato":"3 minuti"},"schema":{"@context":"https:\/\/schema.org","@graph":[{"@type":"Article","@id":"https:\/\/www.compagniadisanpaolo.it\/it\/news\/al-via-la-call-for-action-equilibri\/#article","isPartOf":{"@id":"https:\/\/www.compagniadisanpaolo.it\/it\/news\/al-via-la-call-for-action-equilibri\/"},"author":{"name":"Federica","@id":"https:\/\/www.compagniadisanpaolo.it\/it\/#\/schema\/person\/b7d5451541c25c82f29c5be1e78456b2"},"headline":"Al via la call for action Equilibri","datePublished":"2021-10-28T08:00:49+00:00","dateModified":"2021-10-28T09:40:28+00:00","mainEntityOfPage":{"@id":"https:\/\/www.compagniadisanpaolo.it\/it\/news\/al-via-la-call-for-action-equilibri\/"},"wordCount":699,"publisher":{"@id":"https:\/\/www.compagniadisanpaolo.it\/it\/#organization"},"image":{"@id":"https:\/\/www.compagniadisanpaolo.it\/it\/news\/al-via-la-call-for-action-equilibri\/#primaryimage"},"thumbnailUrl":"https:\/\/www.compagniadisanpaolo.it\/wp-content\/uploads\/equilibri-head.jpg","keywords":["coesione sociale","leadership dei minori","pari opportunit\u00e0","piena cittadinanza e diritti"],"articleSection":["News"],"inLanguage":"it-IT"},{"@type":"WebPage","@id":"https:\/\/www.compagniadisanpaolo.it\/it\/news\/al-via-la-call-for-action-equilibri\/","url":"https:\/\/www.compagniadisanpaolo.it\/it\/news\/al-via-la-call-for-action-equilibri\/","name":"Al via la call for action Equilibri - Fondazione Compagnia di San Paolo","isPartOf":{"@id":"https:\/\/www.compagniadisanpaolo.it\/it\/#website"},"primaryImageOfPage":{"@id":"https:\/\/www.compagniadisanpaolo.it\/it\/news\/al-via-la-call-for-action-equilibri\/#primaryimage"},"image":{"@id":"https:\/\/www.compagniadisanpaolo.it\/it\/news\/al-via-la-call-for-action-equilibri\/#primaryimage"},"thumbnailUrl":"https:\/\/www.compagniadisanpaolo.it\/wp-content\/uploads\/equilibri-head.jpg","datePublished":"2021-10-28T08:00:49+00:00","dateModified":"2021-10-28T09:40:28+00:00","description":"La Fondazione vuole favorire forme di collaborazione delle reti territoriali per promuovere il lavoro femminile e contrastare la povert\u00e0 educativa.","breadcrumb":{"@id":"https:\/\/www.compagniadisanpaolo.it\/it\/news\/al-via-la-call-for-action-equilibri\/#breadcrumb"},"inLanguage":"it-IT","potentialAction":[{"@type":"ReadAction","target":["https:\/\/www.compagniadisanpaolo.it\/it\/news\/al-via-la-call-for-action-equilibri\/"]}]},{"@type":"ImageObject","inLanguage":"it-IT","@id":"https:\/\/www.compagniadisanpaolo.it\/it\/news\/al-via-la-call-for-action-equilibri\/#primaryimage","url":"https:\/\/www.compagniadisanpaolo.it\/wp-content\/uploads\/equilibri-head.jpg","contentUrl":"https:\/\/www.compagniadisanpaolo.it\/wp-content\/uploads\/equilibri-head.jpg","width":815,"height":350},{"@type":"BreadcrumbList","@id":"https:\/\/www.compagniadisanpaolo.it\/it\/news\/al-via-la-call-for-action-equilibri\/#breadcrumb","itemListElement":[{"@type":"ListItem","position":1,"name":"Home","item":"https:\/\/www.compagniadisanpaolo.it\/it\/"},{"@type":"ListItem","position":2,"name":"Al via la call for action Equilibri"}]},{"@type":"WebSite","@id":"https:\/\/www.compagniadisanpaolo.it\/it\/#website","url":"https:\/\/www.compagniadisanpaolo.it\/it\/","name":"Fondazione Compagnia di San Paolo","description":"","publisher":{"@id":"https:\/\/www.compagniadisanpaolo.it\/it\/#organization"},"potentialAction":[{"@type":"SearchAction","target":{"@type":"EntryPoint","urlTemplate":"https:\/\/www.compagniadisanpaolo.it\/it\/?s={search_term_string}"},"query-input":{"@type":"PropertyValueSpecification","valueRequired":true,"valueName":"search_term_string"}}],"inLanguage":"it-IT"},{"@type":"Organization","@id":"https:\/\/www.compagniadisanpaolo.it\/it\/#organization","name":"Fondazione Compagnia di San Paolo","url":"https:\/\/www.compagniadisanpaolo.it\/it\/","logo":{"@type":"ImageObject","inLanguage":"it-IT","@id":"https:\/\/www.compagniadisanpaolo.it\/it\/#\/schema\/logo\/image\/","url":"https:\/\/www.compagniadisanpaolo.it\/wp-content\/uploads\/logo.svg","contentUrl":"https:\/\/www.compagniadisanpaolo.it\/wp-content\/uploads\/logo.svg","width":769,"height":323,"caption":"Fondazione Compagnia di San Paolo"},"image":{"@id":"https:\/\/www.compagniadisanpaolo.it\/it\/#\/schema\/logo\/image\/"},"sameAs":["https:\/\/www.facebook.com\/CompagniaDiSanPaolo","https:\/\/x.com\/CSP_live","http:\/\/instagram.com\/compagniadisanpaolo?ref=badge","https:\/\/www.linkedin.com\/company\/compagnia-di-san-paolo","https:\/\/www.youtube.com\/user\/compagniadisanpaolo","https:\/\/it.wikipedia.org\/wiki\/Compagnia_di_San_Paolo"]},{"@type":"Person","@id":"https:\/\/www.compagniadisanpaolo.it\/it\/#\/schema\/person\/b7d5451541c25c82f29c5be1e78456b2","name":"Federica","image":{"@type":"ImageObject","inLanguage":"it-IT","@id":"https:\/\/secure.gravatar.com\/avatar\/b5698fa13ac389b1f1fb1263a4626e219d853d7ccf112e854aea8c9c087d24ae?s=96&d=mm&r=g","url":"https:\/\/secure.gravatar.com\/avatar\/b5698fa13ac389b1f1fb1263a4626e219d853d7ccf112e854aea8c9c087d24ae?s=96&d=mm&r=g","contentUrl":"https:\/\/secure.gravatar.com\/avatar\/b5698fa13ac389b1f1fb1263a4626e219d853d7ccf112e854aea8c9c087d24ae?s=96&d=mm&r=g","caption":"Federica"}}]}},"amp_enabled":true,"_links":{"self":[{"href":"https:\/\/www.compagniadisanpaolo.it\/it\/wp-json\/wp\/v2\/posts\/15542","targetHints":{"allow":["GET"]}}],"collection":[{"href":"https:\/\/www.compagniadisanpaolo.it\/it\/wp-json\/wp\/v2\/posts"}],"about":[{"href":"https:\/\/www.compagniadisanpaolo.it\/it\/wp-json\/wp\/v2\/types\/post"}],"author":[{"embeddable":true,"href":"https:\/\/www.compagniadisanpaolo.it\/it\/wp-json\/wp\/v2\/users\/19"}],"replies":[{"embeddable":true,"href":"https:\/\/www.compagniadisanpaolo.it\/it\/wp-json\/wp\/v2\/comments?post=15542"}],"version-history":[{"count":3,"href":"https:\/\/www.compagniadisanpaolo.it\/it\/wp-json\/wp\/v2\/posts\/15542\/revisions"}],"predecessor-version":[{"id":15566,"href":"https:\/\/www.compagniadisanpaolo.it\/it\/wp-json\/wp\/v2\/posts\/15542\/revisions\/15566"}],"wp:featuredmedia":[{"embeddable":true,"href":"https:\/\/www.compagniadisanpaolo.it\/it\/wp-json\/wp\/v2\/media\/15544"}],"wp:attachment":[{"href":"https:\/\/www.compagniadisanpaolo.it\/it\/wp-json\/wp\/v2\/media?parent=15542"}],"wp:term":[{"taxonomy":"category","embeddable":true,"href":"https:\/\/www.compagniadisanpaolo.it\/it\/wp-json\/wp\/v2\/categories?post=15542"},{"taxonomy":"post_tag","embeddable":true,"href":"https:\/\/www.compagniadisanpaolo.it\/it\/wp-json\/wp\/v2\/tags?post=15542"}],"curies":[{"name":"wp","href":"https:\/\/api.w.org\/{rel}","templated":true}]}}