{"id":15352,"date":"2021-10-08T15:02:42","date_gmt":"2021-10-08T13:02:42","guid":{"rendered":"https:\/\/www.compagniadisanpaolo.it\/?p=15352"},"modified":"2021-10-08T15:06:51","modified_gmt":"2021-10-08T13:06:51","slug":"il-progetto-articolo1-sbarca-nel-territorio-del-verbano-cusio-ossola","status":"publish","type":"post","link":"https:\/\/www.compagniadisanpaolo.it\/it\/news\/il-progetto-articolo1-sbarca-nel-territorio-del-verbano-cusio-ossola\/","title":{"rendered":"Il progetto Articolo+1 sbarca nel territorio del Verbano-Cusio-Ossola"},"content":{"rendered":"<div class=\"wpb-content-wrapper\">[vc_row][vc_column][vc_column_text el_class=&#8221;text-headline2&#8243;]\n<div>Un&#8217;iniziativa che replica le esperienze positive di Genova e Torino e mira ad aumentare l\u2019occupazione e ridurre l\u2019inattivit\u00e0 dei giovani e delle giovani under 35.<\/div>\n[\/vc_column_text][\/vc_column][\/vc_row][vc_row][vc_column][vc_column_text]\n<div class=\"info-box mission\">\n\t\t<div class=\"info-box-wrap info-box-hor row pb-0\">\n\n\t\t      \n\t\t      <div class=\"spalla col-12 col-md-12\">\n\t\t\t<div class=\"info-box sharing-box\">\n\t\t\t  <span class=\"label\">Condividi:<\/span>\n\t\t\t  <div class=\"social-sharing\">\n\t\t\t    <span class=\"box\">\n\t\t\t      <a class=\"fb\" href=\"https:\/\/www.facebook.com\/sharer.php?u=https:\/\/www.compagniadisanpaolo.it\/it\/news\/il-progetto-articolo1-sbarca-nel-territorio-del-verbano-cusio-ossola\/\" target=\"_blank\">\n\t\t\t\t<span class=\"sr-only\">Facebook<\/span>\n\t\t\t\t<i class=\"fab fa-facebook-f\"><\/i>\n\t\t\t      <\/a>\n\t\t\t    <\/span>\n\t\t\t    \n\t\t\t    <style>\n.twitter, .twitter:hover{\ncolor:#000000 !important;}\n<\/style>\n\n\n\t\t\t    <span class=\"box\">\n\t\t\t      <a class=\"twitter\" href=\"https:\/\/twitter.com\/intent\/tweet?url=https:\/\/www.compagniadisanpaolo.it\/it\/news\/il-progetto-articolo1-sbarca-nel-territorio-del-verbano-cusio-ossola\/\">\n\t\t\t\t<span class=\"sr-only\">Twitter<\/span>\n\t\t\t\t<i class=\"fa-brands fa-x-twitter\"><\/i>\n\t\t\t      <\/a>\n\t\t\t    <\/span>\n\n\t\t\t    \n\t\t\t    <span class=\"box\">\n\t\t\t      <a class=\"linkedin\" href=\"https:\/\/www.linkedin.com\/shareArticle?mini=true&url=https:\/\/www.compagniadisanpaolo.it\/it\/news\/il-progetto-articolo1-sbarca-nel-territorio-del-verbano-cusio-ossola\/\">\n\t\t\t\t<span class=\"sr-only\">Linkedin<\/span>\n\t\t\t\t  <i class=\"fa-brands fa-linkedin-in\"><\/i>\n\t\t\t      <\/a>\n\t\t\t    <\/span>\n\n\t\t\t    <span class=\"box\">\n\t\t\t      <a class=\"whatsapp\" href=\"whatsapp:\/\/send?text=https:\/\/www.compagniadisanpaolo.it\/it\/news\/il-progetto-articolo1-sbarca-nel-territorio-del-verbano-cusio-ossola\/\" data-action=\"share\/whatsapp\/share\">\n\t\t\t\t<span class=\"sr-only\">Whatsapp<\/span>\n\t\t\t\t<i class=\"fa-brands fa-whatsapp\"><\/i>\n\t\t\t      <\/a>\n\t\t\t    <\/span>\n\n\t\t\t    <span class=\"box\">\n\t\t\t      <a class=\"mail\" href=\"mailto:?subject=Il progetto Articolo+1 sbarca nel territorio del Verbano-Cusio-Ossola&body=https:\/\/www.compagniadisanpaolo.it\/it\/news\/il-progetto-articolo1-sbarca-nel-territorio-del-verbano-cusio-ossola\/\">\n\t\t\t\t<span class=\"sr-only\">Mail<\/span>\n\t\t\t\t <i class=\"fa-solid fa-envelope\"><\/i>\n\t\t\t      <\/a>\n\t\t\t    <\/span>\n\t\t\t    \n\t\t\t  <\/div>\n\t\t\t<\/div>\n\t      <\/div>\n\t    <\/div><\/div>\n[\/vc_column_text][\/vc_column][\/vc_row][vc_row][vc_column width=&#8221;1\/4&#8243;][vc_column_text]\n\n\n\t\t<div class=\"info-box-wrap\">\n\n\t  <div class=\"info-box date-pub\">\n\t  \t<span class=\"label\">Data di pubblicazione:<\/span>\n\t    <span class=\"value\">8 Ottobre 2021<\/span>\n\t  <\/div>\n\t\t\t\t  <div class=\"info-box obj-people\">\n\t\t\t\t\t  <div class=\"info-box obj\"><span class=\"label\">Obiettivo<\/span>\n\t\t\t\t\t    <div class=\"obj-small-box\">\n\t\t\t\t\t      <span>Persone.<\/span>\n\t\t\t\t\t    <\/div>\n\t\t\t\t\t  <\/div>\n\t\t\t\t  <\/div>\n\t\t\t  <div class=\"info-box mission\"><span class=\"label\">Tag<\/span><a href=\"https:\/\/www.compagniadisanpaolo.it\/it\/tags\/risultati\/?_sft_post_tag=nuove-generazioni\" class=\"tag-element\">Nuove generazioni<\/a><a href=\"https:\/\/www.compagniadisanpaolo.it\/it\/tags\/risultati\/?_sft_post_tag=opportunita\" class=\"tag-element\">Opportunit\u00e0<\/a><a href=\"https:\/\/www.compagniadisanpaolo.it\/it\/tags\/risultati\/?_sft_post_tag=opportunita-di-professionalizzazione\" class=\"tag-element\">Opportunit\u00e0 di professionalizzazione<\/a><\/div>\t  \n\t<\/div>\n[\/vc_column_text][\/vc_column][vc_column width=&#8221;3\/4&#8243; el_class=&#8221;page-content&#8221;][vc_column_text el_class=&#8221;text&#8221;]Le Fondazioni Compagnia di San Paolo, <a href=\"https:\/\/fondazionebuonlavoro.it\/\" target=\"_blank\" rel=\"noopener\">Buon Lavoro<\/a>\u00a0e <a href=\"https:\/\/www.fondazionevco.org\/\" target=\"_blank\" rel=\"noopener\">Comunitaria del VCO<\/a>\u00a0hanno siglato una convenzione per la realizzazione, nel territorio del Verbano-Cusio-Ossola, di un progetto rivolto a giovani NEET (Not in Education, Employment or Training) finalizzato al loro inserimento lavorativo. Un progetto sul modello del Programma <a href=\"https:\/\/www.compagniadisanpaolo.it\/it\/progetti\/articolo-1\/\" target=\"_blank\" rel=\"noopener\"><strong>Articolo+1 <\/strong><\/a><strong>, <\/strong>gi\u00e0 sostenuto e sperimentato dalla Fondazione Compagnia di San Paolo nella Citt\u00e0 Metropolitana di Torino dal 2017 e recentemente su quella di Genova.<\/p>\n<p>Un&#8217;iniziativa che mira ad <strong>aumentare<\/strong> anche sul territorio del Verbano-Cusio-Ossola <strong>l\u2019occupazione e ridurre l\u2019inattivit\u00e0 dei giovani e delle giovani (under 35)<\/strong>, non iscritti in alcun percorso educativo, lavorativo o formativo e con difficolt\u00e0 a inserirsi nel mercato del lavoro, con particolare attenzione alle problematiche lavorative causate dalla pandemia Covid-19.<\/p>\n<p>Il programma mette a disposizione <strong>un\u2019offerta di servizi estremamente flessibile e personalizzabile<\/strong> attraverso la quale i giovani possono mettersi in gioco e imparano facendo, individualmente o attraverso attivit\u00e0 di gruppo. Articolo+1 sostiene l\u2019avvio di brevi percorsi formativi, progettati sulla base delle richieste gi\u00e0 espresse dalle imprese, che diano ai giovani immediate possibilit\u00e0 di inserimento. L\u2019orientamento al lavoro del programma trova conferma anche nell\u2019introduzione di un meccanismo di pagamento a risultato, proporzionale agli esiti occupazionali raggiunti dai giovani presi in carico, e la promozione di tirocini extracurriculari di breve durata (da due a quattro mesi) con la richiesta all\u2019azienda di esprimere in tempi brevi il proprio eventuale impegno all\u2019assunzione.<\/p>\n<p>\u201cNell\u2019ultimo decennio \u00e8 purtroppo aumentato sempre di pi\u00f9 il numero dei giovani che, usciti dal sistema educativo di istruzione e formazione, rimangono ai margini del mercato del lavoro, i cosiddetti &#8216;NEET&#8217; &#8211; ha commentato <a href=\"https:\/\/www.compagniadisanpaolo.it\/it\/fondazione\/organi\/alberto-anfossi-segretario-generale\/\" target=\"_blank\" rel=\"noopener\">Alberto Anfossi, Segretario Generale della Fondazione Compagnia di San Paolo<\/a>, intervenuto questa mattina alla presentazione del progetto -. Il numero \u00e8\u00a0ulteriormente in crescita a causa della pandemia.\u00a0La Fondazione Compagnia di San Paolo \u00e8 <strong>impegnata a promuovere e realizzare iniziative di innovazione nelle politiche attive del lavoro<\/strong>: con l\u2019obiettivo di aumentarne l\u2019occupazione e di colmare i bisogni professionali e educativi dei NEET, \u00e8 nato nel 2017 sul territorio della Citt\u00e0 Metropolitana di Torino il programma Articolo+1. Da questa positiva esperienza, Articolo+1 \u00e8 stato replicato anche sull\u2019area metropolitana della Citt\u00e0 di Genova e da oggi, nel territorio del Verbano-Cusio-Ossola, grazie alla convenzione stipulata con la Fondazione Comunitaria del VCO e con la Fondazione Buon Lavoro, con le quali iniziamo questa sperimentazione. Un\u2019iniziativa importante: un modello di intervento valutato rigorosamente e replicato su aree diverse, ma capace di adattarsi alle specificit\u00e0 geografiche e socioeconomiche dei territori; una rete di attori che mette a sistema politiche del lavoro ed educative innovative, efficaci per rilanciare il progetto di vita dei giovani a cui si rivolge; una logica progettuale che offre concrete opportunit\u00e0 occupazionali, promossa anche attraverso un meccanismo di remunerazione degli interventi basata sul risultato (pay by results)\u201d.<\/p>\n<p>&nbsp;<\/p>\n<p><a href=\"https:\/\/www.compagniadisanpaolo.it\/it\/comunicati-stampa\/progetto-articolo1\/\" target=\"_blank\" rel=\"noopener\">Scarica qui<\/a> il comunicato stampa.[\/vc_column_text][\/vc_column][\/vc_row][vc_row el_class=&#8221;sdg-list-wrap&#8221;][vc_column][vc_raw_html]JTVCbW9zdHJhU0RHUyU1RA==[\/vc_raw_html][\/vc_column][\/vc_row][vc_row][vc_column]<div class=\"templatera_shortcode\"><div data-vc-full-width=\"true\" data-vc-full-width-temp=\"true\" data-vc-full-width-init=\"false\" class=\"vc_row wpb_row vc_row-fluid newsletter-wrap\"><div class=\"wpb_column vc_column_container vc_col-sm-12\"><div class=\"vc_column-inner\"><div class=\"wpb_wrapper\">\n\t<div class=\"wpb_raw_code wpb_raw_html wpb_content_element\" >\n\t\t<div class=\"wpb_wrapper\">\n\t\t\t    <div class=\"container\">\n      <div class=\"row align-items-center\">\n\t<div class=\"col-12 col-lg-6 col-xl-5 mb-3 mb-lg-0 pr-0\">\n\t  <h2 class=\"title\">Rimani aggiornato sui nostri bandi e sui nostri progetti<\/h2>\n\t<\/div>\n\t<div class=\"col-12 col-lg-6 col-xl-7 pl-xl-4\">\n\t  <a class=\"standard-link-block\" href=\"\/it\/newsletter\/\">\n\t    Compila il form e decidi su quale argomento vuoi ricevere notizie.\t    <strong>\u00a0 ISCRIVITI!<\/strong>\n\t  <\/a>\n\t<\/div>\n      <\/div>\n    <\/div>\n\t\t<\/div>\n\t<\/div>\n<\/div><\/div><\/div><\/div><div class=\"vc_row-full-width vc_clearfix\"><\/div><\/div>[\/vc_column][\/vc_row]\n<\/div>","protected":false},"excerpt":{"rendered":"Un'iniziativa che replica le esperienze positive di Genova e Torino e mira ad aumentare l\u2019occupazione e ridurre l\u2019inattivit\u00e0 dei giovani e delle giovani under 35. Condividi: Facebook Twitter Linkedin Whatsapp Mail Data di pubblicazione: 8 Ottobre 2021 Obiettivo Persone. TagNuove generazioniOpportunit\u00e0Opportunit\u00e0 di professionalizzazione Le Fondazioni Compagnia di San Paolo, Buon Lavoro\u00a0e Comunitaria del VCO\u00a0hanno siglato una convenzione per la realizzazione, nel territorio del Verbano-Cusio-Ossola, di un progetto rivolto a giovani NEET (Not in Education, Employment or Training) finalizzato al loro inserimento lavorativo. Un progetto sul modello del Programma Articolo+1 , gi\u00e0 sostenuto e sperimentato dalla Fondazione Compagnia di San Paolo nella Citt\u00e0 Metropolitana di Torino dal 2017 e recentemente su quella di Genova. Un'iniziativa che mira ad aumentare anche sul territorio del Verbano-Cusio-Ossola l\u2019occupazione e ridurre l\u2019inattivit\u00e0 dei giovani e delle giovani (under 35), non iscritti in alcun percorso educativo, lavorativo o formativo e con difficolt\u00e0 a inserirsi nel mercato del lavoro, con particolare attenzione alle problematiche lavorative causate dalla pandemia Covid-19. Il programma mette a disposizione un\u2019offerta di servizi estremamente flessibile e personalizzabile attraverso la quale i giovani possono mettersi in gioco e imparano facendo, individualmente o attraverso attivit\u00e0 di gruppo. Articolo+1 sostiene l\u2019avvio di brevi percorsi formativi, progettati sulla base delle richieste gi\u00e0 espresse dalle imprese, che diano ai giovani immediate possibilit\u00e0 di inserimento. L\u2019orientamento al lavoro del programma trova conferma anche nell\u2019introduzione di un meccanismo di pagamento a risultato, proporzionale agli esiti occupazionali raggiunti dai giovani presi in carico, e la promozione di tirocini extracurriculari di breve durata (da due a quattro mesi) con la richiesta all\u2019azienda di esprimere in tempi brevi il proprio eventuale impegno all\u2019assunzione. \u201cNell\u2019ultimo decennio \u00e8 purtroppo aumentato sempre di pi\u00f9 il numero dei giovani che, usciti dal sistema educativo di istruzione e formazione, rimangono ai margini del mercato del lavoro, i cosiddetti 'NEET' - ha commentato Alberto Anfossi, Segretario Generale della Fondazione Compagnia di San Paolo, intervenuto questa mattina alla presentazione del progetto -. Il numero \u00e8\u00a0ulteriormente in crescita a causa della pandemia.\u00a0La Fondazione Compagnia di San Paolo \u00e8 impegnata a promuovere e realizzare iniziative di innovazione nelle politiche attive del lavoro: con l\u2019obiettivo di aumentarne l\u2019occupazione e di colmare i bisogni professionali e educativi dei NEET, \u00e8 nato nel 2017 sul territorio della Citt\u00e0 Metropolitana di Torino il programma Articolo+1. Da questa positiva esperienza, Articolo+1 \u00e8 stato replicato anche sull\u2019area metropolitana della Citt\u00e0 di Genova e da oggi, nel territorio del Verbano-Cusio-Ossola, grazie alla convenzione stipulata con la Fondazione Comunitaria del VCO e con la Fondazione Buon Lavoro, con le quali iniziamo questa sperimentazione. Un\u2019iniziativa importante: un modello di intervento valutato rigorosamente e replicato su aree diverse, ma capace di adattarsi alle specificit\u00e0 geografiche e socioeconomiche dei territori; una rete di attori che mette a sistema politiche del lavoro ed educative innovative, efficaci per rilanciare il progetto di vita dei giovani a cui si rivolge; una logica progettuale che offre concrete opportunit\u00e0 occupazionali, promossa anche attraverso un meccanismo di remunerazione degli interventi basata sul risultato (pay by results)\u201d. &nbsp; Scarica qui il comunicato stampa. Questo progetto contribuisce al raggiungimento dei seguenti Obiettivi di Sviluppo Sostenibile Rimani aggiornato sui nostri bandi e sui nostri progetti Compila il form e decidi su quale argomento vuoi ricevere notizie. \u00a0 ISCRIVITI!","protected":false},"author":19,"featured_media":15353,"comment_status":"closed","ping_status":"closed","sticky":false,"template":"","format":"standard","meta":{"_acf_changed":false,"content-type":"","footnotes":""},"categories":[17],"tags":[54,52,71],"class_list":["post-15352","post","type-post","status-publish","format-standard","has-post-thumbnail","hentry","category-news","tag-nuove-generazioni","tag-opportunita","tag-opportunita-di-professionalizzazione","entry","post-inner"],"acf":[],"yoast_head":"<!-- This site is optimized with the Yoast SEO plugin v27.3 - https:\/\/yoast.com\/product\/yoast-seo-wordpress\/ -->\n<title>Il progetto Articolo+1 sbarca nel territorio del Verbano-Cusio-Ossola - Fondazione Compagnia di San Paolo<\/title>\n<meta name=\"description\" content=\"Un&#039;iniziativa che mira ad aumentare l\u2019occupazione e ridurre l\u2019inattivit\u00e0 dei giovani e delle giovani under 35.\" \/>\n<meta name=\"robots\" content=\"index, follow, max-snippet:-1, max-image-preview:large, max-video-preview:-1\" \/>\n<link rel=\"canonical\" href=\"https:\/\/www.compagniadisanpaolo.it\/it\/news\/il-progetto-articolo1-sbarca-nel-territorio-del-verbano-cusio-ossola\/\" \/>\n<meta property=\"og:locale\" content=\"it_IT\" \/>\n<meta property=\"og:type\" content=\"article\" \/>\n<meta property=\"og:title\" content=\"Il progetto Articolo+1 sbarca nel territorio del Verbano-Cusio-Ossola - Fondazione Compagnia di San Paolo\" \/>\n<meta property=\"og:description\" content=\"Un&#039;iniziativa che mira ad aumentare l\u2019occupazione e ridurre l\u2019inattivit\u00e0 dei giovani e delle giovani under 35.\" \/>\n<meta property=\"og:url\" content=\"https:\/\/www.compagniadisanpaolo.it\/it\/news\/il-progetto-articolo1-sbarca-nel-territorio-del-verbano-cusio-ossola\/\" \/>\n<meta property=\"og:site_name\" content=\"Fondazione Compagnia di San Paolo\" \/>\n<meta property=\"article:publisher\" content=\"https:\/\/www.facebook.com\/CompagniaDiSanPaolo\" \/>\n<meta property=\"article:published_time\" content=\"2021-10-08T13:02:42+00:00\" \/>\n<meta property=\"article:modified_time\" content=\"2021-10-08T13:06:51+00:00\" \/>\n<meta property=\"og:image\" content=\"https:\/\/www.compagniadisanpaolo.it\/wp-content\/uploads\/Articolo1_VCO-scaled.jpg\" \/>\n\t<meta property=\"og:image:width\" content=\"2560\" \/>\n\t<meta property=\"og:image:height\" content=\"1810\" \/>\n\t<meta property=\"og:image:type\" content=\"image\/jpeg\" \/>\n<meta name=\"author\" content=\"Federica\" \/>\n<meta name=\"twitter:card\" content=\"summary_large_image\" \/>\n<meta name=\"twitter:creator\" content=\"@CSP_live\" \/>\n<meta name=\"twitter:site\" content=\"@CSP_live\" \/>\n<meta name=\"twitter:label1\" content=\"Scritto da\" \/>\n\t<meta name=\"twitter:data1\" content=\"Federica\" \/>\n\t<meta name=\"twitter:label2\" content=\"Tempo di lettura stimato\" \/>\n\t<meta name=\"twitter:data2\" content=\"3 minuti\" \/>\n<script type=\"application\/ld+json\" class=\"yoast-schema-graph\">{\"@context\":\"https:\\\/\\\/schema.org\",\"@graph\":[{\"@type\":\"Article\",\"@id\":\"https:\\\/\\\/www.compagniadisanpaolo.it\\\/it\\\/news\\\/il-progetto-articolo1-sbarca-nel-territorio-del-verbano-cusio-ossola\\\/#article\",\"isPartOf\":{\"@id\":\"https:\\\/\\\/www.compagniadisanpaolo.it\\\/it\\\/news\\\/il-progetto-articolo1-sbarca-nel-territorio-del-verbano-cusio-ossola\\\/\"},\"author\":{\"name\":\"Federica\",\"@id\":\"https:\\\/\\\/www.compagniadisanpaolo.it\\\/it\\\/#\\\/schema\\\/person\\\/b7d5451541c25c82f29c5be1e78456b2\"},\"headline\":\"Il progetto Articolo+1 sbarca nel territorio del Verbano-Cusio-Ossola\",\"datePublished\":\"2021-10-08T13:02:42+00:00\",\"dateModified\":\"2021-10-08T13:06:51+00:00\",\"mainEntityOfPage\":{\"@id\":\"https:\\\/\\\/www.compagniadisanpaolo.it\\\/it\\\/news\\\/il-progetto-articolo1-sbarca-nel-territorio-del-verbano-cusio-ossola\\\/\"},\"wordCount\":599,\"publisher\":{\"@id\":\"https:\\\/\\\/www.compagniadisanpaolo.it\\\/it\\\/#organization\"},\"image\":{\"@id\":\"https:\\\/\\\/www.compagniadisanpaolo.it\\\/it\\\/news\\\/il-progetto-articolo1-sbarca-nel-territorio-del-verbano-cusio-ossola\\\/#primaryimage\"},\"thumbnailUrl\":\"https:\\\/\\\/www.compagniadisanpaolo.it\\\/wp-content\\\/uploads\\\/Articolo1_VCO-scaled.jpg\",\"keywords\":[\"nuove generazioni\",\"opportunit\u00e0\",\"opportunit\u00e0 di professionalizzazione\"],\"articleSection\":[\"News\"],\"inLanguage\":\"it-IT\"},{\"@type\":\"WebPage\",\"@id\":\"https:\\\/\\\/www.compagniadisanpaolo.it\\\/it\\\/news\\\/il-progetto-articolo1-sbarca-nel-territorio-del-verbano-cusio-ossola\\\/\",\"url\":\"https:\\\/\\\/www.compagniadisanpaolo.it\\\/it\\\/news\\\/il-progetto-articolo1-sbarca-nel-territorio-del-verbano-cusio-ossola\\\/\",\"name\":\"Il progetto Articolo+1 sbarca nel territorio del Verbano-Cusio-Ossola - Fondazione Compagnia di San Paolo\",\"isPartOf\":{\"@id\":\"https:\\\/\\\/www.compagniadisanpaolo.it\\\/it\\\/#website\"},\"primaryImageOfPage\":{\"@id\":\"https:\\\/\\\/www.compagniadisanpaolo.it\\\/it\\\/news\\\/il-progetto-articolo1-sbarca-nel-territorio-del-verbano-cusio-ossola\\\/#primaryimage\"},\"image\":{\"@id\":\"https:\\\/\\\/www.compagniadisanpaolo.it\\\/it\\\/news\\\/il-progetto-articolo1-sbarca-nel-territorio-del-verbano-cusio-ossola\\\/#primaryimage\"},\"thumbnailUrl\":\"https:\\\/\\\/www.compagniadisanpaolo.it\\\/wp-content\\\/uploads\\\/Articolo1_VCO-scaled.jpg\",\"datePublished\":\"2021-10-08T13:02:42+00:00\",\"dateModified\":\"2021-10-08T13:06:51+00:00\",\"description\":\"Un'iniziativa che mira ad aumentare l\u2019occupazione e ridurre l\u2019inattivit\u00e0 dei giovani e delle giovani under 35.\",\"breadcrumb\":{\"@id\":\"https:\\\/\\\/www.compagniadisanpaolo.it\\\/it\\\/news\\\/il-progetto-articolo1-sbarca-nel-territorio-del-verbano-cusio-ossola\\\/#breadcrumb\"},\"inLanguage\":\"it-IT\",\"potentialAction\":[{\"@type\":\"ReadAction\",\"target\":[\"https:\\\/\\\/www.compagniadisanpaolo.it\\\/it\\\/news\\\/il-progetto-articolo1-sbarca-nel-territorio-del-verbano-cusio-ossola\\\/\"]}]},{\"@type\":\"ImageObject\",\"inLanguage\":\"it-IT\",\"@id\":\"https:\\\/\\\/www.compagniadisanpaolo.it\\\/it\\\/news\\\/il-progetto-articolo1-sbarca-nel-territorio-del-verbano-cusio-ossola\\\/#primaryimage\",\"url\":\"https:\\\/\\\/www.compagniadisanpaolo.it\\\/wp-content\\\/uploads\\\/Articolo1_VCO-scaled.jpg\",\"contentUrl\":\"https:\\\/\\\/www.compagniadisanpaolo.it\\\/wp-content\\\/uploads\\\/Articolo1_VCO-scaled.jpg\",\"width\":2560,\"height\":1810},{\"@type\":\"BreadcrumbList\",\"@id\":\"https:\\\/\\\/www.compagniadisanpaolo.it\\\/it\\\/news\\\/il-progetto-articolo1-sbarca-nel-territorio-del-verbano-cusio-ossola\\\/#breadcrumb\",\"itemListElement\":[{\"@type\":\"ListItem\",\"position\":1,\"name\":\"Home\",\"item\":\"https:\\\/\\\/www.compagniadisanpaolo.it\\\/it\\\/\"},{\"@type\":\"ListItem\",\"position\":2,\"name\":\"Il progetto Articolo+1 sbarca nel territorio del Verbano-Cusio-Ossola\"}]},{\"@type\":\"WebSite\",\"@id\":\"https:\\\/\\\/www.compagniadisanpaolo.it\\\/it\\\/#website\",\"url\":\"https:\\\/\\\/www.compagniadisanpaolo.it\\\/it\\\/\",\"name\":\"Fondazione Compagnia di San Paolo\",\"description\":\"\",\"publisher\":{\"@id\":\"https:\\\/\\\/www.compagniadisanpaolo.it\\\/it\\\/#organization\"},\"potentialAction\":[{\"@type\":\"SearchAction\",\"target\":{\"@type\":\"EntryPoint\",\"urlTemplate\":\"https:\\\/\\\/www.compagniadisanpaolo.it\\\/it\\\/?s={search_term_string}\"},\"query-input\":{\"@type\":\"PropertyValueSpecification\",\"valueRequired\":true,\"valueName\":\"search_term_string\"}}],\"inLanguage\":\"it-IT\"},{\"@type\":\"Organization\",\"@id\":\"https:\\\/\\\/www.compagniadisanpaolo.it\\\/it\\\/#organization\",\"name\":\"Fondazione Compagnia di San Paolo\",\"url\":\"https:\\\/\\\/www.compagniadisanpaolo.it\\\/it\\\/\",\"logo\":{\"@type\":\"ImageObject\",\"inLanguage\":\"it-IT\",\"@id\":\"https:\\\/\\\/www.compagniadisanpaolo.it\\\/it\\\/#\\\/schema\\\/logo\\\/image\\\/\",\"url\":\"https:\\\/\\\/www.compagniadisanpaolo.it\\\/wp-content\\\/uploads\\\/logo.svg\",\"contentUrl\":\"https:\\\/\\\/www.compagniadisanpaolo.it\\\/wp-content\\\/uploads\\\/logo.svg\",\"width\":769,\"height\":323,\"caption\":\"Fondazione Compagnia di San Paolo\"},\"image\":{\"@id\":\"https:\\\/\\\/www.compagniadisanpaolo.it\\\/it\\\/#\\\/schema\\\/logo\\\/image\\\/\"},\"sameAs\":[\"https:\\\/\\\/www.facebook.com\\\/CompagniaDiSanPaolo\",\"https:\\\/\\\/x.com\\\/CSP_live\",\"http:\\\/\\\/instagram.com\\\/compagniadisanpaolo?ref=badge\",\"https:\\\/\\\/www.linkedin.com\\\/company\\\/compagnia-di-san-paolo\",\"https:\\\/\\\/www.youtube.com\\\/user\\\/compagniadisanpaolo\",\"https:\\\/\\\/it.wikipedia.org\\\/wiki\\\/Compagnia_di_San_Paolo\"]},{\"@type\":\"Person\",\"@id\":\"https:\\\/\\\/www.compagniadisanpaolo.it\\\/it\\\/#\\\/schema\\\/person\\\/b7d5451541c25c82f29c5be1e78456b2\",\"name\":\"Federica\",\"image\":{\"@type\":\"ImageObject\",\"inLanguage\":\"it-IT\",\"@id\":\"https:\\\/\\\/secure.gravatar.com\\\/avatar\\\/b5698fa13ac389b1f1fb1263a4626e219d853d7ccf112e854aea8c9c087d24ae?s=96&d=mm&r=g\",\"url\":\"https:\\\/\\\/secure.gravatar.com\\\/avatar\\\/b5698fa13ac389b1f1fb1263a4626e219d853d7ccf112e854aea8c9c087d24ae?s=96&d=mm&r=g\",\"contentUrl\":\"https:\\\/\\\/secure.gravatar.com\\\/avatar\\\/b5698fa13ac389b1f1fb1263a4626e219d853d7ccf112e854aea8c9c087d24ae?s=96&d=mm&r=g\",\"caption\":\"Federica\"}}]}<\/script>\n<!-- \/ Yoast SEO plugin. -->","yoast_head_json":{"title":"Il progetto Articolo+1 sbarca nel territorio del Verbano-Cusio-Ossola - Fondazione Compagnia di San Paolo","description":"Un'iniziativa che mira ad aumentare l\u2019occupazione e ridurre l\u2019inattivit\u00e0 dei giovani e delle giovani under 35.","robots":{"index":"index","follow":"follow","max-snippet":"max-snippet:-1","max-image-preview":"max-image-preview:large","max-video-preview":"max-video-preview:-1"},"canonical":"https:\/\/www.compagniadisanpaolo.it\/it\/news\/il-progetto-articolo1-sbarca-nel-territorio-del-verbano-cusio-ossola\/","og_locale":"it_IT","og_type":"article","og_title":"Il progetto Articolo+1 sbarca nel territorio del Verbano-Cusio-Ossola - Fondazione Compagnia di San Paolo","og_description":"Un'iniziativa che mira ad aumentare l\u2019occupazione e ridurre l\u2019inattivit\u00e0 dei giovani e delle giovani under 35.","og_url":"https:\/\/www.compagniadisanpaolo.it\/it\/news\/il-progetto-articolo1-sbarca-nel-territorio-del-verbano-cusio-ossola\/","og_site_name":"Fondazione Compagnia di San Paolo","article_publisher":"https:\/\/www.facebook.com\/CompagniaDiSanPaolo","article_published_time":"2021-10-08T13:02:42+00:00","article_modified_time":"2021-10-08T13:06:51+00:00","og_image":[{"width":2560,"height":1810,"url":"https:\/\/www.compagniadisanpaolo.it\/wp-content\/uploads\/Articolo1_VCO-scaled.jpg","type":"image\/jpeg"}],"author":"Federica","twitter_card":"summary_large_image","twitter_creator":"@CSP_live","twitter_site":"@CSP_live","twitter_misc":{"Scritto da":"Federica","Tempo di lettura stimato":"3 minuti"},"schema":{"@context":"https:\/\/schema.org","@graph":[{"@type":"Article","@id":"https:\/\/www.compagniadisanpaolo.it\/it\/news\/il-progetto-articolo1-sbarca-nel-territorio-del-verbano-cusio-ossola\/#article","isPartOf":{"@id":"https:\/\/www.compagniadisanpaolo.it\/it\/news\/il-progetto-articolo1-sbarca-nel-territorio-del-verbano-cusio-ossola\/"},"author":{"name":"Federica","@id":"https:\/\/www.compagniadisanpaolo.it\/it\/#\/schema\/person\/b7d5451541c25c82f29c5be1e78456b2"},"headline":"Il progetto Articolo+1 sbarca nel territorio del Verbano-Cusio-Ossola","datePublished":"2021-10-08T13:02:42+00:00","dateModified":"2021-10-08T13:06:51+00:00","mainEntityOfPage":{"@id":"https:\/\/www.compagniadisanpaolo.it\/it\/news\/il-progetto-articolo1-sbarca-nel-territorio-del-verbano-cusio-ossola\/"},"wordCount":599,"publisher":{"@id":"https:\/\/www.compagniadisanpaolo.it\/it\/#organization"},"image":{"@id":"https:\/\/www.compagniadisanpaolo.it\/it\/news\/il-progetto-articolo1-sbarca-nel-territorio-del-verbano-cusio-ossola\/#primaryimage"},"thumbnailUrl":"https:\/\/www.compagniadisanpaolo.it\/wp-content\/uploads\/Articolo1_VCO-scaled.jpg","keywords":["nuove generazioni","opportunit\u00e0","opportunit\u00e0 di professionalizzazione"],"articleSection":["News"],"inLanguage":"it-IT"},{"@type":"WebPage","@id":"https:\/\/www.compagniadisanpaolo.it\/it\/news\/il-progetto-articolo1-sbarca-nel-territorio-del-verbano-cusio-ossola\/","url":"https:\/\/www.compagniadisanpaolo.it\/it\/news\/il-progetto-articolo1-sbarca-nel-territorio-del-verbano-cusio-ossola\/","name":"Il progetto Articolo+1 sbarca nel territorio del Verbano-Cusio-Ossola - Fondazione Compagnia di San Paolo","isPartOf":{"@id":"https:\/\/www.compagniadisanpaolo.it\/it\/#website"},"primaryImageOfPage":{"@id":"https:\/\/www.compagniadisanpaolo.it\/it\/news\/il-progetto-articolo1-sbarca-nel-territorio-del-verbano-cusio-ossola\/#primaryimage"},"image":{"@id":"https:\/\/www.compagniadisanpaolo.it\/it\/news\/il-progetto-articolo1-sbarca-nel-territorio-del-verbano-cusio-ossola\/#primaryimage"},"thumbnailUrl":"https:\/\/www.compagniadisanpaolo.it\/wp-content\/uploads\/Articolo1_VCO-scaled.jpg","datePublished":"2021-10-08T13:02:42+00:00","dateModified":"2021-10-08T13:06:51+00:00","description":"Un'iniziativa che mira ad aumentare l\u2019occupazione e ridurre l\u2019inattivit\u00e0 dei giovani e delle giovani under 35.","breadcrumb":{"@id":"https:\/\/www.compagniadisanpaolo.it\/it\/news\/il-progetto-articolo1-sbarca-nel-territorio-del-verbano-cusio-ossola\/#breadcrumb"},"inLanguage":"it-IT","potentialAction":[{"@type":"ReadAction","target":["https:\/\/www.compagniadisanpaolo.it\/it\/news\/il-progetto-articolo1-sbarca-nel-territorio-del-verbano-cusio-ossola\/"]}]},{"@type":"ImageObject","inLanguage":"it-IT","@id":"https:\/\/www.compagniadisanpaolo.it\/it\/news\/il-progetto-articolo1-sbarca-nel-territorio-del-verbano-cusio-ossola\/#primaryimage","url":"https:\/\/www.compagniadisanpaolo.it\/wp-content\/uploads\/Articolo1_VCO-scaled.jpg","contentUrl":"https:\/\/www.compagniadisanpaolo.it\/wp-content\/uploads\/Articolo1_VCO-scaled.jpg","width":2560,"height":1810},{"@type":"BreadcrumbList","@id":"https:\/\/www.compagniadisanpaolo.it\/it\/news\/il-progetto-articolo1-sbarca-nel-territorio-del-verbano-cusio-ossola\/#breadcrumb","itemListElement":[{"@type":"ListItem","position":1,"name":"Home","item":"https:\/\/www.compagniadisanpaolo.it\/it\/"},{"@type":"ListItem","position":2,"name":"Il progetto Articolo+1 sbarca nel territorio del Verbano-Cusio-Ossola"}]},{"@type":"WebSite","@id":"https:\/\/www.compagniadisanpaolo.it\/it\/#website","url":"https:\/\/www.compagniadisanpaolo.it\/it\/","name":"Fondazione Compagnia di San Paolo","description":"","publisher":{"@id":"https:\/\/www.compagniadisanpaolo.it\/it\/#organization"},"potentialAction":[{"@type":"SearchAction","target":{"@type":"EntryPoint","urlTemplate":"https:\/\/www.compagniadisanpaolo.it\/it\/?s={search_term_string}"},"query-input":{"@type":"PropertyValueSpecification","valueRequired":true,"valueName":"search_term_string"}}],"inLanguage":"it-IT"},{"@type":"Organization","@id":"https:\/\/www.compagniadisanpaolo.it\/it\/#organization","name":"Fondazione Compagnia di San Paolo","url":"https:\/\/www.compagniadisanpaolo.it\/it\/","logo":{"@type":"ImageObject","inLanguage":"it-IT","@id":"https:\/\/www.compagniadisanpaolo.it\/it\/#\/schema\/logo\/image\/","url":"https:\/\/www.compagniadisanpaolo.it\/wp-content\/uploads\/logo.svg","contentUrl":"https:\/\/www.compagniadisanpaolo.it\/wp-content\/uploads\/logo.svg","width":769,"height":323,"caption":"Fondazione Compagnia di San Paolo"},"image":{"@id":"https:\/\/www.compagniadisanpaolo.it\/it\/#\/schema\/logo\/image\/"},"sameAs":["https:\/\/www.facebook.com\/CompagniaDiSanPaolo","https:\/\/x.com\/CSP_live","http:\/\/instagram.com\/compagniadisanpaolo?ref=badge","https:\/\/www.linkedin.com\/company\/compagnia-di-san-paolo","https:\/\/www.youtube.com\/user\/compagniadisanpaolo","https:\/\/it.wikipedia.org\/wiki\/Compagnia_di_San_Paolo"]},{"@type":"Person","@id":"https:\/\/www.compagniadisanpaolo.it\/it\/#\/schema\/person\/b7d5451541c25c82f29c5be1e78456b2","name":"Federica","image":{"@type":"ImageObject","inLanguage":"it-IT","@id":"https:\/\/secure.gravatar.com\/avatar\/b5698fa13ac389b1f1fb1263a4626e219d853d7ccf112e854aea8c9c087d24ae?s=96&d=mm&r=g","url":"https:\/\/secure.gravatar.com\/avatar\/b5698fa13ac389b1f1fb1263a4626e219d853d7ccf112e854aea8c9c087d24ae?s=96&d=mm&r=g","contentUrl":"https:\/\/secure.gravatar.com\/avatar\/b5698fa13ac389b1f1fb1263a4626e219d853d7ccf112e854aea8c9c087d24ae?s=96&d=mm&r=g","caption":"Federica"}}]}},"amp_enabled":true,"_links":{"self":[{"href":"https:\/\/www.compagniadisanpaolo.it\/it\/wp-json\/wp\/v2\/posts\/15352","targetHints":{"allow":["GET"]}}],"collection":[{"href":"https:\/\/www.compagniadisanpaolo.it\/it\/wp-json\/wp\/v2\/posts"}],"about":[{"href":"https:\/\/www.compagniadisanpaolo.it\/it\/wp-json\/wp\/v2\/types\/post"}],"author":[{"embeddable":true,"href":"https:\/\/www.compagniadisanpaolo.it\/it\/wp-json\/wp\/v2\/users\/19"}],"replies":[{"embeddable":true,"href":"https:\/\/www.compagniadisanpaolo.it\/it\/wp-json\/wp\/v2\/comments?post=15352"}],"version-history":[{"count":5,"href":"https:\/\/www.compagniadisanpaolo.it\/it\/wp-json\/wp\/v2\/posts\/15352\/revisions"}],"predecessor-version":[{"id":15363,"href":"https:\/\/www.compagniadisanpaolo.it\/it\/wp-json\/wp\/v2\/posts\/15352\/revisions\/15363"}],"wp:featuredmedia":[{"embeddable":true,"href":"https:\/\/www.compagniadisanpaolo.it\/it\/wp-json\/wp\/v2\/media\/15353"}],"wp:attachment":[{"href":"https:\/\/www.compagniadisanpaolo.it\/it\/wp-json\/wp\/v2\/media?parent=15352"}],"wp:term":[{"taxonomy":"category","embeddable":true,"href":"https:\/\/www.compagniadisanpaolo.it\/it\/wp-json\/wp\/v2\/categories?post=15352"},{"taxonomy":"post_tag","embeddable":true,"href":"https:\/\/www.compagniadisanpaolo.it\/it\/wp-json\/wp\/v2\/tags?post=15352"}],"curies":[{"name":"wp","href":"https:\/\/api.w.org\/{rel}","templated":true}]}}