{"id":15114,"date":"2021-09-30T10:16:07","date_gmt":"2021-09-30T08:16:07","guid":{"rendered":"https:\/\/www.compagniadisanpaolo.it\/?p=15114"},"modified":"2021-09-30T10:16:07","modified_gmt":"2021-09-30T08:16:07","slug":"nomine-e-designazioni-in-organi-sociali-2022","status":"publish","type":"post","link":"https:\/\/www.compagniadisanpaolo.it\/it\/news\/nomine-e-designazioni-in-organi-sociali-2022\/","title":{"rendered":"Nomine e designazioni in Organi Sociali 2022"},"content":{"rendered":"<div class=\"wpb-content-wrapper\">[vc_row][vc_column][vc_column_text el_class=&#8221;text-headline2&#8243;]Enti e societ\u00e0 partecipate che rinnoveranno i propri Organi Sociali nel 2022 \u2013 Procedura di nomina e selezione.[\/vc_column_text][\/vc_column][\/vc_row][vc_row][vc_column][vc_column_text]\n<div class=\"info-box mission\">\n\t\t<div class=\"info-box-wrap info-box-hor row pb-0\">\n\n\t\t      \n\t\t      <div class=\"spalla col-12 col-md-12\">\n\t\t\t<div class=\"info-box sharing-box\">\n\t\t\t  <span class=\"label\">Condividi:<\/span>\n\t\t\t  <div class=\"social-sharing\">\n\t\t\t    <span class=\"box\">\n\t\t\t      <a class=\"fb\" href=\"https:\/\/www.facebook.com\/sharer.php?u=https:\/\/www.compagniadisanpaolo.it\/it\/news\/nomine-e-designazioni-in-organi-sociali-2022\/\" target=\"_blank\">\n\t\t\t\t<span class=\"sr-only\">Facebook<\/span>\n\t\t\t\t<i class=\"fab fa-facebook-f\"><\/i>\n\t\t\t      <\/a>\n\t\t\t    <\/span>\n\t\t\t    \n\t\t\t    <style>\n.twitter, .twitter:hover{\ncolor:#000000 !important;}\n<\/style>\n\n\n\t\t\t    <span class=\"box\">\n\t\t\t      <a class=\"twitter\" href=\"https:\/\/twitter.com\/intent\/tweet?url=https:\/\/www.compagniadisanpaolo.it\/it\/news\/nomine-e-designazioni-in-organi-sociali-2022\/\">\n\t\t\t\t<span class=\"sr-only\">Twitter<\/span>\n\t\t\t\t<i class=\"fa-brands fa-x-twitter\"><\/i>\n\t\t\t      <\/a>\n\t\t\t    <\/span>\n\n\t\t\t    \n\t\t\t    <span class=\"box\">\n\t\t\t      <a class=\"linkedin\" href=\"https:\/\/www.linkedin.com\/shareArticle?mini=true&url=https:\/\/www.compagniadisanpaolo.it\/it\/news\/nomine-e-designazioni-in-organi-sociali-2022\/\">\n\t\t\t\t<span class=\"sr-only\">Linkedin<\/span>\n\t\t\t\t  <i class=\"fa-brands fa-linkedin-in\"><\/i>\n\t\t\t      <\/a>\n\t\t\t    <\/span>\n\n\t\t\t    <span class=\"box\">\n\t\t\t      <a class=\"whatsapp\" href=\"whatsapp:\/\/send?text=https:\/\/www.compagniadisanpaolo.it\/it\/news\/nomine-e-designazioni-in-organi-sociali-2022\/\" data-action=\"share\/whatsapp\/share\">\n\t\t\t\t<span class=\"sr-only\">Whatsapp<\/span>\n\t\t\t\t<i class=\"fa-brands fa-whatsapp\"><\/i>\n\t\t\t      <\/a>\n\t\t\t    <\/span>\n\n\t\t\t    <span class=\"box\">\n\t\t\t      <a class=\"mail\" href=\"mailto:?subject=Nomine e designazioni in Organi Sociali 2022&body=https:\/\/www.compagniadisanpaolo.it\/it\/news\/nomine-e-designazioni-in-organi-sociali-2022\/\">\n\t\t\t\t<span class=\"sr-only\">Mail<\/span>\n\t\t\t\t <i class=\"fa-solid fa-envelope\"><\/i>\n\t\t\t      <\/a>\n\t\t\t    <\/span>\n\t\t\t    \n\t\t\t  <\/div>\n\t\t\t<\/div>\n\t      <\/div>\n\t    <\/div><\/div>\n[\/vc_column_text][\/vc_column][\/vc_row][vc_row][vc_column width=&#8221;1\/4&#8243;][vc_column_text]\n\n\n\t\t<div class=\"info-box-wrap\">\n\n\t  <div class=\"info-box date-pub\">\n\t  \t<span class=\"label\">Data di pubblicazione:<\/span>\n\t    <span class=\"value\">30 Settembre 2021<\/span>\n\t  <\/div>\n\t\t\t\t  <div class=\"info-box obj-institutional\">\n\t\t\t\t\t  <div class=\"info-box obj\">\n\t\t\t\t\t    <div class=\"obj-small-box\">\n\t\t\t\t\t      <span>Istituzionale<\/span>\n\t\t\t\t\t    <\/div>\n\t\t\t\t\t  <\/div>\n\t\t\t\t  <\/div>\n\t\t\t  <div class=\"info-box mission\"><span class=\"label\">Tag<\/span><a href=\"https:\/\/www.compagniadisanpaolo.it\/it\/tags\/risultati\/?_sft_post_tag=gruppo-compagnia\" class=\"tag-element\">Gruppo compagnia<\/a><a href=\"https:\/\/www.compagniadisanpaolo.it\/it\/tags\/risultati\/?_sft_post_tag=opportunita\" class=\"tag-element\">Opportunit\u00e0<\/a><\/div>\t  \n\t<\/div>\n[\/vc_column_text][\/vc_column][vc_column width=&#8221;3\/4&#8243; el_class=&#8221;page-content&#8221;][vc_column_text el_class=&#8221;text&#8221;]In questa pagina pubblichiamo l\u2019elenco degli Enti e di Societ\u00e0 nei quali la Fondazione Compagnia di San Paolo ha potere di nomina\/designazione in Organi Sociali con scadenza nel 2022.<\/p>\n<p>In vista di tali rinnovi gli interessati possono presentare il proprio <em>cv <\/em>e le altre informazioni richieste, compilando il modulo raggiungibile attraverso i due link sottostanti relativi alle posizioni in Organi di Amministrazione e in Organi di Controllo.[\/vc_column_text][vc_row_inner][vc_column_inner width=&#8221;1\/2&#8243;][vc_column_text el_class=&#8221;download-box mt-0&#8243; css=&#8221;.vc_custom_1632988738681{padding-top: 25px !important;padding-bottom: 25px !important;}&#8221;]<a class=\"standard-link standard-link-fixed\" href=\"https:\/\/inrecruiting.intervieweb.it\/compagniadisanpaolo\/jobs\/modulistica_per_la_presentazione_delle_candidature_membri_dellorgano_di_amministrazione_167510\/it\/\" target=\"_blank\" rel=\"noopener\">Organi di Amministrazione<\/a>[\/vc_column_text][\/vc_column_inner][vc_column_inner width=&#8221;1\/2&#8243;][vc_column_text el_class=&#8221;download-box mt-0&#8243; css=&#8221;.vc_custom_1632988747443{padding-top: 25px !important;padding-bottom: 25px !important;}&#8221;]<a class=\"standard-link standard-link-fixed\" href=\"https:\/\/inrecruiting.intervieweb.it\/compagniadisanpaolo\/jobs\/modulistica_per_la_presentazione_delle_candidature_valide_per_il_2022_membri_dellorgano_di_controllo_169375\/it\/\" target=\"_blank\" rel=\"noopener\">Organi di Controllo<\/a>[\/vc_column_text][\/vc_column_inner][\/vc_row_inner][vc_column_text el_class=&#8221;text&#8221;]La procedura prevede il caricamento del <em>curriculum vitae<\/em> (si richiede ai candidati di NON caricare <em>curricula\u00a0<\/em>precedentemente scansionati in formato immagine), la compilazione di una serie di campi specifici e il caricamento del documento di identit\u00e0. Al fine di presentare proposte, si consiglia, per ciascun Ente o Societ\u00e0, di consultare il relativo sito web, gli elementi qualificanti e descrittivi dell\u2019attivit\u00e0, gli Statuti e i bilanci ove disponibili, evidenziando nella proposta le competenze coerenti.<\/p>\n<p>\u00c8 possibile presentare proposte per un massimo di <strong>tre posizioni complessive<\/strong> da specificare in fase di compilazione del modulo. Le <strong>proposte<\/strong> potranno essere presentate <strong>entro il 31 dicembre 2021. Non saranno prese in considerazione proposte pervenute dopo tale termine.<\/strong><\/p>\n<p><strong>Processo di selezione e nomina\/designazione:\u00a0<\/strong><\/p>\n<p>Nella ricerca, selezione e nomina\/designazione la Fondazione Compagnia di San Paolo si avvale di un apposito Comitato Nomine e osserva specifici principi, quali:<\/p>\n<ul>\n<li>la preventiva pianificazione delle attivit\u00e0, con particolare riferimento alla definizione di adeguati profili per ciascuna posizione in funzione degli obiettivi strategici dell\u2019Ente o della Societ\u00e0 relativamente al mandato in oggetto;<\/li>\n<li>l\u2019impiego di modalit\u00e0 trasparenti;<\/li>\n<li>il richiamo alle best practice di mercato, laddove rilevanti e tenendo conto delle peculiarit\u00e0 della Fondazione Compagnia di San Paolo.<\/li>\n<\/ul>\n<p>La ricerca e la selezione dei candidati per la carica possono essere effettuate anche con il supporto di societ\u00e0 di executive search.<\/p>\n<p>Il possesso dei requisiti di onorabilit\u00e0 e di professionalit\u00e0 e l\u2019insussistenza di situazioni di incompatibilit\u00e0\/ineleggibilit\u00e0 per l\u2019assunzione della carica sono accertati dalla Fondazione Compagnia di San Paolo con l\u2019assistenza di uno studio legale.<\/p>\n<p>La nomina\/designazione viene deliberata dal\u00a0Comitato di Gestione a suo insindacabile giudizio, contemplando sia le proposte esterne pervenute entro il\u00a031 dicembre 2021 sia profili interni alla Fondazione e ai propri Organi, laddove compatibili, sia ulteriori profili esterni.<\/p>\n<p><u>Il processo di ricerca e selezione tiene conto di specifici criteri, quali:<\/u><\/p>\n<p>&#8211; laddove rilevante, la verifica preventiva dei\u00a0requisiti di eleggibilit\u00e0\u00a0previsti dalla normativa di riferimento per la specifica Societ\u00e0 o Ente (tra i quali, i requisiti di onorabilit\u00e0 e professionalit\u00e0, quelli di genere, l\u2019assenza di cause di incompatibilit\u00e0\/ineleggibilit\u00e0 e di conflitti di interesse, il rispetto dei limiti al cumulo degli incarichi, etc.);<br \/>\n&#8211; il possesso di comprovate e qualificate competenze professionali, nonch\u00e9 di un numero di incarichi compatibile con l\u2019efficace svolgimento della carica, in relazione alle dimensioni, alla complessit\u00e0 e specificit\u00e0 dell\u2019Ente o della Societ\u00e0 partecipata considerati e del settore di attivit\u00e0 in cui esse operano;<br \/>\n&#8211; l\u2019equilibrata combinazione di genere, competenze e professionalit\u00e0, finalizzata all\u2019adeguata composizione complessiva dell\u2019Organo;<br \/>\n&#8211; l\u2019andamento gestionale dell\u2019Ente o della Societ\u00e0 (anche ispirandosi a una logica di Gruppo, per quanto riguarda gli Enti Strumentali);<br \/>\n&#8211; la presenza di profili interni (anche ispirandosi a una logica di Gruppo, per quanto riguarda gli Enti strumentali), individuati nel rispetto dei criteri indicati.<\/p>\n<p>Laddove rilevante, inoltre, si terr\u00e0 conto di eventuali\u00a0raccomandazioni dell\u2019Organo uscente circa la composizione di quello nuovo.<\/p>\n<p><u>Nell&#8217;ambito del suddetto processo, il Comitato Nomine:<\/u><\/p>\n<p>&#8211; esamina con cadenza annuale le esigenze di rinnovo degli Organi Sociali degli Enti Strumentali, partecipati e non e delle Societ\u00e0 partecipate;<br \/>\n&#8211; verifica il rispetto dei principi, del processo e dei criteri in materia di ricerca e selezione dei membri dei suddetti Organi;<br \/>\n&#8211; esprime il proprio parere preventivo e obbligatorio, non vincolante, sulle proposte di nomina\/designazione, raccolte e\/o formulate dal Segretario Generale, prima che esse siano sottoposte al Comitato di Gestione;<br \/>\n&#8211; riferisce periodicamente al\u00a0Comitato di Gestione\u00a0sull\u2019attivit\u00e0 svolta.<\/p>\n<p>Di seguito l\u2019elenco degli enti e societ\u00e0 interessati, con indicazione per ciascuno delle posizioni da ricoprire.<\/p>\n<p><strong>ENTI<\/strong><\/p>\n<p><strong>ORGANI DI INDIRIZZO<\/strong><\/p>\n<p><a href=\"https:\/\/www.fondazioneluigieinaudi.it\" target=\"_blank\" rel=\"noopener\">Fondazione Luigi Einaudi<\/a> (1 componente il Comitato di Indirizzo)<\/p>\n<p><strong>CONSIGLI DIRETTIVI E DI AMMINISTRAZIONE<\/strong><\/p>\n<p><a href=\"https:\/\/www.fondazionescuola.it\" target=\"_blank\" rel=\"noopener\">Fondazione per la Scuola<\/a> (Presidente e 4 consiglieri)<\/p>\n<p><a href=\"https:\/\/www.ufficiopio.it\" target=\"_blank\" rel=\"noopener\">Ufficio Pio<\/a> (2 consiglieri)<\/p>\n<p><a href=\"https:\/\/www.retedafne.it\" target=\"_blank\" rel=\"noopener\">Associazione Rete Dafne<\/a> (1 consigliere)<\/p>\n<p><a href=\"http:\/\/www.csfederalismo.it\/it\/\" target=\"_blank\" rel=\"noopener\">Fondazione Centro Studi sul Federalismo<\/a> (il Presidente, nominato dall&#8217;Assemblea\u00a0dei partecipanti su proposta della Fondazione Compagnia di San Paolo, 4 consiglieri)<\/p>\n<p><a href=\"http:\/\/www.asvapp.org\" target=\"_blank\" rel=\"noopener\">ASVAPP &#8211; Associazione per lo Sviluppo della Valutazione e l\u2019Analisi delle Politiche Pubbliche<\/a> (1 consigliere)<\/p>\n<p><a href=\"https:\/\/www.polodel900.it\" target=\"_blank\" rel=\"noopener\">Fondazione Polo del 900<\/a> (2 consiglieri)<\/p>\n<p><a href=\"https:\/\/www.fondazionecomunitachierese.it\" target=\"_blank\" rel=\"noopener\">Fondazione Comunit\u00e0 Chierese<\/a> (1 consigliere)<\/p>\n<p><a href=\"http:\/\/www.globusetlocus.org\" target=\"_blank\" rel=\"noopener\">Associazione Globus et Locus<\/a> (1 consigliere)<\/p>\n<p><a href=\"https:\/\/www.crfossano.it\/index.pl?pos=02.03&amp;portale=fondazione\" target=\"_blank\" rel=\"noopener\">Consulta per la Valorizzazione dei Beni Artistici e Culturali di Fossano<\/a> (1 consigliere)<\/p>\n<p><a href=\"https:\/\/www.lavenaria.it\/it\/chi-siamo\" target=\"_blank\" rel=\"noopener\">Consorzio delle Residenze Reali Sabaude<\/a> (1 consigliere)<\/p>\n<p><a href=\"https:\/\/www.fondazioneeinaudi.it\" target=\"_blank\" rel=\"noopener\">Fondazione Luigi Einaudi<\/a> (1 consigliere)<\/p>\n<p><a href=\"http:\/\/www.fondazionebersezio.torino.it\" target=\"_blank\" rel=\"noopener\">Fondazione Vittorio Bersezio Onlus<\/a> (3 consiglieri)<\/p>\n<p><a href=\"https:\/\/romanogazzera.it\" target=\"_blank\" rel=\"noopener\">Fondazione Romano Gazzera<\/a> (1 consigliere)<\/p>\n<p><strong>ORGANI DI CONTROLLO<\/strong><\/p>\n<p><a href=\"https:\/\/www.fondazionescuola.it\" target=\"_blank\" rel=\"noopener\">Fondazione per la Scuola<\/a> (3 componenti effettivi e 1 supplente)<\/p>\n<p><a href=\"https:\/\/linksfoundation.com\" target=\"_blank\" rel=\"noopener\">Fondazione LINKS<\/a> (2 componenti effettivi, tra cui il Presidente, e 1 supplente)<\/p>\n<p><a href=\"http:\/\/www.csfederalismo.it\/it\/\" target=\"_blank\" rel=\"noopener\">Fondazione Centro Studi sul Federalismo<\/a> (1 componente il Collegio dei Revisori)<\/p>\n<p><a href=\"http:\/\/www.asvapp.org\" target=\"_blank\" rel=\"noopener\">ASVAPP \u2013 Associazione per lo Sviluppo della Valutazione e l\u2019Analisi delle Politiche Pubbliche<\/a> (1 componente il Collegio dei Revisori dei Conti)<\/p>\n<p><a href=\"https:\/\/www.lavenaria.it\/it\/chi-siamo\" target=\"_blank\" rel=\"noopener\">Consorzio delle Residenze Reali Sabaude<\/a> (1 componente il Collegio dei Revisori dei Conti)<\/p>\n<p><a href=\"https:\/\/www.centrorestaurovenaria.it\" target=\"_blank\" rel=\"noopener\">Fondazione Centro per la Conservazione e il Restauro dei Beni Culturali <em>La Venaria Reale<\/em><\/a> (1 componente il Collegio dei Revisori dei Conti)<\/p>\n<p><a href=\"http:\/\/www.fondazionebersezio.torino.it\" target=\"_blank\" rel=\"noopener\">Fondazione Vittorio Bersezio Onlus<\/a> (2 componenti il Collegio dei Revisori)<\/p>\n<p>&nbsp;<\/p>\n<p><strong>SOCIET\u00c0 PARTECIPATE<\/strong><\/p>\n<p><strong>CONSIGLI DI AMMINISTRAZIONE<\/strong><\/p>\n<p><a href=\"https:\/\/fondacogroup.it\" target=\"_blank\" rel=\"noopener\">Fondaco Sgr S.p.A<\/a>.(3 Consiglieri)<\/p>\n<p><a href=\"https:\/\/www.sinloc.com\" target=\"_blank\" rel=\"noopener\">Sinloc S.p.A.<\/a> (1 Consigliere)<\/p>\n<p><a href=\"http:\/\/www.strutturainformatica.com\/ita\/\" target=\"_blank\" rel=\"noopener\">Struttura Informatica S.p.A.<\/a> (1 Consigliere)<\/p>\n<p><strong>ORGANI DI CONTROLLO<\/strong><\/p>\n<p><a href=\"http:\/\/www.strutturainformatica.com\/ita\/\" target=\"_blank\" rel=\"noopener\">Struttura Informatica S.p.A.<\/a> (1 Sindaco supplente)<\/p>\n<p><a href=\"https:\/\/www.liftt.com\" target=\"_blank\" rel=\"noopener\">LIFTT S.p.A.<\/a> (1 Sindaco effettivo)<\/p>\n<p>PR.I.S.MA Progetti Innovazione Soluzioni Management S.c.r.l (1 Sindaco unico)[\/vc_column_text][\/vc_column][\/vc_row][vc_row full_width=&#8221;stretch_row&#8221; el_class=&#8221;download-area-wrap mt-0 mb-0&#8243; css=&#8221;.vc_custom_1587069376729{margin-bottom: 0px !important;}&#8221;][vc_column el_class=&#8221;download-area&#8221;][vc_raw_html]JTVCU2V6aW9uZV9Eb2N1bWVudGklNUQ=[\/vc_raw_html][\/vc_column][\/vc_row][vc_row][vc_column]<div class=\"templatera_shortcode\"><div data-vc-full-width=\"true\" data-vc-full-width-temp=\"true\" data-vc-full-width-init=\"false\" class=\"vc_row wpb_row vc_row-fluid newsletter-wrap\"><div class=\"wpb_column vc_column_container vc_col-sm-12\"><div class=\"vc_column-inner\"><div class=\"wpb_wrapper\">\n\t<div class=\"wpb_raw_code wpb_raw_html wpb_content_element\" >\n\t\t<div class=\"wpb_wrapper\">\n\t\t\t    <div class=\"container\">\n      <div class=\"row align-items-center\">\n\t<div class=\"col-12 col-lg-6 col-xl-5 mb-3 mb-lg-0 pr-0\">\n\t  <h2 class=\"title\">Rimani aggiornato sui nostri bandi e sui nostri progetti<\/h2>\n\t<\/div>\n\t<div class=\"col-12 col-lg-6 col-xl-7 pl-xl-4\">\n\t  <a class=\"standard-link-block\" href=\"\/it\/newsletter\/\">\n\t    Compila il form e decidi su quale argomento vuoi ricevere notizie.\t    <strong>\u00a0 ISCRIVITI!<\/strong>\n\t  <\/a>\n\t<\/div>\n      <\/div>\n    <\/div>\n\t\t<\/div>\n\t<\/div>\n<\/div><\/div><\/div><\/div><div class=\"vc_row-full-width vc_clearfix\"><\/div><\/div>[\/vc_column][\/vc_row]\n<\/div>","protected":false},"excerpt":{"rendered":"Enti e societ\u00e0 partecipate che rinnoveranno i propri Organi Sociali nel 2022 \u2013 Procedura di nomina e selezione. Condividi: Facebook Twitter Linkedin Whatsapp Mail Data di pubblicazione: 30 Settembre 2021 Istituzionale TagGruppo compagniaOpportunit\u00e0 In questa pagina pubblichiamo l\u2019elenco degli Enti e di Societ\u00e0 nei quali la Fondazione Compagnia di San Paolo ha potere di nomina\/designazione in Organi Sociali con scadenza nel 2022. In vista di tali rinnovi gli interessati possono presentare il proprio cv e le altre informazioni richieste, compilando il modulo raggiungibile attraverso i due link sottostanti relativi alle posizioni in Organi di Amministrazione e in Organi di Controllo. Organi di Amministrazione Organi di Controllo La procedura prevede il caricamento del curriculum vitae (si richiede ai candidati di NON caricare curricula\u00a0precedentemente scansionati in formato immagine), la compilazione di una serie di campi specifici e il caricamento del documento di identit\u00e0. Al fine di presentare proposte, si consiglia, per ciascun Ente o Societ\u00e0, di consultare il relativo sito web, gli elementi qualificanti e descrittivi dell\u2019attivit\u00e0, gli Statuti e i bilanci ove disponibili, evidenziando nella proposta le competenze coerenti. \u00c8 possibile presentare proposte per un massimo di tre posizioni complessive da specificare in fase di compilazione del modulo. Le proposte potranno essere presentate entro il 31 dicembre 2021. Non saranno prese in considerazione proposte pervenute dopo tale termine. Processo di selezione e nomina\/designazione:\u00a0 Nella ricerca, selezione e nomina\/designazione la Fondazione Compagnia di San Paolo si avvale di un apposito Comitato Nomine e osserva specifici principi, quali: la preventiva pianificazione delle attivit\u00e0, con particolare riferimento alla definizione di adeguati profili per ciascuna posizione in funzione degli obiettivi strategici dell\u2019Ente o della Societ\u00e0 relativamente al mandato in oggetto; l\u2019impiego di modalit\u00e0 trasparenti; il richiamo alle best practice di mercato, laddove rilevanti e tenendo conto delle peculiarit\u00e0 della Fondazione Compagnia di San Paolo. La ricerca e la selezione dei candidati per la carica possono essere effettuate anche con il supporto di societ\u00e0 di executive search. Il possesso dei requisiti di onorabilit\u00e0 e di professionalit\u00e0 e l\u2019insussistenza di situazioni di incompatibilit\u00e0\/ineleggibilit\u00e0 per l\u2019assunzione della carica sono accertati dalla Fondazione Compagnia di San Paolo con l\u2019assistenza di uno studio legale. La nomina\/designazione viene deliberata dal\u00a0Comitato di Gestione a suo insindacabile giudizio, contemplando sia le proposte esterne pervenute entro il\u00a031 dicembre 2021 sia profili interni alla Fondazione e ai propri Organi, laddove compatibili, sia ulteriori profili esterni. Il processo di ricerca e selezione tiene conto di specifici criteri, quali: - laddove rilevante, la verifica preventiva dei\u00a0requisiti di eleggibilit\u00e0\u00a0previsti dalla normativa di riferimento per la specifica Societ\u00e0 o Ente (tra i quali, i requisiti di onorabilit\u00e0 e professionalit\u00e0, quelli di genere, l\u2019assenza di cause di incompatibilit\u00e0\/ineleggibilit\u00e0 e di conflitti di interesse, il rispetto dei limiti al cumulo degli incarichi, etc.); - il possesso di comprovate e qualificate competenze professionali, nonch\u00e9 di un numero di incarichi compatibile con l\u2019efficace svolgimento della carica, in relazione alle dimensioni, alla complessit\u00e0 e specificit\u00e0 dell\u2019Ente o della Societ\u00e0 partecipata considerati e del settore di attivit\u00e0 in cui esse operano; - l\u2019equilibrata combinazione di genere, competenze e professionalit\u00e0, finalizzata all\u2019adeguata composizione complessiva dell\u2019Organo; - l\u2019andamento gestionale dell\u2019Ente o della Societ\u00e0 (anche ispirandosi a una logica di Gruppo, per quanto riguarda gli Enti Strumentali); - la presenza di profili interni (anche ispirandosi a una logica di Gruppo, per quanto riguarda gli Enti strumentali), individuati nel rispetto dei criteri indicati. Laddove rilevante, inoltre, si terr\u00e0 conto di eventuali\u00a0raccomandazioni dell\u2019Organo uscente circa la composizione di quello nuovo. Nell'ambito del suddetto processo, il Comitato Nomine: - esamina con cadenza annuale le esigenze di rinnovo degli Organi Sociali degli Enti Strumentali, partecipati e non e delle Societ\u00e0 partecipate; - verifica il rispetto dei principi, del processo e dei criteri in materia di ricerca e selezione dei membri dei suddetti Organi; - esprime il proprio parere preventivo e obbligatorio, non vincolante, sulle proposte di nomina\/designazione, raccolte e\/o formulate dal Segretario Generale, prima che esse siano sottoposte al Comitato di Gestione; - riferisce periodicamente al\u00a0Comitato di Gestione\u00a0sull\u2019attivit\u00e0 svolta. Di seguito l\u2019elenco degli enti e societ\u00e0 interessati, con indicazione per ciascuno delle posizioni da ricoprire. ENTI ORGANI DI INDIRIZZO Fondazione Luigi Einaudi (1 componente il Comitato di Indirizzo) CONSIGLI DIRETTIVI E DI AMMINISTRAZIONE Fondazione per la Scuola (Presidente e 4 consiglieri) Ufficio Pio (2 consiglieri) Associazione Rete Dafne (1 consigliere) Fondazione Centro Studi sul Federalismo (il Presidente, nominato dall'Assemblea\u00a0dei partecipanti su proposta della Fondazione Compagnia di San Paolo, 4 consiglieri) ASVAPP - Associazione per lo Sviluppo della Valutazione e l\u2019Analisi delle Politiche Pubbliche (1 consigliere) Fondazione Polo del 900 (2 consiglieri) Fondazione Comunit\u00e0 Chierese (1 consigliere) Associazione Globus et Locus (1 consigliere) Consulta per la Valorizzazione dei Beni Artistici e Culturali di Fossano (1 consigliere) Consorzio delle Residenze Reali Sabaude (1 consigliere) Fondazione Luigi Einaudi (1 consigliere) Fondazione Vittorio Bersezio Onlus (3 consiglieri) Fondazione Romano Gazzera (1 consigliere) ORGANI DI CONTROLLO Fondazione per la Scuola (3 componenti effettivi e 1 supplente) Fondazione LINKS (2 componenti effettivi, tra cui il Presidente, e 1 supplente) Fondazione Centro Studi sul Federalismo (1 componente il Collegio dei Revisori) ASVAPP \u2013 Associazione per lo Sviluppo della Valutazione e l\u2019Analisi delle Politiche Pubbliche (1 componente il Collegio dei Revisori dei Conti) Consorzio delle Residenze Reali Sabaude (1 componente il Collegio dei Revisori dei Conti) Fondazione Centro per la Conservazione e il Restauro dei Beni Culturali La Venaria Reale (1 componente il Collegio dei Revisori dei Conti) Fondazione Vittorio Bersezio Onlus (2 componenti il Collegio dei Revisori) &nbsp; SOCIET\u00c0 PARTECIPATE CONSIGLI DI AMMINISTRAZIONE Fondaco Sgr S.p.A.(3 Consiglieri) Sinloc S.p.A. (1 Consigliere) Struttura Informatica S.p.A. (1 Consigliere) ORGANI DI CONTROLLO Struttura Informatica S.p.A. (1 Sindaco supplente) LIFTT S.p.A. (1 Sindaco effettivo) PR.I.S.MA Progetti Innovazione Soluzioni Management S.c.r.l (1 Sindaco unico) Rimani aggiornato sui nostri bandi e sui nostri progetti Compila il form e decidi su quale argomento vuoi ricevere notizie. \u00a0 ISCRIVITI!","protected":false},"author":19,"featured_media":15206,"comment_status":"closed","ping_status":"closed","sticky":false,"template":"","format":"standard","meta":{"_acf_changed":false,"content-type":"","footnotes":""},"categories":[17],"tags":[66,52],"class_list":["post-15114","post","type-post","status-publish","format-standard","has-post-thumbnail","hentry","category-news","tag-gruppo-compagnia","tag-opportunita","entry","post-inner"],"acf":[],"yoast_head":"<!-- This site is optimized with the Yoast SEO plugin v27.3 - https:\/\/yoast.com\/product\/yoast-seo-wordpress\/ -->\n<title>Nomine e designazioni in Organi Sociali 2022 - Fondazione Compagnia di San Paolo<\/title>\n<meta name=\"description\" content=\"Enti e societ\u00e0 partecipate che rinnoveranno i propri Organi Sociali nel 2022 \u2013 Procedura di nomina e selezione.\" \/>\n<meta name=\"robots\" content=\"index, follow, max-snippet:-1, max-image-preview:large, max-video-preview:-1\" \/>\n<link rel=\"canonical\" href=\"https:\/\/www.compagniadisanpaolo.it\/it\/news\/nomine-e-designazioni-in-organi-sociali-2022\/\" \/>\n<meta property=\"og:locale\" content=\"it_IT\" \/>\n<meta property=\"og:type\" content=\"article\" \/>\n<meta property=\"og:title\" content=\"Nomine e designazioni in Organi Sociali 2022 - Fondazione Compagnia di San Paolo\" \/>\n<meta property=\"og:description\" content=\"Enti e societ\u00e0 partecipate che rinnoveranno i propri Organi Sociali nel 2022 \u2013 Procedura di nomina e selezione.\" \/>\n<meta property=\"og:url\" content=\"https:\/\/www.compagniadisanpaolo.it\/it\/news\/nomine-e-designazioni-in-organi-sociali-2022\/\" \/>\n<meta property=\"og:site_name\" content=\"Fondazione Compagnia di San Paolo\" \/>\n<meta property=\"article:publisher\" content=\"https:\/\/www.facebook.com\/CompagniaDiSanPaolo\" \/>\n<meta property=\"article:published_time\" content=\"2021-09-30T08:16:07+00:00\" \/>\n<meta property=\"og:image\" content=\"https:\/\/www.compagniadisanpaolo.it\/wp-content\/uploads\/Copertina-news-9.jpg\" \/>\n\t<meta property=\"og:image:width\" content=\"815\" \/>\n\t<meta property=\"og:image:height\" content=\"350\" \/>\n\t<meta property=\"og:image:type\" content=\"image\/jpeg\" \/>\n<meta name=\"author\" content=\"Federica\" \/>\n<meta name=\"twitter:card\" content=\"summary_large_image\" \/>\n<meta name=\"twitter:creator\" content=\"@CSP_live\" \/>\n<meta name=\"twitter:site\" content=\"@CSP_live\" \/>\n<meta name=\"twitter:label1\" content=\"Scritto da\" \/>\n\t<meta name=\"twitter:data1\" content=\"Federica\" \/>\n\t<meta name=\"twitter:label2\" content=\"Tempo di lettura stimato\" \/>\n\t<meta name=\"twitter:data2\" content=\"5 minuti\" \/>\n<script type=\"application\/ld+json\" class=\"yoast-schema-graph\">{\"@context\":\"https:\\\/\\\/schema.org\",\"@graph\":[{\"@type\":\"Article\",\"@id\":\"https:\\\/\\\/www.compagniadisanpaolo.it\\\/it\\\/news\\\/nomine-e-designazioni-in-organi-sociali-2022\\\/#article\",\"isPartOf\":{\"@id\":\"https:\\\/\\\/www.compagniadisanpaolo.it\\\/it\\\/news\\\/nomine-e-designazioni-in-organi-sociali-2022\\\/\"},\"author\":{\"name\":\"Federica\",\"@id\":\"https:\\\/\\\/www.compagniadisanpaolo.it\\\/it\\\/#\\\/schema\\\/person\\\/b7d5451541c25c82f29c5be1e78456b2\"},\"headline\":\"Nomine e designazioni in Organi Sociali 2022\",\"datePublished\":\"2021-09-30T08:16:07+00:00\",\"mainEntityOfPage\":{\"@id\":\"https:\\\/\\\/www.compagniadisanpaolo.it\\\/it\\\/news\\\/nomine-e-designazioni-in-organi-sociali-2022\\\/\"},\"wordCount\":1128,\"publisher\":{\"@id\":\"https:\\\/\\\/www.compagniadisanpaolo.it\\\/it\\\/#organization\"},\"image\":{\"@id\":\"https:\\\/\\\/www.compagniadisanpaolo.it\\\/it\\\/news\\\/nomine-e-designazioni-in-organi-sociali-2022\\\/#primaryimage\"},\"thumbnailUrl\":\"https:\\\/\\\/www.compagniadisanpaolo.it\\\/wp-content\\\/uploads\\\/Copertina-news-9.jpg\",\"keywords\":[\"gruppo compagnia\",\"opportunit\u00e0\"],\"articleSection\":[\"News\"],\"inLanguage\":\"it-IT\"},{\"@type\":\"WebPage\",\"@id\":\"https:\\\/\\\/www.compagniadisanpaolo.it\\\/it\\\/news\\\/nomine-e-designazioni-in-organi-sociali-2022\\\/\",\"url\":\"https:\\\/\\\/www.compagniadisanpaolo.it\\\/it\\\/news\\\/nomine-e-designazioni-in-organi-sociali-2022\\\/\",\"name\":\"Nomine e designazioni in Organi Sociali 2022 - Fondazione Compagnia di San Paolo\",\"isPartOf\":{\"@id\":\"https:\\\/\\\/www.compagniadisanpaolo.it\\\/it\\\/#website\"},\"primaryImageOfPage\":{\"@id\":\"https:\\\/\\\/www.compagniadisanpaolo.it\\\/it\\\/news\\\/nomine-e-designazioni-in-organi-sociali-2022\\\/#primaryimage\"},\"image\":{\"@id\":\"https:\\\/\\\/www.compagniadisanpaolo.it\\\/it\\\/news\\\/nomine-e-designazioni-in-organi-sociali-2022\\\/#primaryimage\"},\"thumbnailUrl\":\"https:\\\/\\\/www.compagniadisanpaolo.it\\\/wp-content\\\/uploads\\\/Copertina-news-9.jpg\",\"datePublished\":\"2021-09-30T08:16:07+00:00\",\"description\":\"Enti e societ\u00e0 partecipate che rinnoveranno i propri Organi Sociali nel 2022 \u2013 Procedura di nomina e selezione.\",\"breadcrumb\":{\"@id\":\"https:\\\/\\\/www.compagniadisanpaolo.it\\\/it\\\/news\\\/nomine-e-designazioni-in-organi-sociali-2022\\\/#breadcrumb\"},\"inLanguage\":\"it-IT\",\"potentialAction\":[{\"@type\":\"ReadAction\",\"target\":[\"https:\\\/\\\/www.compagniadisanpaolo.it\\\/it\\\/news\\\/nomine-e-designazioni-in-organi-sociali-2022\\\/\"]}]},{\"@type\":\"ImageObject\",\"inLanguage\":\"it-IT\",\"@id\":\"https:\\\/\\\/www.compagniadisanpaolo.it\\\/it\\\/news\\\/nomine-e-designazioni-in-organi-sociali-2022\\\/#primaryimage\",\"url\":\"https:\\\/\\\/www.compagniadisanpaolo.it\\\/wp-content\\\/uploads\\\/Copertina-news-9.jpg\",\"contentUrl\":\"https:\\\/\\\/www.compagniadisanpaolo.it\\\/wp-content\\\/uploads\\\/Copertina-news-9.jpg\",\"width\":815,\"height\":350},{\"@type\":\"BreadcrumbList\",\"@id\":\"https:\\\/\\\/www.compagniadisanpaolo.it\\\/it\\\/news\\\/nomine-e-designazioni-in-organi-sociali-2022\\\/#breadcrumb\",\"itemListElement\":[{\"@type\":\"ListItem\",\"position\":1,\"name\":\"Home\",\"item\":\"https:\\\/\\\/www.compagniadisanpaolo.it\\\/it\\\/\"},{\"@type\":\"ListItem\",\"position\":2,\"name\":\"Nomine e designazioni in Organi Sociali 2022\"}]},{\"@type\":\"WebSite\",\"@id\":\"https:\\\/\\\/www.compagniadisanpaolo.it\\\/it\\\/#website\",\"url\":\"https:\\\/\\\/www.compagniadisanpaolo.it\\\/it\\\/\",\"name\":\"Fondazione Compagnia di San Paolo\",\"description\":\"\",\"publisher\":{\"@id\":\"https:\\\/\\\/www.compagniadisanpaolo.it\\\/it\\\/#organization\"},\"potentialAction\":[{\"@type\":\"SearchAction\",\"target\":{\"@type\":\"EntryPoint\",\"urlTemplate\":\"https:\\\/\\\/www.compagniadisanpaolo.it\\\/it\\\/?s={search_term_string}\"},\"query-input\":{\"@type\":\"PropertyValueSpecification\",\"valueRequired\":true,\"valueName\":\"search_term_string\"}}],\"inLanguage\":\"it-IT\"},{\"@type\":\"Organization\",\"@id\":\"https:\\\/\\\/www.compagniadisanpaolo.it\\\/it\\\/#organization\",\"name\":\"Fondazione Compagnia di San Paolo\",\"url\":\"https:\\\/\\\/www.compagniadisanpaolo.it\\\/it\\\/\",\"logo\":{\"@type\":\"ImageObject\",\"inLanguage\":\"it-IT\",\"@id\":\"https:\\\/\\\/www.compagniadisanpaolo.it\\\/it\\\/#\\\/schema\\\/logo\\\/image\\\/\",\"url\":\"https:\\\/\\\/www.compagniadisanpaolo.it\\\/wp-content\\\/uploads\\\/logo.svg\",\"contentUrl\":\"https:\\\/\\\/www.compagniadisanpaolo.it\\\/wp-content\\\/uploads\\\/logo.svg\",\"width\":769,\"height\":323,\"caption\":\"Fondazione Compagnia di San Paolo\"},\"image\":{\"@id\":\"https:\\\/\\\/www.compagniadisanpaolo.it\\\/it\\\/#\\\/schema\\\/logo\\\/image\\\/\"},\"sameAs\":[\"https:\\\/\\\/www.facebook.com\\\/CompagniaDiSanPaolo\",\"https:\\\/\\\/x.com\\\/CSP_live\",\"http:\\\/\\\/instagram.com\\\/compagniadisanpaolo?ref=badge\",\"https:\\\/\\\/www.linkedin.com\\\/company\\\/compagnia-di-san-paolo\",\"https:\\\/\\\/www.youtube.com\\\/user\\\/compagniadisanpaolo\",\"https:\\\/\\\/it.wikipedia.org\\\/wiki\\\/Compagnia_di_San_Paolo\"]},{\"@type\":\"Person\",\"@id\":\"https:\\\/\\\/www.compagniadisanpaolo.it\\\/it\\\/#\\\/schema\\\/person\\\/b7d5451541c25c82f29c5be1e78456b2\",\"name\":\"Federica\",\"image\":{\"@type\":\"ImageObject\",\"inLanguage\":\"it-IT\",\"@id\":\"https:\\\/\\\/secure.gravatar.com\\\/avatar\\\/b5698fa13ac389b1f1fb1263a4626e219d853d7ccf112e854aea8c9c087d24ae?s=96&d=mm&r=g\",\"url\":\"https:\\\/\\\/secure.gravatar.com\\\/avatar\\\/b5698fa13ac389b1f1fb1263a4626e219d853d7ccf112e854aea8c9c087d24ae?s=96&d=mm&r=g\",\"contentUrl\":\"https:\\\/\\\/secure.gravatar.com\\\/avatar\\\/b5698fa13ac389b1f1fb1263a4626e219d853d7ccf112e854aea8c9c087d24ae?s=96&d=mm&r=g\",\"caption\":\"Federica\"}}]}<\/script>\n<!-- \/ Yoast SEO plugin. -->","yoast_head_json":{"title":"Nomine e designazioni in Organi Sociali 2022 - Fondazione Compagnia di San Paolo","description":"Enti e societ\u00e0 partecipate che rinnoveranno i propri Organi Sociali nel 2022 \u2013 Procedura di nomina e selezione.","robots":{"index":"index","follow":"follow","max-snippet":"max-snippet:-1","max-image-preview":"max-image-preview:large","max-video-preview":"max-video-preview:-1"},"canonical":"https:\/\/www.compagniadisanpaolo.it\/it\/news\/nomine-e-designazioni-in-organi-sociali-2022\/","og_locale":"it_IT","og_type":"article","og_title":"Nomine e designazioni in Organi Sociali 2022 - Fondazione Compagnia di San Paolo","og_description":"Enti e societ\u00e0 partecipate che rinnoveranno i propri Organi Sociali nel 2022 \u2013 Procedura di nomina e selezione.","og_url":"https:\/\/www.compagniadisanpaolo.it\/it\/news\/nomine-e-designazioni-in-organi-sociali-2022\/","og_site_name":"Fondazione Compagnia di San Paolo","article_publisher":"https:\/\/www.facebook.com\/CompagniaDiSanPaolo","article_published_time":"2021-09-30T08:16:07+00:00","og_image":[{"width":815,"height":350,"url":"https:\/\/www.compagniadisanpaolo.it\/wp-content\/uploads\/Copertina-news-9.jpg","type":"image\/jpeg"}],"author":"Federica","twitter_card":"summary_large_image","twitter_creator":"@CSP_live","twitter_site":"@CSP_live","twitter_misc":{"Scritto da":"Federica","Tempo di lettura stimato":"5 minuti"},"schema":{"@context":"https:\/\/schema.org","@graph":[{"@type":"Article","@id":"https:\/\/www.compagniadisanpaolo.it\/it\/news\/nomine-e-designazioni-in-organi-sociali-2022\/#article","isPartOf":{"@id":"https:\/\/www.compagniadisanpaolo.it\/it\/news\/nomine-e-designazioni-in-organi-sociali-2022\/"},"author":{"name":"Federica","@id":"https:\/\/www.compagniadisanpaolo.it\/it\/#\/schema\/person\/b7d5451541c25c82f29c5be1e78456b2"},"headline":"Nomine e designazioni in Organi Sociali 2022","datePublished":"2021-09-30T08:16:07+00:00","mainEntityOfPage":{"@id":"https:\/\/www.compagniadisanpaolo.it\/it\/news\/nomine-e-designazioni-in-organi-sociali-2022\/"},"wordCount":1128,"publisher":{"@id":"https:\/\/www.compagniadisanpaolo.it\/it\/#organization"},"image":{"@id":"https:\/\/www.compagniadisanpaolo.it\/it\/news\/nomine-e-designazioni-in-organi-sociali-2022\/#primaryimage"},"thumbnailUrl":"https:\/\/www.compagniadisanpaolo.it\/wp-content\/uploads\/Copertina-news-9.jpg","keywords":["gruppo compagnia","opportunit\u00e0"],"articleSection":["News"],"inLanguage":"it-IT"},{"@type":"WebPage","@id":"https:\/\/www.compagniadisanpaolo.it\/it\/news\/nomine-e-designazioni-in-organi-sociali-2022\/","url":"https:\/\/www.compagniadisanpaolo.it\/it\/news\/nomine-e-designazioni-in-organi-sociali-2022\/","name":"Nomine e designazioni in Organi Sociali 2022 - Fondazione Compagnia di San Paolo","isPartOf":{"@id":"https:\/\/www.compagniadisanpaolo.it\/it\/#website"},"primaryImageOfPage":{"@id":"https:\/\/www.compagniadisanpaolo.it\/it\/news\/nomine-e-designazioni-in-organi-sociali-2022\/#primaryimage"},"image":{"@id":"https:\/\/www.compagniadisanpaolo.it\/it\/news\/nomine-e-designazioni-in-organi-sociali-2022\/#primaryimage"},"thumbnailUrl":"https:\/\/www.compagniadisanpaolo.it\/wp-content\/uploads\/Copertina-news-9.jpg","datePublished":"2021-09-30T08:16:07+00:00","description":"Enti e societ\u00e0 partecipate che rinnoveranno i propri Organi Sociali nel 2022 \u2013 Procedura di nomina e selezione.","breadcrumb":{"@id":"https:\/\/www.compagniadisanpaolo.it\/it\/news\/nomine-e-designazioni-in-organi-sociali-2022\/#breadcrumb"},"inLanguage":"it-IT","potentialAction":[{"@type":"ReadAction","target":["https:\/\/www.compagniadisanpaolo.it\/it\/news\/nomine-e-designazioni-in-organi-sociali-2022\/"]}]},{"@type":"ImageObject","inLanguage":"it-IT","@id":"https:\/\/www.compagniadisanpaolo.it\/it\/news\/nomine-e-designazioni-in-organi-sociali-2022\/#primaryimage","url":"https:\/\/www.compagniadisanpaolo.it\/wp-content\/uploads\/Copertina-news-9.jpg","contentUrl":"https:\/\/www.compagniadisanpaolo.it\/wp-content\/uploads\/Copertina-news-9.jpg","width":815,"height":350},{"@type":"BreadcrumbList","@id":"https:\/\/www.compagniadisanpaolo.it\/it\/news\/nomine-e-designazioni-in-organi-sociali-2022\/#breadcrumb","itemListElement":[{"@type":"ListItem","position":1,"name":"Home","item":"https:\/\/www.compagniadisanpaolo.it\/it\/"},{"@type":"ListItem","position":2,"name":"Nomine e designazioni in Organi Sociali 2022"}]},{"@type":"WebSite","@id":"https:\/\/www.compagniadisanpaolo.it\/it\/#website","url":"https:\/\/www.compagniadisanpaolo.it\/it\/","name":"Fondazione Compagnia di San Paolo","description":"","publisher":{"@id":"https:\/\/www.compagniadisanpaolo.it\/it\/#organization"},"potentialAction":[{"@type":"SearchAction","target":{"@type":"EntryPoint","urlTemplate":"https:\/\/www.compagniadisanpaolo.it\/it\/?s={search_term_string}"},"query-input":{"@type":"PropertyValueSpecification","valueRequired":true,"valueName":"search_term_string"}}],"inLanguage":"it-IT"},{"@type":"Organization","@id":"https:\/\/www.compagniadisanpaolo.it\/it\/#organization","name":"Fondazione Compagnia di San Paolo","url":"https:\/\/www.compagniadisanpaolo.it\/it\/","logo":{"@type":"ImageObject","inLanguage":"it-IT","@id":"https:\/\/www.compagniadisanpaolo.it\/it\/#\/schema\/logo\/image\/","url":"https:\/\/www.compagniadisanpaolo.it\/wp-content\/uploads\/logo.svg","contentUrl":"https:\/\/www.compagniadisanpaolo.it\/wp-content\/uploads\/logo.svg","width":769,"height":323,"caption":"Fondazione Compagnia di San Paolo"},"image":{"@id":"https:\/\/www.compagniadisanpaolo.it\/it\/#\/schema\/logo\/image\/"},"sameAs":["https:\/\/www.facebook.com\/CompagniaDiSanPaolo","https:\/\/x.com\/CSP_live","http:\/\/instagram.com\/compagniadisanpaolo?ref=badge","https:\/\/www.linkedin.com\/company\/compagnia-di-san-paolo","https:\/\/www.youtube.com\/user\/compagniadisanpaolo","https:\/\/it.wikipedia.org\/wiki\/Compagnia_di_San_Paolo"]},{"@type":"Person","@id":"https:\/\/www.compagniadisanpaolo.it\/it\/#\/schema\/person\/b7d5451541c25c82f29c5be1e78456b2","name":"Federica","image":{"@type":"ImageObject","inLanguage":"it-IT","@id":"https:\/\/secure.gravatar.com\/avatar\/b5698fa13ac389b1f1fb1263a4626e219d853d7ccf112e854aea8c9c087d24ae?s=96&d=mm&r=g","url":"https:\/\/secure.gravatar.com\/avatar\/b5698fa13ac389b1f1fb1263a4626e219d853d7ccf112e854aea8c9c087d24ae?s=96&d=mm&r=g","contentUrl":"https:\/\/secure.gravatar.com\/avatar\/b5698fa13ac389b1f1fb1263a4626e219d853d7ccf112e854aea8c9c087d24ae?s=96&d=mm&r=g","caption":"Federica"}}]}},"amp_enabled":true,"_links":{"self":[{"href":"https:\/\/www.compagniadisanpaolo.it\/it\/wp-json\/wp\/v2\/posts\/15114","targetHints":{"allow":["GET"]}}],"collection":[{"href":"https:\/\/www.compagniadisanpaolo.it\/it\/wp-json\/wp\/v2\/posts"}],"about":[{"href":"https:\/\/www.compagniadisanpaolo.it\/it\/wp-json\/wp\/v2\/types\/post"}],"author":[{"embeddable":true,"href":"https:\/\/www.compagniadisanpaolo.it\/it\/wp-json\/wp\/v2\/users\/19"}],"replies":[{"embeddable":true,"href":"https:\/\/www.compagniadisanpaolo.it\/it\/wp-json\/wp\/v2\/comments?post=15114"}],"version-history":[{"count":23,"href":"https:\/\/www.compagniadisanpaolo.it\/it\/wp-json\/wp\/v2\/posts\/15114\/revisions"}],"predecessor-version":[{"id":15210,"href":"https:\/\/www.compagniadisanpaolo.it\/it\/wp-json\/wp\/v2\/posts\/15114\/revisions\/15210"}],"wp:featuredmedia":[{"embeddable":true,"href":"https:\/\/www.compagniadisanpaolo.it\/it\/wp-json\/wp\/v2\/media\/15206"}],"wp:attachment":[{"href":"https:\/\/www.compagniadisanpaolo.it\/it\/wp-json\/wp\/v2\/media?parent=15114"}],"wp:term":[{"taxonomy":"category","embeddable":true,"href":"https:\/\/www.compagniadisanpaolo.it\/it\/wp-json\/wp\/v2\/categories?post=15114"},{"taxonomy":"post_tag","embeddable":true,"href":"https:\/\/www.compagniadisanpaolo.it\/it\/wp-json\/wp\/v2\/tags?post=15114"}],"curies":[{"name":"wp","href":"https:\/\/api.w.org\/{rel}","templated":true}]}}