{"id":13718,"date":"2021-05-13T10:42:03","date_gmt":"2021-05-13T08:42:03","guid":{"rendered":"https:\/\/www.compagniadisanpaolo.it\/?p=13718"},"modified":"2021-09-07T16:06:45","modified_gmt":"2021-09-07T14:06:45","slug":"la-citta-va-a-scuola-piazze-scolastiche-come-spazi-di-socialita-e-qualita-ambientale","status":"publish","type":"post","link":"https:\/\/www.compagniadisanpaolo.it\/it\/news\/la-citta-va-a-scuola-piazze-scolastiche-come-spazi-di-socialita-e-qualita-ambientale\/","title":{"rendered":"La citt\u00e0 va a scuola. Piazze scolastiche come spazi di socialit\u00e0 e qualit\u00e0 ambientale"},"content":{"rendered":"<div class=\"wpb-content-wrapper\">[vc_row][vc_column][vc_column_text el_class=&#8221;text-headline2&#8243;]Il progetto vuole generare un ampio catalogo che interpreti e raccolga le diverse condizioni di piazze scolastiche, di comunit\u00e0 e pratiche attive. Il 15 maggio l&#8217;evento di presentazione.[\/vc_column_text][\/vc_column][\/vc_row][vc_row][vc_column][vc_column_text]\n<div class=\"info-box mission\">\n\t\t<div class=\"info-box-wrap info-box-hor row pb-0\">\n\n\t\t      \n\t\t      <div class=\"spalla col-12 col-md-12\">\n\t\t\t<div class=\"info-box sharing-box\">\n\t\t\t  <span class=\"label\">Condividi:<\/span>\n\t\t\t  <div class=\"social-sharing\">\n\t\t\t    <span class=\"box\">\n\t\t\t      <a class=\"fb\" href=\"https:\/\/www.facebook.com\/sharer.php?u=https:\/\/www.compagniadisanpaolo.it\/it\/news\/la-citta-va-a-scuola-piazze-scolastiche-come-spazi-di-socialita-e-qualita-ambientale\/\" target=\"_blank\">\n\t\t\t\t<span class=\"sr-only\">Facebook<\/span>\n\t\t\t\t<i class=\"fab fa-facebook-f\"><\/i>\n\t\t\t      <\/a>\n\t\t\t    <\/span>\n\t\t\t    \n\t\t\t    <style>\n.twitter, .twitter:hover{\ncolor:#000000 !important;}\n<\/style>\n\n\n\t\t\t    <span class=\"box\">\n\t\t\t      <a class=\"twitter\" href=\"https:\/\/twitter.com\/intent\/tweet?url=https:\/\/www.compagniadisanpaolo.it\/it\/news\/la-citta-va-a-scuola-piazze-scolastiche-come-spazi-di-socialita-e-qualita-ambientale\/\">\n\t\t\t\t<span class=\"sr-only\">Twitter<\/span>\n\t\t\t\t<i class=\"fa-brands fa-x-twitter\"><\/i>\n\t\t\t      <\/a>\n\t\t\t    <\/span>\n\n\t\t\t    \n\t\t\t    <span class=\"box\">\n\t\t\t      <a class=\"linkedin\" href=\"https:\/\/www.linkedin.com\/shareArticle?mini=true&url=https:\/\/www.compagniadisanpaolo.it\/it\/news\/la-citta-va-a-scuola-piazze-scolastiche-come-spazi-di-socialita-e-qualita-ambientale\/\">\n\t\t\t\t<span class=\"sr-only\">Linkedin<\/span>\n\t\t\t\t  <i class=\"fa-brands fa-linkedin-in\"><\/i>\n\t\t\t      <\/a>\n\t\t\t    <\/span>\n\n\t\t\t    <span class=\"box\">\n\t\t\t      <a class=\"whatsapp\" href=\"whatsapp:\/\/send?text=https:\/\/www.compagniadisanpaolo.it\/it\/news\/la-citta-va-a-scuola-piazze-scolastiche-come-spazi-di-socialita-e-qualita-ambientale\/\" data-action=\"share\/whatsapp\/share\">\n\t\t\t\t<span class=\"sr-only\">Whatsapp<\/span>\n\t\t\t\t<i class=\"fa-brands fa-whatsapp\"><\/i>\n\t\t\t      <\/a>\n\t\t\t    <\/span>\n\n\t\t\t    <span class=\"box\">\n\t\t\t      <a class=\"mail\" href=\"mailto:?subject=La citt\u00e0 va a scuola. Piazze scolastiche come spazi di socialit\u00e0 e qualit\u00e0 ambientale&body=https:\/\/www.compagniadisanpaolo.it\/it\/news\/la-citta-va-a-scuola-piazze-scolastiche-come-spazi-di-socialita-e-qualita-ambientale\/\">\n\t\t\t\t<span class=\"sr-only\">Mail<\/span>\n\t\t\t\t <i class=\"fa-solid fa-envelope\"><\/i>\n\t\t\t      <\/a>\n\t\t\t    <\/span>\n\t\t\t    \n\t\t\t  <\/div>\n\t\t\t<\/div>\n\t      <\/div>\n\t    <\/div><\/div>\n[\/vc_column_text][\/vc_column][\/vc_row][vc_row][vc_column width=&#8221;1\/4&#8243;][vc_column_text]\n\n\n\t\t<div class=\"info-box-wrap\">\n\n\t  <div class=\"info-box date-pub\">\n\t  \t<span class=\"label\">Data di pubblicazione:<\/span>\n\t    <span class=\"value\">13 Maggio 2021<\/span>\n\t  <\/div>\n\t\t\t\t  <div class=\"info-box obj-culture\">\n\t\t\t\t\t  <div class=\"info-box obj\"><span class=\"label\">Obiettivo<\/span>\n\t\t\t\t\t    <div class=\"obj-small-box\">\n\t\t\t\t\t      <span>Cultura.<\/span>\n\t\t\t\t\t    <\/div>\n\t\t\t\t\t  <\/div>\n\t\t\t\t  <\/div>\n\t\t\t  <div class=\"info-box mission\"><span class=\"label\">Tag<\/span><a href=\"https:\/\/www.compagniadisanpaolo.it\/it\/tags\/risultati\/?_sft_post_tag=accessibilita\" class=\"tag-element\">Accessibilit\u00e0<\/a><a href=\"https:\/\/www.compagniadisanpaolo.it\/it\/tags\/risultati\/?_sft_post_tag=comunita-educanti\" class=\"tag-element\">Comunit\u00e0 educanti<\/a><a href=\"https:\/\/www.compagniadisanpaolo.it\/it\/tags\/risultati\/?_sft_post_tag=rigenerazione-urbana\" class=\"tag-element\">Rigenerazione urbana<\/a><a href=\"https:\/\/www.compagniadisanpaolo.it\/it\/tags\/risultati\/?_sft_post_tag=wellbeing\" class=\"tag-element\">Wellbeing<\/a><\/div>\t  \n\t<\/div>\n[\/vc_column_text][\/vc_column][vc_column width=&#8221;3\/4&#8243; el_class=&#8221;page-content&#8221;][vc_column_text el_class=&#8221;text&#8221;]La Fondazione Compagnia di San Paolo sostiene il progetto &#8220;La citt\u00e0 va a scuola. Piazze scolastiche come spazi di socialit\u00e0 e qualit\u00e0 ambientale&#8221;. Il progetto &#8211; che \u00e8 il frutto di un percorso di co-progettazione fra Politecnico di Milano e Politecnico di Torino, le associazioni Architettura Senza Frontiere Piemonte, LABSUS, LAQUP, Casematte\/Educadora\/Innesto\/Parco del Nobile\/RE.TE. Ong e il Comitato Torino Respira &#8211; mira a <strong>sensibilizzare gli enti pubblici e le comunit\u00e0 scolastiche\/territoriali sullo stato delle piazze scolastiche e sugli effetti che esse\u00a0generano su scolari e studenti<\/strong> in termini di percezione urbana attraverso temi come bellezza\/comfort, accessibilit\u00e0\/mobilit\u00e0, sicurezza, qualit\u00e0 dell\u2019aria\/salute\/mitigazione, socialit\u00e0, governance.<\/p>\n<p>Per piazza scolastica si intende lo spazio urbano davanti agli ingressi delle scuole, luogo al quale non si fatica a riconosce una potenza narrativa e simbolica unica nel contesto urbano. \u00c8 il luogo dell\u2019incontro e della crescita che tutti noi viviamo crescendo. \u00c8 un delicatissimo punto di contatto tra il progetto di citt\u00e0 e il progetto educativo, ma anche il luogo di incontro e scambio tra le diverse comunit\u00e0 e i soggetti che gravitano intorno alla scuola.<\/p>\n<p>Il progetto &#8220;La citt\u00e0 va a scuola&#8221; vuole <strong>generare un ampio catalogo che interpreti e raccolga le diverse condizioni di piazze scolastiche, di comunit\u00e0 e pratiche attive<\/strong>, sui quali elaborare risposte progettuali per restituirle alla loro missione urbana, pedagogica e civile. La ricerca, che \u00e8 articolata in pi\u00f9 anni, integrer\u00e0 indagini quantitative, per effettuare un primo screening sulle 150 scuole del primo campione, per poi affondare con indagini qualitative sulle 10 scuole individuate come casi sperimentali.<\/p>\n<p>&nbsp;<\/p>\n<p><strong>La presentazione del progetto \u00e8 in programma per sabato 15 maggio 2021<\/strong>, alle ore 14.30, in occasione della <a href=\"http:\/\/www.biennalespaziopubblico.it\/\" target=\"_blank\" rel=\"noopener noreferrer\">Biennale dello Spazio Pubblico.<\/a><\/p>\n<p>All&#8217;<a href=\"http:\/\/www.biennalespaziopubblico.it\/sabato-15-maggio\/\" target=\"_blank\" rel=\"noopener noreferrer\">evento online<\/a>, dal titolo &#8220;Webinar: La citt\u00e0 va a scuola \u2013 Spazi, Soggetti, Processi e Progetti&#8221;, interverranno:<\/p>\n<ul>\n<li>Cristina Renzoni (Politecnico di Milano)<\/li>\n<li>Ianira Vasallo, Emanuela Saporito\u00a0(Politecnico di Torino)<\/li>\n<li>Valeria Cottino, Annalisa Mosetto (Architettura Senza Frontiere onlus)<\/li>\n<li>Marcella Iannuzzi\u00a0(LABSUS)<\/li>\n<li>Mario Bellinzona, Chiara Viano (LaQUP)<\/li>\n<li>Wanda Camusso\u00a0(Rete Or.Me)<\/li>\n<li>Giuseppe Piras (Torino Respira)<\/li>\n<\/ul>\n<p>&nbsp;<\/p>\n<p>L&#8217;evento sar\u00e0 visibile sui seguenti canali della Biennale Spazio Pubblico:<\/p>\n<p><a href=\"https:\/\/www.facebook.com\/biennalesp\/\" target=\"_blank\" rel=\"noopener noreferrer\">https:\/\/www.facebook.com\/biennalesp\/<\/a><\/p>\n<p><a href=\"https:\/\/www.facebook.com\/BiSPenglish\/\" target=\"_blank\" rel=\"noopener noreferrer\">https:\/\/www.facebook.com\/BiSPenglish\/<\/a>[\/vc_column_text][\/vc_column][\/vc_row][vc_row full_width=&#8221;stretch_row&#8221; el_class=&#8221;download-area-wrap mt-0 mb-0&#8243; css=&#8221;.vc_custom_1587069376729{margin-bottom: 0px !important;}&#8221;][vc_column el_class=&#8221;download-area&#8221;][vc_raw_html]JTVCU2V6aW9uZV9Eb2N1bWVudGklNUQ=[\/vc_raw_html][\/vc_column][\/vc_row][vc_row][vc_column]<div class=\"templatera_shortcode\"><div data-vc-full-width=\"true\" data-vc-full-width-temp=\"true\" data-vc-full-width-init=\"false\" class=\"vc_row wpb_row vc_row-fluid newsletter-wrap\"><div class=\"wpb_column vc_column_container vc_col-sm-12\"><div class=\"vc_column-inner\"><div class=\"wpb_wrapper\">\n\t<div class=\"wpb_raw_code wpb_raw_html wpb_content_element\" >\n\t\t<div class=\"wpb_wrapper\">\n\t\t\t    <div class=\"container\">\n      <div class=\"row align-items-center\">\n\t<div class=\"col-12 col-lg-6 col-xl-5 mb-3 mb-lg-0 pr-0\">\n\t  <h2 class=\"title\">Rimani aggiornato sui nostri bandi e sui nostri progetti<\/h2>\n\t<\/div>\n\t<div class=\"col-12 col-lg-6 col-xl-7 pl-xl-4\">\n\t  <a class=\"standard-link-block\" href=\"\/it\/newsletter\/\">\n\t    Compila il form e decidi su quale argomento vuoi ricevere notizie.\t    <strong>\u00a0 ISCRIVITI!<\/strong>\n\t  <\/a>\n\t<\/div>\n      <\/div>\n    <\/div>\n\t\t<\/div>\n\t<\/div>\n<\/div><\/div><\/div><\/div><div class=\"vc_row-full-width vc_clearfix\"><\/div><\/div>[\/vc_column][\/vc_row]\n<\/div>","protected":false},"excerpt":{"rendered":"Il progetto vuole generare un ampio catalogo che interpreti e raccolga le diverse condizioni di piazze scolastiche, di comunit\u00e0 e pratiche attive. Il 15 maggio l'evento di presentazione. Condividi: Facebook Twitter Linkedin Whatsapp Mail Data di pubblicazione: 13 Maggio 2021 Obiettivo Cultura. TagAccessibilit\u00e0Comunit\u00e0 educantiRigenerazione urbanaWellbeing La Fondazione Compagnia di San Paolo sostiene il progetto \"La citt\u00e0 va a scuola. Piazze scolastiche come spazi di socialit\u00e0 e qualit\u00e0 ambientale\". Il progetto - che \u00e8 il frutto di un percorso di co-progettazione fra Politecnico di Milano e Politecnico di Torino, le associazioni Architettura Senza Frontiere Piemonte, LABSUS, LAQUP, Casematte\/Educadora\/Innesto\/Parco del Nobile\/RE.TE. Ong e il Comitato Torino Respira - mira a sensibilizzare gli enti pubblici e le comunit\u00e0 scolastiche\/territoriali sullo stato delle piazze scolastiche e sugli effetti che esse\u00a0generano su scolari e studenti in termini di percezione urbana attraverso temi come bellezza\/comfort, accessibilit\u00e0\/mobilit\u00e0, sicurezza, qualit\u00e0 dell\u2019aria\/salute\/mitigazione, socialit\u00e0, governance. Per piazza scolastica si intende lo spazio urbano davanti agli ingressi delle scuole, luogo al quale non si fatica a riconosce una potenza narrativa e simbolica unica nel contesto urbano. \u00c8 il luogo dell\u2019incontro e della crescita che tutti noi viviamo crescendo. \u00c8 un delicatissimo punto di contatto tra il progetto di citt\u00e0 e il progetto educativo, ma anche il luogo di incontro e scambio tra le diverse comunit\u00e0 e i soggetti che gravitano intorno alla scuola. Il progetto \"La citt\u00e0 va a scuola\" vuole generare un ampio catalogo che interpreti e raccolga le diverse condizioni di piazze scolastiche, di comunit\u00e0 e pratiche attive, sui quali elaborare risposte progettuali per restituirle alla loro missione urbana, pedagogica e civile. La ricerca, che \u00e8 articolata in pi\u00f9 anni, integrer\u00e0 indagini quantitative, per effettuare un primo screening sulle 150 scuole del primo campione, per poi affondare con indagini qualitative sulle 10 scuole individuate come casi sperimentali. &nbsp; La presentazione del progetto \u00e8 in programma per sabato 15 maggio 2021, alle ore 14.30, in occasione della Biennale dello Spazio Pubblico. All'evento online, dal titolo \"Webinar: La citt\u00e0 va a scuola \u2013 Spazi, Soggetti, Processi e Progetti\", interverranno: Cristina Renzoni (Politecnico di Milano) Ianira Vasallo, Emanuela Saporito\u00a0(Politecnico di Torino) Valeria Cottino, Annalisa Mosetto (Architettura Senza Frontiere onlus) Marcella Iannuzzi\u00a0(LABSUS) Mario Bellinzona, Chiara Viano (LaQUP) Wanda Camusso\u00a0(Rete Or.Me) Giuseppe Piras (Torino Respira) &nbsp; L'evento sar\u00e0 visibile sui seguenti canali della Biennale Spazio Pubblico: https:\/\/www.facebook.com\/biennalesp\/ https:\/\/www.facebook.com\/BiSPenglish\/ Rimani aggiornato sui nostri bandi e sui nostri progetti Compila il form e decidi su quale argomento vuoi ricevere notizie. \u00a0 ISCRIVITI!","protected":false},"author":19,"featured_media":13720,"comment_status":"closed","ping_status":"closed","sticky":false,"template":"","format":"standard","meta":{"_acf_changed":false,"content-type":"","footnotes":""},"categories":[17],"tags":[89,81,77,78],"class_list":["post-13718","post","type-post","status-publish","format-standard","has-post-thumbnail","hentry","category-news","tag-accessibilita","tag-comunita-educanti","tag-rigenerazione-urbana","tag-wellbeing","entry","post-inner"],"acf":[],"yoast_head":"<!-- This site is optimized with the Yoast SEO plugin v27.3 - https:\/\/yoast.com\/product\/yoast-seo-wordpress\/ -->\n<title>La citt\u00e0 va a scuola. Piazze scolastiche come spazi di socialit\u00e0 e qualit\u00e0 ambientale - Fondazione Compagnia di San Paolo<\/title>\n<meta name=\"description\" content=\"Il progetto mira a sensibilizzare gli enti pubblici e le comunit\u00e0 scolastiche\/territoriali sullo stato delle piazze scolastiche\" \/>\n<meta name=\"robots\" content=\"index, follow, max-snippet:-1, max-image-preview:large, max-video-preview:-1\" \/>\n<link rel=\"canonical\" href=\"https:\/\/www.compagniadisanpaolo.it\/it\/news\/la-citta-va-a-scuola-piazze-scolastiche-come-spazi-di-socialita-e-qualita-ambientale\/\" \/>\n<meta property=\"og:locale\" content=\"it_IT\" \/>\n<meta property=\"og:type\" content=\"article\" \/>\n<meta property=\"og:title\" content=\"La citt\u00e0 va a scuola. Piazze scolastiche come spazi di socialit\u00e0 e qualit\u00e0 ambientale - Fondazione Compagnia di San Paolo\" \/>\n<meta property=\"og:description\" content=\"Il progetto mira a sensibilizzare gli enti pubblici e le comunit\u00e0 scolastiche\/territoriali sullo stato delle piazze scolastiche\" \/>\n<meta property=\"og:url\" content=\"https:\/\/www.compagniadisanpaolo.it\/it\/news\/la-citta-va-a-scuola-piazze-scolastiche-come-spazi-di-socialita-e-qualita-ambientale\/\" \/>\n<meta property=\"og:site_name\" content=\"Fondazione Compagnia di San Paolo\" \/>\n<meta property=\"article:publisher\" content=\"https:\/\/www.facebook.com\/CompagniaDiSanPaolo\" \/>\n<meta property=\"article:published_time\" content=\"2021-05-13T08:42:03+00:00\" \/>\n<meta property=\"article:modified_time\" content=\"2021-09-07T14:06:45+00:00\" \/>\n<meta property=\"og:image\" content=\"https:\/\/www.compagniadisanpaolo.it\/wp-content\/uploads\/scuola-head.jpg\" \/>\n\t<meta property=\"og:image:width\" content=\"815\" \/>\n\t<meta property=\"og:image:height\" content=\"350\" \/>\n\t<meta property=\"og:image:type\" content=\"image\/jpeg\" \/>\n<meta name=\"author\" content=\"Federica\" \/>\n<meta name=\"twitter:card\" content=\"summary_large_image\" \/>\n<meta name=\"twitter:creator\" content=\"@CSP_live\" \/>\n<meta name=\"twitter:site\" content=\"@CSP_live\" \/>\n<meta name=\"twitter:label1\" content=\"Scritto da\" \/>\n\t<meta name=\"twitter:data1\" content=\"Federica\" \/>\n\t<meta name=\"twitter:label2\" content=\"Tempo di lettura stimato\" \/>\n\t<meta name=\"twitter:data2\" content=\"2 minuti\" \/>\n<script type=\"application\/ld+json\" class=\"yoast-schema-graph\">{\"@context\":\"https:\\\/\\\/schema.org\",\"@graph\":[{\"@type\":\"Article\",\"@id\":\"https:\\\/\\\/www.compagniadisanpaolo.it\\\/it\\\/news\\\/la-citta-va-a-scuola-piazze-scolastiche-come-spazi-di-socialita-e-qualita-ambientale\\\/#article\",\"isPartOf\":{\"@id\":\"https:\\\/\\\/www.compagniadisanpaolo.it\\\/it\\\/news\\\/la-citta-va-a-scuola-piazze-scolastiche-come-spazi-di-socialita-e-qualita-ambientale\\\/\"},\"author\":{\"name\":\"Federica\",\"@id\":\"https:\\\/\\\/www.compagniadisanpaolo.it\\\/it\\\/#\\\/schema\\\/person\\\/b7d5451541c25c82f29c5be1e78456b2\"},\"headline\":\"La citt\u00e0 va a scuola. Piazze scolastiche come spazi di socialit\u00e0 e qualit\u00e0 ambientale\",\"datePublished\":\"2021-05-13T08:42:03+00:00\",\"dateModified\":\"2021-09-07T14:06:45+00:00\",\"mainEntityOfPage\":{\"@id\":\"https:\\\/\\\/www.compagniadisanpaolo.it\\\/it\\\/news\\\/la-citta-va-a-scuola-piazze-scolastiche-come-spazi-di-socialita-e-qualita-ambientale\\\/\"},\"wordCount\":509,\"publisher\":{\"@id\":\"https:\\\/\\\/www.compagniadisanpaolo.it\\\/it\\\/#organization\"},\"image\":{\"@id\":\"https:\\\/\\\/www.compagniadisanpaolo.it\\\/it\\\/news\\\/la-citta-va-a-scuola-piazze-scolastiche-come-spazi-di-socialita-e-qualita-ambientale\\\/#primaryimage\"},\"thumbnailUrl\":\"https:\\\/\\\/www.compagniadisanpaolo.it\\\/wp-content\\\/uploads\\\/scuola-head.jpg\",\"keywords\":[\"accessibilit\u00e0\",\"comunit\u00e0 educanti\",\"rigenerazione urbana\",\"wellbeing\"],\"articleSection\":[\"News\"],\"inLanguage\":\"it-IT\"},{\"@type\":\"WebPage\",\"@id\":\"https:\\\/\\\/www.compagniadisanpaolo.it\\\/it\\\/news\\\/la-citta-va-a-scuola-piazze-scolastiche-come-spazi-di-socialita-e-qualita-ambientale\\\/\",\"url\":\"https:\\\/\\\/www.compagniadisanpaolo.it\\\/it\\\/news\\\/la-citta-va-a-scuola-piazze-scolastiche-come-spazi-di-socialita-e-qualita-ambientale\\\/\",\"name\":\"La citt\u00e0 va a scuola. Piazze scolastiche come spazi di socialit\u00e0 e qualit\u00e0 ambientale - Fondazione Compagnia di San Paolo\",\"isPartOf\":{\"@id\":\"https:\\\/\\\/www.compagniadisanpaolo.it\\\/it\\\/#website\"},\"primaryImageOfPage\":{\"@id\":\"https:\\\/\\\/www.compagniadisanpaolo.it\\\/it\\\/news\\\/la-citta-va-a-scuola-piazze-scolastiche-come-spazi-di-socialita-e-qualita-ambientale\\\/#primaryimage\"},\"image\":{\"@id\":\"https:\\\/\\\/www.compagniadisanpaolo.it\\\/it\\\/news\\\/la-citta-va-a-scuola-piazze-scolastiche-come-spazi-di-socialita-e-qualita-ambientale\\\/#primaryimage\"},\"thumbnailUrl\":\"https:\\\/\\\/www.compagniadisanpaolo.it\\\/wp-content\\\/uploads\\\/scuola-head.jpg\",\"datePublished\":\"2021-05-13T08:42:03+00:00\",\"dateModified\":\"2021-09-07T14:06:45+00:00\",\"description\":\"Il progetto mira a sensibilizzare gli enti pubblici e le comunit\u00e0 scolastiche\\\/territoriali sullo stato delle piazze scolastiche\",\"breadcrumb\":{\"@id\":\"https:\\\/\\\/www.compagniadisanpaolo.it\\\/it\\\/news\\\/la-citta-va-a-scuola-piazze-scolastiche-come-spazi-di-socialita-e-qualita-ambientale\\\/#breadcrumb\"},\"inLanguage\":\"it-IT\",\"potentialAction\":[{\"@type\":\"ReadAction\",\"target\":[\"https:\\\/\\\/www.compagniadisanpaolo.it\\\/it\\\/news\\\/la-citta-va-a-scuola-piazze-scolastiche-come-spazi-di-socialita-e-qualita-ambientale\\\/\"]}]},{\"@type\":\"ImageObject\",\"inLanguage\":\"it-IT\",\"@id\":\"https:\\\/\\\/www.compagniadisanpaolo.it\\\/it\\\/news\\\/la-citta-va-a-scuola-piazze-scolastiche-come-spazi-di-socialita-e-qualita-ambientale\\\/#primaryimage\",\"url\":\"https:\\\/\\\/www.compagniadisanpaolo.it\\\/wp-content\\\/uploads\\\/scuola-head.jpg\",\"contentUrl\":\"https:\\\/\\\/www.compagniadisanpaolo.it\\\/wp-content\\\/uploads\\\/scuola-head.jpg\",\"width\":815,\"height\":350,\"caption\":\"La citt\u00e0 va a scuola\"},{\"@type\":\"BreadcrumbList\",\"@id\":\"https:\\\/\\\/www.compagniadisanpaolo.it\\\/it\\\/news\\\/la-citta-va-a-scuola-piazze-scolastiche-come-spazi-di-socialita-e-qualita-ambientale\\\/#breadcrumb\",\"itemListElement\":[{\"@type\":\"ListItem\",\"position\":1,\"name\":\"Home\",\"item\":\"https:\\\/\\\/www.compagniadisanpaolo.it\\\/it\\\/\"},{\"@type\":\"ListItem\",\"position\":2,\"name\":\"La citt\u00e0 va a scuola. Piazze scolastiche come spazi di socialit\u00e0 e qualit\u00e0 ambientale\"}]},{\"@type\":\"WebSite\",\"@id\":\"https:\\\/\\\/www.compagniadisanpaolo.it\\\/it\\\/#website\",\"url\":\"https:\\\/\\\/www.compagniadisanpaolo.it\\\/it\\\/\",\"name\":\"Fondazione Compagnia di San Paolo\",\"description\":\"\",\"publisher\":{\"@id\":\"https:\\\/\\\/www.compagniadisanpaolo.it\\\/it\\\/#organization\"},\"potentialAction\":[{\"@type\":\"SearchAction\",\"target\":{\"@type\":\"EntryPoint\",\"urlTemplate\":\"https:\\\/\\\/www.compagniadisanpaolo.it\\\/it\\\/?s={search_term_string}\"},\"query-input\":{\"@type\":\"PropertyValueSpecification\",\"valueRequired\":true,\"valueName\":\"search_term_string\"}}],\"inLanguage\":\"it-IT\"},{\"@type\":\"Organization\",\"@id\":\"https:\\\/\\\/www.compagniadisanpaolo.it\\\/it\\\/#organization\",\"name\":\"Fondazione Compagnia di San Paolo\",\"url\":\"https:\\\/\\\/www.compagniadisanpaolo.it\\\/it\\\/\",\"logo\":{\"@type\":\"ImageObject\",\"inLanguage\":\"it-IT\",\"@id\":\"https:\\\/\\\/www.compagniadisanpaolo.it\\\/it\\\/#\\\/schema\\\/logo\\\/image\\\/\",\"url\":\"https:\\\/\\\/www.compagniadisanpaolo.it\\\/wp-content\\\/uploads\\\/logo.svg\",\"contentUrl\":\"https:\\\/\\\/www.compagniadisanpaolo.it\\\/wp-content\\\/uploads\\\/logo.svg\",\"width\":769,\"height\":323,\"caption\":\"Fondazione Compagnia di San Paolo\"},\"image\":{\"@id\":\"https:\\\/\\\/www.compagniadisanpaolo.it\\\/it\\\/#\\\/schema\\\/logo\\\/image\\\/\"},\"sameAs\":[\"https:\\\/\\\/www.facebook.com\\\/CompagniaDiSanPaolo\",\"https:\\\/\\\/x.com\\\/CSP_live\",\"http:\\\/\\\/instagram.com\\\/compagniadisanpaolo?ref=badge\",\"https:\\\/\\\/www.linkedin.com\\\/company\\\/compagnia-di-san-paolo\",\"https:\\\/\\\/www.youtube.com\\\/user\\\/compagniadisanpaolo\",\"https:\\\/\\\/it.wikipedia.org\\\/wiki\\\/Compagnia_di_San_Paolo\"]},{\"@type\":\"Person\",\"@id\":\"https:\\\/\\\/www.compagniadisanpaolo.it\\\/it\\\/#\\\/schema\\\/person\\\/b7d5451541c25c82f29c5be1e78456b2\",\"name\":\"Federica\",\"image\":{\"@type\":\"ImageObject\",\"inLanguage\":\"it-IT\",\"@id\":\"https:\\\/\\\/secure.gravatar.com\\\/avatar\\\/b5698fa13ac389b1f1fb1263a4626e219d853d7ccf112e854aea8c9c087d24ae?s=96&d=mm&r=g\",\"url\":\"https:\\\/\\\/secure.gravatar.com\\\/avatar\\\/b5698fa13ac389b1f1fb1263a4626e219d853d7ccf112e854aea8c9c087d24ae?s=96&d=mm&r=g\",\"contentUrl\":\"https:\\\/\\\/secure.gravatar.com\\\/avatar\\\/b5698fa13ac389b1f1fb1263a4626e219d853d7ccf112e854aea8c9c087d24ae?s=96&d=mm&r=g\",\"caption\":\"Federica\"}}]}<\/script>\n<!-- \/ Yoast SEO plugin. -->","yoast_head_json":{"title":"La citt\u00e0 va a scuola. Piazze scolastiche come spazi di socialit\u00e0 e qualit\u00e0 ambientale - Fondazione Compagnia di San Paolo","description":"Il progetto mira a sensibilizzare gli enti pubblici e le comunit\u00e0 scolastiche\/territoriali sullo stato delle piazze scolastiche","robots":{"index":"index","follow":"follow","max-snippet":"max-snippet:-1","max-image-preview":"max-image-preview:large","max-video-preview":"max-video-preview:-1"},"canonical":"https:\/\/www.compagniadisanpaolo.it\/it\/news\/la-citta-va-a-scuola-piazze-scolastiche-come-spazi-di-socialita-e-qualita-ambientale\/","og_locale":"it_IT","og_type":"article","og_title":"La citt\u00e0 va a scuola. Piazze scolastiche come spazi di socialit\u00e0 e qualit\u00e0 ambientale - Fondazione Compagnia di San Paolo","og_description":"Il progetto mira a sensibilizzare gli enti pubblici e le comunit\u00e0 scolastiche\/territoriali sullo stato delle piazze scolastiche","og_url":"https:\/\/www.compagniadisanpaolo.it\/it\/news\/la-citta-va-a-scuola-piazze-scolastiche-come-spazi-di-socialita-e-qualita-ambientale\/","og_site_name":"Fondazione Compagnia di San Paolo","article_publisher":"https:\/\/www.facebook.com\/CompagniaDiSanPaolo","article_published_time":"2021-05-13T08:42:03+00:00","article_modified_time":"2021-09-07T14:06:45+00:00","og_image":[{"width":815,"height":350,"url":"https:\/\/www.compagniadisanpaolo.it\/wp-content\/uploads\/scuola-head.jpg","type":"image\/jpeg"}],"author":"Federica","twitter_card":"summary_large_image","twitter_creator":"@CSP_live","twitter_site":"@CSP_live","twitter_misc":{"Scritto da":"Federica","Tempo di lettura stimato":"2 minuti"},"schema":{"@context":"https:\/\/schema.org","@graph":[{"@type":"Article","@id":"https:\/\/www.compagniadisanpaolo.it\/it\/news\/la-citta-va-a-scuola-piazze-scolastiche-come-spazi-di-socialita-e-qualita-ambientale\/#article","isPartOf":{"@id":"https:\/\/www.compagniadisanpaolo.it\/it\/news\/la-citta-va-a-scuola-piazze-scolastiche-come-spazi-di-socialita-e-qualita-ambientale\/"},"author":{"name":"Federica","@id":"https:\/\/www.compagniadisanpaolo.it\/it\/#\/schema\/person\/b7d5451541c25c82f29c5be1e78456b2"},"headline":"La citt\u00e0 va a scuola. Piazze scolastiche come spazi di socialit\u00e0 e qualit\u00e0 ambientale","datePublished":"2021-05-13T08:42:03+00:00","dateModified":"2021-09-07T14:06:45+00:00","mainEntityOfPage":{"@id":"https:\/\/www.compagniadisanpaolo.it\/it\/news\/la-citta-va-a-scuola-piazze-scolastiche-come-spazi-di-socialita-e-qualita-ambientale\/"},"wordCount":509,"publisher":{"@id":"https:\/\/www.compagniadisanpaolo.it\/it\/#organization"},"image":{"@id":"https:\/\/www.compagniadisanpaolo.it\/it\/news\/la-citta-va-a-scuola-piazze-scolastiche-come-spazi-di-socialita-e-qualita-ambientale\/#primaryimage"},"thumbnailUrl":"https:\/\/www.compagniadisanpaolo.it\/wp-content\/uploads\/scuola-head.jpg","keywords":["accessibilit\u00e0","comunit\u00e0 educanti","rigenerazione urbana","wellbeing"],"articleSection":["News"],"inLanguage":"it-IT"},{"@type":"WebPage","@id":"https:\/\/www.compagniadisanpaolo.it\/it\/news\/la-citta-va-a-scuola-piazze-scolastiche-come-spazi-di-socialita-e-qualita-ambientale\/","url":"https:\/\/www.compagniadisanpaolo.it\/it\/news\/la-citta-va-a-scuola-piazze-scolastiche-come-spazi-di-socialita-e-qualita-ambientale\/","name":"La citt\u00e0 va a scuola. Piazze scolastiche come spazi di socialit\u00e0 e qualit\u00e0 ambientale - Fondazione Compagnia di San Paolo","isPartOf":{"@id":"https:\/\/www.compagniadisanpaolo.it\/it\/#website"},"primaryImageOfPage":{"@id":"https:\/\/www.compagniadisanpaolo.it\/it\/news\/la-citta-va-a-scuola-piazze-scolastiche-come-spazi-di-socialita-e-qualita-ambientale\/#primaryimage"},"image":{"@id":"https:\/\/www.compagniadisanpaolo.it\/it\/news\/la-citta-va-a-scuola-piazze-scolastiche-come-spazi-di-socialita-e-qualita-ambientale\/#primaryimage"},"thumbnailUrl":"https:\/\/www.compagniadisanpaolo.it\/wp-content\/uploads\/scuola-head.jpg","datePublished":"2021-05-13T08:42:03+00:00","dateModified":"2021-09-07T14:06:45+00:00","description":"Il progetto mira a sensibilizzare gli enti pubblici e le comunit\u00e0 scolastiche\/territoriali sullo stato delle piazze scolastiche","breadcrumb":{"@id":"https:\/\/www.compagniadisanpaolo.it\/it\/news\/la-citta-va-a-scuola-piazze-scolastiche-come-spazi-di-socialita-e-qualita-ambientale\/#breadcrumb"},"inLanguage":"it-IT","potentialAction":[{"@type":"ReadAction","target":["https:\/\/www.compagniadisanpaolo.it\/it\/news\/la-citta-va-a-scuola-piazze-scolastiche-come-spazi-di-socialita-e-qualita-ambientale\/"]}]},{"@type":"ImageObject","inLanguage":"it-IT","@id":"https:\/\/www.compagniadisanpaolo.it\/it\/news\/la-citta-va-a-scuola-piazze-scolastiche-come-spazi-di-socialita-e-qualita-ambientale\/#primaryimage","url":"https:\/\/www.compagniadisanpaolo.it\/wp-content\/uploads\/scuola-head.jpg","contentUrl":"https:\/\/www.compagniadisanpaolo.it\/wp-content\/uploads\/scuola-head.jpg","width":815,"height":350,"caption":"La citt\u00e0 va a scuola"},{"@type":"BreadcrumbList","@id":"https:\/\/www.compagniadisanpaolo.it\/it\/news\/la-citta-va-a-scuola-piazze-scolastiche-come-spazi-di-socialita-e-qualita-ambientale\/#breadcrumb","itemListElement":[{"@type":"ListItem","position":1,"name":"Home","item":"https:\/\/www.compagniadisanpaolo.it\/it\/"},{"@type":"ListItem","position":2,"name":"La citt\u00e0 va a scuola. Piazze scolastiche come spazi di socialit\u00e0 e qualit\u00e0 ambientale"}]},{"@type":"WebSite","@id":"https:\/\/www.compagniadisanpaolo.it\/it\/#website","url":"https:\/\/www.compagniadisanpaolo.it\/it\/","name":"Fondazione Compagnia di San Paolo","description":"","publisher":{"@id":"https:\/\/www.compagniadisanpaolo.it\/it\/#organization"},"potentialAction":[{"@type":"SearchAction","target":{"@type":"EntryPoint","urlTemplate":"https:\/\/www.compagniadisanpaolo.it\/it\/?s={search_term_string}"},"query-input":{"@type":"PropertyValueSpecification","valueRequired":true,"valueName":"search_term_string"}}],"inLanguage":"it-IT"},{"@type":"Organization","@id":"https:\/\/www.compagniadisanpaolo.it\/it\/#organization","name":"Fondazione Compagnia di San Paolo","url":"https:\/\/www.compagniadisanpaolo.it\/it\/","logo":{"@type":"ImageObject","inLanguage":"it-IT","@id":"https:\/\/www.compagniadisanpaolo.it\/it\/#\/schema\/logo\/image\/","url":"https:\/\/www.compagniadisanpaolo.it\/wp-content\/uploads\/logo.svg","contentUrl":"https:\/\/www.compagniadisanpaolo.it\/wp-content\/uploads\/logo.svg","width":769,"height":323,"caption":"Fondazione Compagnia di San Paolo"},"image":{"@id":"https:\/\/www.compagniadisanpaolo.it\/it\/#\/schema\/logo\/image\/"},"sameAs":["https:\/\/www.facebook.com\/CompagniaDiSanPaolo","https:\/\/x.com\/CSP_live","http:\/\/instagram.com\/compagniadisanpaolo?ref=badge","https:\/\/www.linkedin.com\/company\/compagnia-di-san-paolo","https:\/\/www.youtube.com\/user\/compagniadisanpaolo","https:\/\/it.wikipedia.org\/wiki\/Compagnia_di_San_Paolo"]},{"@type":"Person","@id":"https:\/\/www.compagniadisanpaolo.it\/it\/#\/schema\/person\/b7d5451541c25c82f29c5be1e78456b2","name":"Federica","image":{"@type":"ImageObject","inLanguage":"it-IT","@id":"https:\/\/secure.gravatar.com\/avatar\/b5698fa13ac389b1f1fb1263a4626e219d853d7ccf112e854aea8c9c087d24ae?s=96&d=mm&r=g","url":"https:\/\/secure.gravatar.com\/avatar\/b5698fa13ac389b1f1fb1263a4626e219d853d7ccf112e854aea8c9c087d24ae?s=96&d=mm&r=g","contentUrl":"https:\/\/secure.gravatar.com\/avatar\/b5698fa13ac389b1f1fb1263a4626e219d853d7ccf112e854aea8c9c087d24ae?s=96&d=mm&r=g","caption":"Federica"}}]}},"amp_enabled":true,"_links":{"self":[{"href":"https:\/\/www.compagniadisanpaolo.it\/it\/wp-json\/wp\/v2\/posts\/13718","targetHints":{"allow":["GET"]}}],"collection":[{"href":"https:\/\/www.compagniadisanpaolo.it\/it\/wp-json\/wp\/v2\/posts"}],"about":[{"href":"https:\/\/www.compagniadisanpaolo.it\/it\/wp-json\/wp\/v2\/types\/post"}],"author":[{"embeddable":true,"href":"https:\/\/www.compagniadisanpaolo.it\/it\/wp-json\/wp\/v2\/users\/19"}],"replies":[{"embeddable":true,"href":"https:\/\/www.compagniadisanpaolo.it\/it\/wp-json\/wp\/v2\/comments?post=13718"}],"version-history":[{"count":1,"href":"https:\/\/www.compagniadisanpaolo.it\/it\/wp-json\/wp\/v2\/posts\/13718\/revisions"}],"predecessor-version":[{"id":13719,"href":"https:\/\/www.compagniadisanpaolo.it\/it\/wp-json\/wp\/v2\/posts\/13718\/revisions\/13719"}],"wp:featuredmedia":[{"embeddable":true,"href":"https:\/\/www.compagniadisanpaolo.it\/it\/wp-json\/wp\/v2\/media\/13720"}],"wp:attachment":[{"href":"https:\/\/www.compagniadisanpaolo.it\/it\/wp-json\/wp\/v2\/media?parent=13718"}],"wp:term":[{"taxonomy":"category","embeddable":true,"href":"https:\/\/www.compagniadisanpaolo.it\/it\/wp-json\/wp\/v2\/categories?post=13718"},{"taxonomy":"post_tag","embeddable":true,"href":"https:\/\/www.compagniadisanpaolo.it\/it\/wp-json\/wp\/v2\/tags?post=13718"}],"curies":[{"name":"wp","href":"https:\/\/api.w.org\/{rel}","templated":true}]}}