{"id":11785,"date":"2021-04-15T12:00:17","date_gmt":"2021-04-15T10:00:17","guid":{"rendered":"https:\/\/www.compagniadisanpaolo.it\/?p=11785"},"modified":"2021-09-07T17:44:06","modified_gmt":"2021-09-07T15:44:06","slug":"vicini-ai-genitori-insieme-alle-famiglie","status":"publish","type":"post","link":"https:\/\/www.compagniadisanpaolo.it\/it\/news\/vicini-ai-genitori-insieme-alle-famiglie\/","title":{"rendered":"Vicini ai genitori, insieme alle famiglie"},"content":{"rendered":"<div class=\"wpb-content-wrapper\">[vc_row][vc_column][vc_column_text el_class=&#8221;text-headline2&#8243;]<i>La Fondazione Compagnia di San Paolo organizza un webinar di presentazione del toolkit frutto della lunga esperienza maturata in questi anni attraverso un insieme coordinato di azioni ZeroSei, che lavora sulla prima infanzia.<\/i>[\/vc_column_text][\/vc_column][\/vc_row][vc_row][vc_column][vc_column_text]\n<div class=\"info-box mission\">\n\t\t<div class=\"info-box-wrap info-box-hor row pb-0\">\n\n\t\t      \n\t\t      <div class=\"spalla col-12 col-md-12\">\n\t\t\t<div class=\"info-box sharing-box\">\n\t\t\t  <span class=\"label\">Condividi:<\/span>\n\t\t\t  <div class=\"social-sharing\">\n\t\t\t    <span class=\"box\">\n\t\t\t      <a class=\"fb\" href=\"https:\/\/www.facebook.com\/sharer.php?u=https:\/\/www.compagniadisanpaolo.it\/it\/news\/vicini-ai-genitori-insieme-alle-famiglie\/\" target=\"_blank\">\n\t\t\t\t<span class=\"sr-only\">Facebook<\/span>\n\t\t\t\t<i class=\"fab fa-facebook-f\"><\/i>\n\t\t\t      <\/a>\n\t\t\t    <\/span>\n\t\t\t    \n\t\t\t    <style>\n.twitter, .twitter:hover{\ncolor:#000000 !important;}\n<\/style>\n\n\n\t\t\t    <span class=\"box\">\n\t\t\t      <a class=\"twitter\" href=\"https:\/\/twitter.com\/intent\/tweet?url=https:\/\/www.compagniadisanpaolo.it\/it\/news\/vicini-ai-genitori-insieme-alle-famiglie\/\">\n\t\t\t\t<span class=\"sr-only\">Twitter<\/span>\n\t\t\t\t<i class=\"fa-brands fa-x-twitter\"><\/i>\n\t\t\t      <\/a>\n\t\t\t    <\/span>\n\n\t\t\t    \n\t\t\t    <span class=\"box\">\n\t\t\t      <a class=\"linkedin\" href=\"https:\/\/www.linkedin.com\/shareArticle?mini=true&url=https:\/\/www.compagniadisanpaolo.it\/it\/news\/vicini-ai-genitori-insieme-alle-famiglie\/\">\n\t\t\t\t<span class=\"sr-only\">Linkedin<\/span>\n\t\t\t\t  <i class=\"fa-brands fa-linkedin-in\"><\/i>\n\t\t\t      <\/a>\n\t\t\t    <\/span>\n\n\t\t\t    <span class=\"box\">\n\t\t\t      <a class=\"whatsapp\" href=\"whatsapp:\/\/send?text=https:\/\/www.compagniadisanpaolo.it\/it\/news\/vicini-ai-genitori-insieme-alle-famiglie\/\" data-action=\"share\/whatsapp\/share\">\n\t\t\t\t<span class=\"sr-only\">Whatsapp<\/span>\n\t\t\t\t<i class=\"fa-brands fa-whatsapp\"><\/i>\n\t\t\t      <\/a>\n\t\t\t    <\/span>\n\n\t\t\t    <span class=\"box\">\n\t\t\t      <a class=\"mail\" href=\"mailto:?subject=Vicini ai genitori, insieme alle famiglie&body=https:\/\/www.compagniadisanpaolo.it\/it\/news\/vicini-ai-genitori-insieme-alle-famiglie\/\">\n\t\t\t\t<span class=\"sr-only\">Mail<\/span>\n\t\t\t\t <i class=\"fa-solid fa-envelope\"><\/i>\n\t\t\t      <\/a>\n\t\t\t    <\/span>\n\t\t\t    \n\t\t\t  <\/div>\n\t\t\t<\/div>\n\t      <\/div>\n\t    <\/div><\/div>\n[\/vc_column_text][\/vc_column][\/vc_row][vc_row][vc_column width=&#8221;1\/4&#8243;][vc_column_text]\n\n\n\t\t<div class=\"info-box-wrap\">\n\n\t  <div class=\"info-box date-pub\">\n\t  \t<span class=\"label\">Data di pubblicazione:<\/span>\n\t    <span class=\"value\">15 Aprile 2021<\/span>\n\t  <\/div>\n\t\t\t\t  <div class=\"info-box obj-people\">\n\t\t\t\t\t  <div class=\"info-box obj\"><span class=\"label\">Obiettivo<\/span>\n\t\t\t\t\t    <div class=\"obj-small-box\">\n\t\t\t\t\t      <span>Persone.<\/span>\n\t\t\t\t\t    <\/div>\n\t\t\t\t\t  <\/div>\n\t\t\t\t  <\/div>\n\t\t\t  <div class=\"info-box mission\"><span class=\"label\">Tag<\/span><a href=\"https:\/\/www.compagniadisanpaolo.it\/it\/tags\/risultati\/?_sft_post_tag=comunita-educanti\" class=\"tag-element\">Comunit\u00e0 educanti<\/a><a href=\"https:\/\/www.compagniadisanpaolo.it\/it\/tags\/risultati\/?_sft_post_tag=creazione-di-reti-solide\" class=\"tag-element\">Creazione di reti solide<\/a><a href=\"https:\/\/www.compagniadisanpaolo.it\/it\/tags\/risultati\/?_sft_post_tag=empowerment-delle-famiglie\" class=\"tag-element\">Empowerment delle famiglie<\/a><a href=\"https:\/\/www.compagniadisanpaolo.it\/it\/tags\/risultati\/?_sft_post_tag=formazione\" class=\"tag-element\">Formazione<\/a><a href=\"https:\/\/www.compagniadisanpaolo.it\/it\/tags\/risultati\/?_sft_post_tag=nuove-generazioni\" class=\"tag-element\">Nuove generazioni<\/a><\/div>\t  \n\t<\/div>\n[\/vc_column_text][\/vc_column][vc_column width=&#8221;3\/4&#8243; el_class=&#8221;page-content&#8221;][vc_column_text el_class=&#8221;text&#8221;]Si \u00e8 svolto<strong> marted\u00ec 2 marzo 2021<\/strong>, dalle 15.00 alle 17.00, con il webinar di presentazione del toolkit &#8220;<strong>Vicini ai genitori, insieme alle famiglie. Accompagnamento alla genitorialit\u00e0 in gruppi multietnici<\/strong>&#8220;.<\/p>\n<p>Il webinar,\u00a0<strong>visibile integralmente in fondo a questa pagina<\/strong>, \u00e8 stata un&#8217;occasione di confronto, reciproco arricchimento e riflessione insieme a chi si occupa di genitorialit\u00e0 o \u00e8 interessato al tema, alla luce della lunga esperienza maturata in questi anni dalla Fondazione Compagnia di San Paolo, attraverso un insieme coordinato di azioni <strong><a href=\"https:\/\/www.compagniadisanpaolo.it\/it\/progetti\/zerosei\/\" target=\"_blank\" rel=\"noopener noreferrer\">ZeroSei<\/a><\/strong>, a sostegno delle bambine e dei bambini nella fascia 0-6 anni di diverse etnie e origini culturali.<\/p>\n<p>Numerosi sono gli studi che indicano come la <strong>prima infanzia<\/strong> sia un momento fondamentale per lo <strong>sviluppo cognitivo, psichico, fisico, linguistico e sociale delle persone<\/strong>.<\/p>\n<p><strong>&#8220;Vicini ai genitori, insieme alle famiglie&#8221; \u00e8 uno strumento rivolto a operatori che lavorano nella prima infanzia<\/strong>, che si mettono accanto ai genitori nel loro difficile compito educativo e ne sostengono capacit\u00e0 e risorse, valorizzando le specificit\u00e0 dei diversi contesti e culture di provenienza.<\/p>\n<p>I contenuti e le riflessioni metodologiche dello strumento si fondano sulla pratica sperimentata dalla Fondazione Compagnia di San Paolo in azioni concrete, in particolare nelle azioni Porta Palazzo ZeroSei, Opportunit\u00e0 ZeroSei e Genitori ZeroSei promosse prima nell\u2019ambito del Programma ZeroSei e oggi attraverso la <strong><a href=\"https:\/\/www.compagniadisanpaolo.it\/it\/le-nostre-sfide\/obiettivo-persone\/educare-per-crescere-insieme\/\" target=\"_blank\" rel=\"noopener noreferrer\">Missione Educare per crescere insieme<\/a><\/strong> dell\u2019<strong><a href=\"https:\/\/www.compagniadisanpaolo.it\/it\/le-nostre-sfide\/obiettivo-persone\/\" target=\"_blank\" rel=\"noopener noreferrer\">Obiettivo Persone<\/a><\/strong>.<\/p>\n<p>Da <strong><a href=\"https:\/\/www.compagniadisanpaolo.it\/it\/documenti\/toolkit-vicini-ai-genitori-insieme-alle-famiglie\/\" target=\"_blank\" rel=\"noopener noreferrer\">qui<\/a><\/strong> \u00e8 possibile scaricare il toolkit, introdotto da una presentazione di <a href=\"https:\/\/www.compagniadisanpaolo.it\/it\/team\/francesco-profumo\/\" target=\"_blank\" rel=\"noopener noreferrer\">Francesco Profumo<\/a>, Presidente della Fondazione Compagnia di San Paolo.[\/vc_column_text][\/vc_column][\/vc_row][vc_row][vc_column][vc_video link=&#8221;https:\/\/youtu.be\/0QLjvflusaw&#8221; align=&#8221;center&#8221;][\/vc_column][\/vc_row][vc_row][vc_column][vc_raw_html]JTVCU2V6aW9uZV9Eb2N1bWVudGklNUQ=[\/vc_raw_html][\/vc_column][\/vc_row][vc_row][vc_column]<div class=\"templatera_shortcode\"><div data-vc-full-width=\"true\" data-vc-full-width-temp=\"true\" data-vc-full-width-init=\"false\" class=\"vc_row wpb_row vc_row-fluid newsletter-wrap\"><div class=\"wpb_column vc_column_container vc_col-sm-12\"><div class=\"vc_column-inner\"><div class=\"wpb_wrapper\">\n\t<div class=\"wpb_raw_code wpb_raw_html wpb_content_element\" >\n\t\t<div class=\"wpb_wrapper\">\n\t\t\t    <div class=\"container\">\n      <div class=\"row align-items-center\">\n\t<div class=\"col-12 col-lg-6 col-xl-5 mb-3 mb-lg-0 pr-0\">\n\t  <h2 class=\"title\">Rimani aggiornato sui nostri bandi e sui nostri progetti<\/h2>\n\t<\/div>\n\t<div class=\"col-12 col-lg-6 col-xl-7 pl-xl-4\">\n\t  <a class=\"standard-link-block\" href=\"\/it\/newsletter\/\">\n\t    Compila il form e decidi su quale argomento vuoi ricevere notizie.\t    <strong>\u00a0 ISCRIVITI!<\/strong>\n\t  <\/a>\n\t<\/div>\n      <\/div>\n    <\/div>\n\t\t<\/div>\n\t<\/div>\n<\/div><\/div><\/div><\/div><div class=\"vc_row-full-width vc_clearfix\"><\/div><\/div>[\/vc_column][\/vc_row]\n<\/div>","protected":false},"excerpt":{"rendered":"La Fondazione Compagnia di San Paolo organizza un webinar di presentazione del toolkit frutto della lunga esperienza maturata in questi anni attraverso un insieme coordinato di azioni ZeroSei, che lavora sulla prima infanzia. Condividi: Facebook Twitter Linkedin Whatsapp Mail Data di pubblicazione: 15 Aprile 2021 Obiettivo Persone. TagComunit\u00e0 educantiCreazione di reti solideEmpowerment delle famiglieFormazioneNuove generazioni Si \u00e8 svolto marted\u00ec 2 marzo 2021, dalle 15.00 alle 17.00, con il webinar di presentazione del toolkit \"Vicini ai genitori, insieme alle famiglie. Accompagnamento alla genitorialit\u00e0 in gruppi multietnici\". Il webinar,\u00a0visibile integralmente in fondo a questa pagina, \u00e8 stata un'occasione di confronto, reciproco arricchimento e riflessione insieme a chi si occupa di genitorialit\u00e0 o \u00e8 interessato al tema, alla luce della lunga esperienza maturata in questi anni dalla Fondazione Compagnia di San Paolo, attraverso un insieme coordinato di azioni ZeroSei, a sostegno delle bambine e dei bambini nella fascia 0-6 anni di diverse etnie e origini culturali. Numerosi sono gli studi che indicano come la prima infanzia sia un momento fondamentale per lo sviluppo cognitivo, psichico, fisico, linguistico e sociale delle persone. \"Vicini ai genitori, insieme alle famiglie\" \u00e8 uno strumento rivolto a operatori che lavorano nella prima infanzia, che si mettono accanto ai genitori nel loro difficile compito educativo e ne sostengono capacit\u00e0 e risorse, valorizzando le specificit\u00e0 dei diversi contesti e culture di provenienza. I contenuti e le riflessioni metodologiche dello strumento si fondano sulla pratica sperimentata dalla Fondazione Compagnia di San Paolo in azioni concrete, in particolare nelle azioni Porta Palazzo ZeroSei, Opportunit\u00e0 ZeroSei e Genitori ZeroSei promosse prima nell\u2019ambito del Programma ZeroSei e oggi attraverso la Missione Educare per crescere insieme dell\u2019Obiettivo Persone. Da qui \u00e8 possibile scaricare il toolkit, introdotto da una presentazione di Francesco Profumo, Presidente della Fondazione Compagnia di San Paolo. Documenti di riferimento Toolkit - Vicini ai genitori, insieme alle famiglie Scarica il documento Invito al webinar Vicini ai genitori, insieme alle famiglie Scarica il documento Rimani aggiornato sui nostri bandi e sui nostri progetti Compila il form e decidi su quale argomento vuoi ricevere notizie. \u00a0 ISCRIVITI!","protected":false},"author":19,"featured_media":11786,"comment_status":"closed","ping_status":"closed","sticky":false,"template":"","format":"standard","meta":{"_acf_changed":false,"content-type":"","footnotes":""},"categories":[17],"tags":[81,70,80,53,54],"class_list":["post-11785","post","type-post","status-publish","format-standard","has-post-thumbnail","hentry","category-news","tag-comunita-educanti","tag-creazione-di-reti-solide","tag-empowerment-delle-famiglie","tag-formazione","tag-nuove-generazioni","entry","post-inner"],"acf":[],"yoast_head":"<!-- This site is optimized with the Yoast SEO plugin v27.3 - https:\/\/yoast.com\/product\/yoast-seo-wordpress\/ -->\n<title>Vicini ai genitori, insieme alle famiglie - Fondazione Compagnia di San Paolo<\/title>\n<meta name=\"description\" content=\"La Fondazione Compagnia di San Paolo organizza un webinar di presentazione del toolkit frutto della lunga esperienza maturata in questi anni attraverso un insieme coordinato di azioni ZeroSei, che lavora sulla prima infanzia.\" \/>\n<meta name=\"robots\" content=\"index, follow, max-snippet:-1, max-image-preview:large, max-video-preview:-1\" \/>\n<link rel=\"canonical\" href=\"https:\/\/www.compagniadisanpaolo.it\/it\/news\/vicini-ai-genitori-insieme-alle-famiglie\/\" \/>\n<meta property=\"og:locale\" content=\"it_IT\" \/>\n<meta property=\"og:type\" content=\"article\" \/>\n<meta property=\"og:title\" content=\"Vicini ai genitori, insieme alle famiglie - Fondazione Compagnia di San Paolo\" \/>\n<meta property=\"og:description\" content=\"La Fondazione Compagnia di San Paolo organizza un webinar di presentazione del toolkit frutto della lunga esperienza maturata in questi anni attraverso un insieme coordinato di azioni ZeroSei, che lavora sulla prima infanzia.\" \/>\n<meta property=\"og:url\" content=\"https:\/\/www.compagniadisanpaolo.it\/it\/news\/vicini-ai-genitori-insieme-alle-famiglie\/\" \/>\n<meta property=\"og:site_name\" content=\"Fondazione Compagnia di San Paolo\" \/>\n<meta property=\"article:publisher\" content=\"https:\/\/www.facebook.com\/CompagniaDiSanPaolo\" \/>\n<meta property=\"article:published_time\" content=\"2021-04-15T10:00:17+00:00\" \/>\n<meta property=\"article:modified_time\" content=\"2021-09-07T15:44:06+00:00\" \/>\n<meta property=\"og:image\" content=\"https:\/\/www.compagniadisanpaolo.it\/wp-content\/uploads\/header-genitorialita.jpg\" \/>\n\t<meta property=\"og:image:width\" content=\"815\" \/>\n\t<meta property=\"og:image:height\" content=\"350\" \/>\n\t<meta property=\"og:image:type\" content=\"image\/jpeg\" \/>\n<meta name=\"author\" content=\"Federica\" \/>\n<meta name=\"twitter:card\" content=\"summary_large_image\" \/>\n<meta name=\"twitter:creator\" content=\"@CSP_live\" \/>\n<meta name=\"twitter:site\" content=\"@CSP_live\" \/>\n<meta name=\"twitter:label1\" content=\"Scritto da\" \/>\n\t<meta name=\"twitter:data1\" content=\"Federica\" \/>\n\t<meta name=\"twitter:label2\" content=\"Tempo di lettura stimato\" \/>\n\t<meta name=\"twitter:data2\" content=\"2 minuti\" \/>\n<script type=\"application\/ld+json\" class=\"yoast-schema-graph\">{\"@context\":\"https:\\\/\\\/schema.org\",\"@graph\":[{\"@type\":\"Article\",\"@id\":\"https:\\\/\\\/www.compagniadisanpaolo.it\\\/it\\\/news\\\/vicini-ai-genitori-insieme-alle-famiglie\\\/#article\",\"isPartOf\":{\"@id\":\"https:\\\/\\\/www.compagniadisanpaolo.it\\\/it\\\/news\\\/vicini-ai-genitori-insieme-alle-famiglie\\\/\"},\"author\":{\"name\":\"Federica\",\"@id\":\"https:\\\/\\\/www.compagniadisanpaolo.it\\\/it\\\/#\\\/schema\\\/person\\\/b7d5451541c25c82f29c5be1e78456b2\"},\"headline\":\"Vicini ai genitori, insieme alle famiglie\",\"datePublished\":\"2021-04-15T10:00:17+00:00\",\"dateModified\":\"2021-09-07T15:44:06+00:00\",\"mainEntityOfPage\":{\"@id\":\"https:\\\/\\\/www.compagniadisanpaolo.it\\\/it\\\/news\\\/vicini-ai-genitori-insieme-alle-famiglie\\\/\"},\"wordCount\":386,\"publisher\":{\"@id\":\"https:\\\/\\\/www.compagniadisanpaolo.it\\\/it\\\/#organization\"},\"image\":{\"@id\":\"https:\\\/\\\/www.compagniadisanpaolo.it\\\/it\\\/news\\\/vicini-ai-genitori-insieme-alle-famiglie\\\/#primaryimage\"},\"thumbnailUrl\":\"https:\\\/\\\/www.compagniadisanpaolo.it\\\/wp-content\\\/uploads\\\/header-genitorialita.jpg\",\"keywords\":[\"comunit\u00e0 educanti\",\"creazione di reti solide\",\"empowerment delle famiglie\",\"formazione\",\"nuove generazioni\"],\"articleSection\":[\"News\"],\"inLanguage\":\"it-IT\"},{\"@type\":\"WebPage\",\"@id\":\"https:\\\/\\\/www.compagniadisanpaolo.it\\\/it\\\/news\\\/vicini-ai-genitori-insieme-alle-famiglie\\\/\",\"url\":\"https:\\\/\\\/www.compagniadisanpaolo.it\\\/it\\\/news\\\/vicini-ai-genitori-insieme-alle-famiglie\\\/\",\"name\":\"Vicini ai genitori, insieme alle famiglie - Fondazione Compagnia di San Paolo\",\"isPartOf\":{\"@id\":\"https:\\\/\\\/www.compagniadisanpaolo.it\\\/it\\\/#website\"},\"primaryImageOfPage\":{\"@id\":\"https:\\\/\\\/www.compagniadisanpaolo.it\\\/it\\\/news\\\/vicini-ai-genitori-insieme-alle-famiglie\\\/#primaryimage\"},\"image\":{\"@id\":\"https:\\\/\\\/www.compagniadisanpaolo.it\\\/it\\\/news\\\/vicini-ai-genitori-insieme-alle-famiglie\\\/#primaryimage\"},\"thumbnailUrl\":\"https:\\\/\\\/www.compagniadisanpaolo.it\\\/wp-content\\\/uploads\\\/header-genitorialita.jpg\",\"datePublished\":\"2021-04-15T10:00:17+00:00\",\"dateModified\":\"2021-09-07T15:44:06+00:00\",\"description\":\"La Fondazione Compagnia di San Paolo organizza un webinar di presentazione del toolkit frutto della lunga esperienza maturata in questi anni attraverso un insieme coordinato di azioni ZeroSei, che lavora sulla prima infanzia.\",\"breadcrumb\":{\"@id\":\"https:\\\/\\\/www.compagniadisanpaolo.it\\\/it\\\/news\\\/vicini-ai-genitori-insieme-alle-famiglie\\\/#breadcrumb\"},\"inLanguage\":\"it-IT\",\"potentialAction\":[{\"@type\":\"ReadAction\",\"target\":[\"https:\\\/\\\/www.compagniadisanpaolo.it\\\/it\\\/news\\\/vicini-ai-genitori-insieme-alle-famiglie\\\/\"]}]},{\"@type\":\"ImageObject\",\"inLanguage\":\"it-IT\",\"@id\":\"https:\\\/\\\/www.compagniadisanpaolo.it\\\/it\\\/news\\\/vicini-ai-genitori-insieme-alle-famiglie\\\/#primaryimage\",\"url\":\"https:\\\/\\\/www.compagniadisanpaolo.it\\\/wp-content\\\/uploads\\\/header-genitorialita.jpg\",\"contentUrl\":\"https:\\\/\\\/www.compagniadisanpaolo.it\\\/wp-content\\\/uploads\\\/header-genitorialita.jpg\",\"width\":815,\"height\":350},{\"@type\":\"BreadcrumbList\",\"@id\":\"https:\\\/\\\/www.compagniadisanpaolo.it\\\/it\\\/news\\\/vicini-ai-genitori-insieme-alle-famiglie\\\/#breadcrumb\",\"itemListElement\":[{\"@type\":\"ListItem\",\"position\":1,\"name\":\"Home\",\"item\":\"https:\\\/\\\/www.compagniadisanpaolo.it\\\/it\\\/\"},{\"@type\":\"ListItem\",\"position\":2,\"name\":\"Vicini ai genitori, insieme alle famiglie\"}]},{\"@type\":\"WebSite\",\"@id\":\"https:\\\/\\\/www.compagniadisanpaolo.it\\\/it\\\/#website\",\"url\":\"https:\\\/\\\/www.compagniadisanpaolo.it\\\/it\\\/\",\"name\":\"Fondazione Compagnia di San Paolo\",\"description\":\"\",\"publisher\":{\"@id\":\"https:\\\/\\\/www.compagniadisanpaolo.it\\\/it\\\/#organization\"},\"potentialAction\":[{\"@type\":\"SearchAction\",\"target\":{\"@type\":\"EntryPoint\",\"urlTemplate\":\"https:\\\/\\\/www.compagniadisanpaolo.it\\\/it\\\/?s={search_term_string}\"},\"query-input\":{\"@type\":\"PropertyValueSpecification\",\"valueRequired\":true,\"valueName\":\"search_term_string\"}}],\"inLanguage\":\"it-IT\"},{\"@type\":\"Organization\",\"@id\":\"https:\\\/\\\/www.compagniadisanpaolo.it\\\/it\\\/#organization\",\"name\":\"Fondazione Compagnia di San Paolo\",\"url\":\"https:\\\/\\\/www.compagniadisanpaolo.it\\\/it\\\/\",\"logo\":{\"@type\":\"ImageObject\",\"inLanguage\":\"it-IT\",\"@id\":\"https:\\\/\\\/www.compagniadisanpaolo.it\\\/it\\\/#\\\/schema\\\/logo\\\/image\\\/\",\"url\":\"https:\\\/\\\/www.compagniadisanpaolo.it\\\/wp-content\\\/uploads\\\/logo.svg\",\"contentUrl\":\"https:\\\/\\\/www.compagniadisanpaolo.it\\\/wp-content\\\/uploads\\\/logo.svg\",\"width\":769,\"height\":323,\"caption\":\"Fondazione Compagnia di San Paolo\"},\"image\":{\"@id\":\"https:\\\/\\\/www.compagniadisanpaolo.it\\\/it\\\/#\\\/schema\\\/logo\\\/image\\\/\"},\"sameAs\":[\"https:\\\/\\\/www.facebook.com\\\/CompagniaDiSanPaolo\",\"https:\\\/\\\/x.com\\\/CSP_live\",\"http:\\\/\\\/instagram.com\\\/compagniadisanpaolo?ref=badge\",\"https:\\\/\\\/www.linkedin.com\\\/company\\\/compagnia-di-san-paolo\",\"https:\\\/\\\/www.youtube.com\\\/user\\\/compagniadisanpaolo\",\"https:\\\/\\\/it.wikipedia.org\\\/wiki\\\/Compagnia_di_San_Paolo\"]},{\"@type\":\"Person\",\"@id\":\"https:\\\/\\\/www.compagniadisanpaolo.it\\\/it\\\/#\\\/schema\\\/person\\\/b7d5451541c25c82f29c5be1e78456b2\",\"name\":\"Federica\",\"image\":{\"@type\":\"ImageObject\",\"inLanguage\":\"it-IT\",\"@id\":\"https:\\\/\\\/secure.gravatar.com\\\/avatar\\\/b5698fa13ac389b1f1fb1263a4626e219d853d7ccf112e854aea8c9c087d24ae?s=96&d=mm&r=g\",\"url\":\"https:\\\/\\\/secure.gravatar.com\\\/avatar\\\/b5698fa13ac389b1f1fb1263a4626e219d853d7ccf112e854aea8c9c087d24ae?s=96&d=mm&r=g\",\"contentUrl\":\"https:\\\/\\\/secure.gravatar.com\\\/avatar\\\/b5698fa13ac389b1f1fb1263a4626e219d853d7ccf112e854aea8c9c087d24ae?s=96&d=mm&r=g\",\"caption\":\"Federica\"}}]}<\/script>\n<!-- \/ Yoast SEO plugin. -->","yoast_head_json":{"title":"Vicini ai genitori, insieme alle famiglie - Fondazione Compagnia di San Paolo","description":"La Fondazione Compagnia di San Paolo organizza un webinar di presentazione del toolkit frutto della lunga esperienza maturata in questi anni attraverso un insieme coordinato di azioni ZeroSei, che lavora sulla prima infanzia.","robots":{"index":"index","follow":"follow","max-snippet":"max-snippet:-1","max-image-preview":"max-image-preview:large","max-video-preview":"max-video-preview:-1"},"canonical":"https:\/\/www.compagniadisanpaolo.it\/it\/news\/vicini-ai-genitori-insieme-alle-famiglie\/","og_locale":"it_IT","og_type":"article","og_title":"Vicini ai genitori, insieme alle famiglie - Fondazione Compagnia di San Paolo","og_description":"La Fondazione Compagnia di San Paolo organizza un webinar di presentazione del toolkit frutto della lunga esperienza maturata in questi anni attraverso un insieme coordinato di azioni ZeroSei, che lavora sulla prima infanzia.","og_url":"https:\/\/www.compagniadisanpaolo.it\/it\/news\/vicini-ai-genitori-insieme-alle-famiglie\/","og_site_name":"Fondazione Compagnia di San Paolo","article_publisher":"https:\/\/www.facebook.com\/CompagniaDiSanPaolo","article_published_time":"2021-04-15T10:00:17+00:00","article_modified_time":"2021-09-07T15:44:06+00:00","og_image":[{"width":815,"height":350,"url":"https:\/\/www.compagniadisanpaolo.it\/wp-content\/uploads\/header-genitorialita.jpg","type":"image\/jpeg"}],"author":"Federica","twitter_card":"summary_large_image","twitter_creator":"@CSP_live","twitter_site":"@CSP_live","twitter_misc":{"Scritto da":"Federica","Tempo di lettura stimato":"2 minuti"},"schema":{"@context":"https:\/\/schema.org","@graph":[{"@type":"Article","@id":"https:\/\/www.compagniadisanpaolo.it\/it\/news\/vicini-ai-genitori-insieme-alle-famiglie\/#article","isPartOf":{"@id":"https:\/\/www.compagniadisanpaolo.it\/it\/news\/vicini-ai-genitori-insieme-alle-famiglie\/"},"author":{"name":"Federica","@id":"https:\/\/www.compagniadisanpaolo.it\/it\/#\/schema\/person\/b7d5451541c25c82f29c5be1e78456b2"},"headline":"Vicini ai genitori, insieme alle famiglie","datePublished":"2021-04-15T10:00:17+00:00","dateModified":"2021-09-07T15:44:06+00:00","mainEntityOfPage":{"@id":"https:\/\/www.compagniadisanpaolo.it\/it\/news\/vicini-ai-genitori-insieme-alle-famiglie\/"},"wordCount":386,"publisher":{"@id":"https:\/\/www.compagniadisanpaolo.it\/it\/#organization"},"image":{"@id":"https:\/\/www.compagniadisanpaolo.it\/it\/news\/vicini-ai-genitori-insieme-alle-famiglie\/#primaryimage"},"thumbnailUrl":"https:\/\/www.compagniadisanpaolo.it\/wp-content\/uploads\/header-genitorialita.jpg","keywords":["comunit\u00e0 educanti","creazione di reti solide","empowerment delle famiglie","formazione","nuove generazioni"],"articleSection":["News"],"inLanguage":"it-IT"},{"@type":"WebPage","@id":"https:\/\/www.compagniadisanpaolo.it\/it\/news\/vicini-ai-genitori-insieme-alle-famiglie\/","url":"https:\/\/www.compagniadisanpaolo.it\/it\/news\/vicini-ai-genitori-insieme-alle-famiglie\/","name":"Vicini ai genitori, insieme alle famiglie - Fondazione Compagnia di San Paolo","isPartOf":{"@id":"https:\/\/www.compagniadisanpaolo.it\/it\/#website"},"primaryImageOfPage":{"@id":"https:\/\/www.compagniadisanpaolo.it\/it\/news\/vicini-ai-genitori-insieme-alle-famiglie\/#primaryimage"},"image":{"@id":"https:\/\/www.compagniadisanpaolo.it\/it\/news\/vicini-ai-genitori-insieme-alle-famiglie\/#primaryimage"},"thumbnailUrl":"https:\/\/www.compagniadisanpaolo.it\/wp-content\/uploads\/header-genitorialita.jpg","datePublished":"2021-04-15T10:00:17+00:00","dateModified":"2021-09-07T15:44:06+00:00","description":"La Fondazione Compagnia di San Paolo organizza un webinar di presentazione del toolkit frutto della lunga esperienza maturata in questi anni attraverso un insieme coordinato di azioni ZeroSei, che lavora sulla prima infanzia.","breadcrumb":{"@id":"https:\/\/www.compagniadisanpaolo.it\/it\/news\/vicini-ai-genitori-insieme-alle-famiglie\/#breadcrumb"},"inLanguage":"it-IT","potentialAction":[{"@type":"ReadAction","target":["https:\/\/www.compagniadisanpaolo.it\/it\/news\/vicini-ai-genitori-insieme-alle-famiglie\/"]}]},{"@type":"ImageObject","inLanguage":"it-IT","@id":"https:\/\/www.compagniadisanpaolo.it\/it\/news\/vicini-ai-genitori-insieme-alle-famiglie\/#primaryimage","url":"https:\/\/www.compagniadisanpaolo.it\/wp-content\/uploads\/header-genitorialita.jpg","contentUrl":"https:\/\/www.compagniadisanpaolo.it\/wp-content\/uploads\/header-genitorialita.jpg","width":815,"height":350},{"@type":"BreadcrumbList","@id":"https:\/\/www.compagniadisanpaolo.it\/it\/news\/vicini-ai-genitori-insieme-alle-famiglie\/#breadcrumb","itemListElement":[{"@type":"ListItem","position":1,"name":"Home","item":"https:\/\/www.compagniadisanpaolo.it\/it\/"},{"@type":"ListItem","position":2,"name":"Vicini ai genitori, insieme alle famiglie"}]},{"@type":"WebSite","@id":"https:\/\/www.compagniadisanpaolo.it\/it\/#website","url":"https:\/\/www.compagniadisanpaolo.it\/it\/","name":"Fondazione Compagnia di San Paolo","description":"","publisher":{"@id":"https:\/\/www.compagniadisanpaolo.it\/it\/#organization"},"potentialAction":[{"@type":"SearchAction","target":{"@type":"EntryPoint","urlTemplate":"https:\/\/www.compagniadisanpaolo.it\/it\/?s={search_term_string}"},"query-input":{"@type":"PropertyValueSpecification","valueRequired":true,"valueName":"search_term_string"}}],"inLanguage":"it-IT"},{"@type":"Organization","@id":"https:\/\/www.compagniadisanpaolo.it\/it\/#organization","name":"Fondazione Compagnia di San Paolo","url":"https:\/\/www.compagniadisanpaolo.it\/it\/","logo":{"@type":"ImageObject","inLanguage":"it-IT","@id":"https:\/\/www.compagniadisanpaolo.it\/it\/#\/schema\/logo\/image\/","url":"https:\/\/www.compagniadisanpaolo.it\/wp-content\/uploads\/logo.svg","contentUrl":"https:\/\/www.compagniadisanpaolo.it\/wp-content\/uploads\/logo.svg","width":769,"height":323,"caption":"Fondazione Compagnia di San Paolo"},"image":{"@id":"https:\/\/www.compagniadisanpaolo.it\/it\/#\/schema\/logo\/image\/"},"sameAs":["https:\/\/www.facebook.com\/CompagniaDiSanPaolo","https:\/\/x.com\/CSP_live","http:\/\/instagram.com\/compagniadisanpaolo?ref=badge","https:\/\/www.linkedin.com\/company\/compagnia-di-san-paolo","https:\/\/www.youtube.com\/user\/compagniadisanpaolo","https:\/\/it.wikipedia.org\/wiki\/Compagnia_di_San_Paolo"]},{"@type":"Person","@id":"https:\/\/www.compagniadisanpaolo.it\/it\/#\/schema\/person\/b7d5451541c25c82f29c5be1e78456b2","name":"Federica","image":{"@type":"ImageObject","inLanguage":"it-IT","@id":"https:\/\/secure.gravatar.com\/avatar\/b5698fa13ac389b1f1fb1263a4626e219d853d7ccf112e854aea8c9c087d24ae?s=96&d=mm&r=g","url":"https:\/\/secure.gravatar.com\/avatar\/b5698fa13ac389b1f1fb1263a4626e219d853d7ccf112e854aea8c9c087d24ae?s=96&d=mm&r=g","contentUrl":"https:\/\/secure.gravatar.com\/avatar\/b5698fa13ac389b1f1fb1263a4626e219d853d7ccf112e854aea8c9c087d24ae?s=96&d=mm&r=g","caption":"Federica"}}]}},"amp_enabled":true,"_links":{"self":[{"href":"https:\/\/www.compagniadisanpaolo.it\/it\/wp-json\/wp\/v2\/posts\/11785","targetHints":{"allow":["GET"]}}],"collection":[{"href":"https:\/\/www.compagniadisanpaolo.it\/it\/wp-json\/wp\/v2\/posts"}],"about":[{"href":"https:\/\/www.compagniadisanpaolo.it\/it\/wp-json\/wp\/v2\/types\/post"}],"author":[{"embeddable":true,"href":"https:\/\/www.compagniadisanpaolo.it\/it\/wp-json\/wp\/v2\/users\/19"}],"replies":[{"embeddable":true,"href":"https:\/\/www.compagniadisanpaolo.it\/it\/wp-json\/wp\/v2\/comments?post=11785"}],"version-history":[{"count":5,"href":"https:\/\/www.compagniadisanpaolo.it\/it\/wp-json\/wp\/v2\/posts\/11785\/revisions"}],"predecessor-version":[{"id":13087,"href":"https:\/\/www.compagniadisanpaolo.it\/it\/wp-json\/wp\/v2\/posts\/11785\/revisions\/13087"}],"wp:featuredmedia":[{"embeddable":true,"href":"https:\/\/www.compagniadisanpaolo.it\/it\/wp-json\/wp\/v2\/media\/11786"}],"wp:attachment":[{"href":"https:\/\/www.compagniadisanpaolo.it\/it\/wp-json\/wp\/v2\/media?parent=11785"}],"wp:term":[{"taxonomy":"category","embeddable":true,"href":"https:\/\/www.compagniadisanpaolo.it\/it\/wp-json\/wp\/v2\/categories?post=11785"},{"taxonomy":"post_tag","embeddable":true,"href":"https:\/\/www.compagniadisanpaolo.it\/it\/wp-json\/wp\/v2\/tags?post=11785"}],"curies":[{"name":"wp","href":"https:\/\/api.w.org\/{rel}","templated":true}]}}